{"id":14395,"date":"2018-02-01T15:15:56","date_gmt":"2018-02-01T15:15:56","guid":{"rendered":"https:\/\/moir.org.co\/web\/?p=14395"},"modified":"2018-02-01T15:15:56","modified_gmt":"2018-02-01T15:15:56","slug":"el-olvido-del-corazon-de-colombia","status":"publish","type":"post","link":"https:\/\/moir.com.co\/web\/el-olvido-del-corazon-de-colombia\/","title":{"rendered":"El olvido del coraz\u00f3n de Colombia"},"content":{"rendered":"<p><strong>Dar\u00edo Arenas Villegas, Manizales, febrero 1 de 2018<\/strong><\/p>\n<p>La Dorada, Caldas, alcanz\u00f3 a tener un importante desarrollo econ\u00f3mico, social y cultural, que hoy palidece gracias a la corrupci\u00f3n y a la instauraci\u00f3n del proyecto de naci\u00f3n que se arraig\u00f3 en Colombia desde hace tres d\u00e9cadas.<\/p>\n<p>La localizaci\u00f3n estrat\u00e9gica del puerto, en medio de seis departamentos, las ventajas de estar ubicada junto al r\u00edo Magdalena, los efectos de haber contado con una importante red ferroviaria de carga y pasajeros, y el desarrollo de la ganader\u00eda, la agricultura, la pesca y la industria hicieron que La Dorada obtuviera un dinamismo ejemplar hasta la d\u00e9cada de los 80 del siglo pasado.<\/p>\n<p>Este panorama cambi\u00f3 radicalmente a partir del establecimiento de la apertura econ\u00f3mica, que impulsa el crecimiento de escasos pero poderosos sectores, concentra la producci\u00f3n y la riqueza en pocas manos al tiempo que destruye gran parte del aparato productivo nacional. A la par de la entrada en vigor del nuevo paquete econ\u00f3mico y social, se anunciaron decisiones err\u00e1ticas que han dejado un oscuro legado en el puerto. Se marchit\u00f3 la navegabilidad del R\u00edo Magdalena, que pasa por 11 departamentos y en cuya cuenca se produce el 85% del PIB nacional, y donde hoy se encalla hasta una canoa. La p\u00e9rdida progresiva del Magdalena se gest\u00f3 para darle paso al ingreso del parque automotor estadounidense, que se encontraba embodegado en un 50% a inicios de los a\u00f1os 90. Existi\u00f3 adem\u00e1s un desmonte progresivo de la red ferroviaria nacional y con ella del Ferrocarril de La Dorada, que conectaba pasajeros y mercanc\u00edas con el resto del pa\u00eds a trav\u00e9s de 7 estaciones. Hoy apenas el 25% del transporte de carga se realiza por ferrocarril y el 99% est\u00e1 destinado a la gran miner\u00eda transnacional.<\/p>\n<p>Esta ruptura del desarrollo integral de la regi\u00f3n ha dejado graves secuelas en la industria, la ganader\u00eda, la agricultura y la pesca de La Dorada y se ha acompasado con mega-desastres, esc\u00e1ndalos y actos de corrupci\u00f3n en los \u00faltimos a\u00f1os. Acaban de entregar la Escuela Juan Pablo II, que necesit\u00f3 m\u00e1s de 12 a\u00f1os en construcci\u00f3n, sin embargo, la culminaci\u00f3n de sus obras parece distante y los sobrecostos saltan a la luz. La obra que se proyect\u00f3 en unos $5.500 millones hace m\u00e1s de una d\u00e9cada, hoy ronda los $11.000 millones lo que implica sobrecostos por m\u00e1s de $5.000 millones, que deber\u00e1n ser investigados a fondo. Lo peor es que la obra no est\u00e1 terminada y est\u00e1 ubicada en un sitio indebido, ya que seg\u00fan un informe de la Personer\u00eda de La Dorada, la escuela se construy\u00f3 en un humedal, falta realizarle aislamiento adecuado de un bloque, encerrar una laguna y adecuar las \u00e1reas cr\u00edticas del muro de cerramiento, con el prop\u00f3sito de que exista un ambiente seguro para ni\u00f1os y j\u00f3venes.<\/p>\n<p>Por otro lado, el Hospital San F\u00e9lix padece no solo las deudas de las EPS, que le deben cerca de $20.000 millones, siendo las liquidadas Saludcoop,\u00a0Cafesalud y Caprecom las mayores morosas, sino que adem\u00e1s debe aguantar el embate del actual alcalde por apropiarse de los centros de salud del municipio. Esta situaci\u00f3n llev\u00f3 a que el gerente del Hospital, Luis Eduardo C\u00e9spedes, le remitiera una carta a la Defensora del Pueblo solicit\u00e1ndole una intervenci\u00f3n inmediata debido a estos hechos arbitrarios, que seg\u00fan el funcionario \u201cafectar\u00edan gravemente la misi\u00f3n m\u00e9dica y el derecho fundamental a la Salud de los habitantes de La Dorada\u201d.<\/p>\n<p>Desastres como el muro de contenci\u00f3n del Malec\u00f3n, que se derrumb\u00f3 antes de su inauguraci\u00f3n; la imposici\u00f3n de miles de comparendos a trav\u00e9s de fotomultas, cuyos recursos van en su mayor\u00eda a una entidad privada a costa de los bolsillos de los doradenses; la crisis de la ganader\u00eda por las importaciones y por la aftosa; y la falta de atenci\u00f3n a las p\u00e9simas v\u00edas que conectan a La Dorada con el resto del oriente caldense y Antioquia, son muestras de que el glorioso pasado de La Dorada es hoy un espejismo.<\/p>\n<p>La ciudadan\u00eda debe seguir luchando para cambiar esta realidad y para comprender que no debe confiar en las promesas de nuevas v\u00edas, transporte multimodal y progreso, si provienen de los mismos que les arrebataron eso y mucho m\u00e1s, y que curiosamente solo se acuerdan de estos problemas en \u00e9poca de elecciones.<\/p>\n","protected":false},"excerpt":{"rendered":"<p>Dar\u00edo Arenas Villegas, Manizales, febrero 1 de 2018 La Dorada, Caldas, alcanz\u00f3 a tener un importante desarrollo econ\u00f3mico, social y cultural, que hoy palidece gracias a la corrupci\u00f3n y a la instauraci\u00f3n del proyecto de naci\u00f3n que se arraig\u00f3 en Colombia desde hace tres d\u00e9cadas. La localizaci\u00f3n estrat\u00e9gica del puerto, en medio de seis departamentos, [&hellip;]<\/p>\n","protected":false},"author":1,"featured_media":14396,"comment_status":"open","ping_status":"open","sticky":false,"template":"","format":"standard","meta":{"advanced_seo_description":"","jetpack_seo_html_title":"","jetpack_seo_noindex":false,"_jetpack_memberships_contains_paid_content":false,"footnotes":""},"categories":[114,102,97,98,111],"tags":[],"class_list":["post-14395","post","type-post","status-publish","format-standard","has-post-thumbnail","hentry","category-agro","category-economia","category-imperialismo-y-neoliberalismo","category-politica","category-vivienda-y-desarrollo-urbano"],"jetpack_featured_media_url":"https:\/\/i0.wp.com\/moir.com.co\/web\/wp-content\/uploads\/2018\/02\/ladorada.jpeg?fit=295%2C171&ssl=1","jetpack-related-posts":[{"id":7338,"url":"https:\/\/moir.com.co\/web\/no-son-criminales\/","url_meta":{"origin":14395,"position":0},"title":"\u00a1No son criminales!","author":"admin","date":"marzo 4, 2013","format":false,"excerpt":"En Colombia el a\u00f1o comenz\u00f3 bastante movido, debido a la amplia inconformidad de los diferentes sectores de la poblaci\u00f3n, que v\u00edctimas de diversas decisiones pol\u00edticas tomadas por el Gobierno Nacional \u2013caracterizados neoliberales desde la \u00faltima d\u00e9cada del siglo pasado- han tenido repercusiones econ\u00f3micas que afectan en grado sumo sus intereses\u2026","rel":"","context":"En \u00abTemas\u00bb","block_context":{"text":"Temas","link":"https:\/\/moir.com.co\/web\/category\/temas\/"},"img":{"alt_text":"","src":"","width":0,"height":0},"classes":[]},{"id":474,"url":"https:\/\/moir.com.co\/web\/comite-intersindical-dorada-puerto-salgar-respalda-el-frente-patriotico-en-defensa-de-ecopetrol\/","url_meta":{"origin":14395,"position":1},"title":"COMIT\u00c9 INTERSINDICAL DORADA -PUERTO SALGAR RESPALDA EL FRENTE PATRI\u00d3TICO EN DEFENSA DE ECOPETROL","author":"admin","date":"agosto 9, 2004","format":false,"excerpt":"Norman Alarc\u00f3n Rodas, Actualidad Econ\u00f3mica, La Dorada, febrero 10 de 2003 Hace m\u00e1s de cincuenta a\u00f1os que los trabajadores petroleros, dando un ejemplo de abnegaci\u00f3n y consecuencia en defensa de la soberan\u00eda, el trabajo y la producci\u00f3n nacional de hidrocarburos, conquistaron para toda la Naci\u00f3n la creaci\u00f3n de la Empresa\u2026","rel":"","context":"En \u00abPronunciamientos de Organizaciones Sociales\u00bb","block_context":{"text":"Pronunciamientos de Organizaciones Sociales","link":"https:\/\/moir.com.co\/web\/category\/pronunciamientos-de-organizaciones-sociales\/"},"img":{"alt_text":"","src":"","width":0,"height":0},"classes":[]},{"id":6439,"url":"https:\/\/moir.com.co\/web\/libre-comercio-con-estados-unidos-y-la-agenda-interna-de-papel\/","url_meta":{"origin":14395,"position":2},"title":"Libre comercio con Estados Unidos y la agenda interna de papel","author":"admin","date":"abril 10, 2012","format":false,"excerpt":"El gobierno colombiano est\u00e1 empe\u00f1ado en que se implemente r\u00e1pidamente el Tratado de Libre Comercio con Estados Unidos. No hay que ser cient\u00edfico de la NASA para concluir que lo \u00fanico que Colombia podr\u00e1 venderle a ese pa\u00eds es lo mismo que siempre hemos exportado: petr\u00f3leo, carb\u00f3n, flores, caf\u00e9 y\u2026","rel":"","context":"En \u00ab\u00a1No a los TLC y al ALCA!\u00bb","block_context":{"text":"\u00a1No a los TLC y al ALCA!","link":"https:\/\/moir.com.co\/web\/category\/temas\/no-a-los-tlc-y-al-alca\/"},"img":{"alt_text":"","src":"","width":0,"height":0},"classes":[]},{"id":189,"url":"https:\/\/moir.com.co\/web\/miseria-a-debe\/","url_meta":{"origin":14395,"position":3},"title":"&#8220;MISERIA A DEBE&#8221;","author":"admin","date":"agosto 7, 2004","format":false,"excerpt":"Jos\u00e9 Fernando Ocampo T., abril 17 de 2002 El famoso libro de Pati\u00f1o Rosseli sobre la historia del primer endeudamiento externo de Colombia en los a\u00f1os veinte denomin\u00f3 esa etapa como la de \u201cprosperidad a debe\u201d; la historia de hoy se puede caracterizar como la de la \u201cmiseria a debe\u201d.\u2026","rel":"","context":"En \u00abJos\u00e9 Fernando Ocampo\u00bb","block_context":{"text":"Jos\u00e9 Fernando Ocampo","link":"https:\/\/moir.com.co\/web\/category\/bitacoras\/jose-fernando-ocampo\/"},"img":{"alt_text":"","src":"","width":0,"height":0},"classes":[]},{"id":1044,"url":"https:\/\/moir.com.co\/web\/carta-al-ministro-de-transporte-sobre-el-paro-civico-en-el-magdalena-medio\/","url_meta":{"origin":14395,"position":4},"title":"CARTA AL MINISTRO DE TRANSPORTE SOBRE EL PARO C\u00cdVICO EN EL MAGDALENA MEDIO","author":"admin","date":"octubre 15, 2004","format":false,"excerpt":"Puerto Boyac\u00e1, 15 de octubre de 2004 Doctor ANDRES URIEL GALLEGO HENAO Ministro de Transporte Bogot\u00e1. D.C Se\u00f1or Ministro La comunidad del Magdalena Medio Central: Concejales, Gremios, Transportadores, Ganaderos, Empresas de Transporte de Servicio P\u00fablico y Ciudadan\u00eda en General, habitantes de los Municipios de la Dorada, Puerto Salgar, Puerto Triunfo,\u2026","rel":"","context":"En \u00abPronunciamientos de Organizaciones Sociales\u00bb","block_context":{"text":"Pronunciamientos de Organizaciones Sociales","link":"https:\/\/moir.com.co\/web\/category\/pronunciamientos-de-organizaciones-sociales\/"},"img":{"alt_text":"","src":"","width":0,"height":0},"classes":[]},{"id":3883,"url":"https:\/\/moir.com.co\/web\/el-falso-ano-dorado-para-los-cafeteros-acostumbrado-remiendo-a-la-colcha-de-retazos-para-caficultores\/","url_meta":{"origin":14395,"position":5},"title":"El falso \u201ca\u00f1o dorado para los cafeteros\u201d: acostumbrado remiendo a la colcha de retazos para caficultores.","author":"admin","date":"diciembre 26, 2009","format":false,"excerpt":"En momentos en que el pa\u00eds se encuentra sumergido en uno de los periodos m\u00e1s cr\u00edticos en materia cafetera en las \u00faltimas tres d\u00e9cadas; los colombianos recordan que cuando Gabriel Silva, hoy ministro de Defensa, era gerente de FEDERACAF\u00c9, dijo que el 2009 ser\u00eda \u201cel a\u00f1o dorado para los cafeteros\u201d.\u2026","rel":"","context":"En \u00abTemas\u00bb","block_context":{"text":"Temas","link":"https:\/\/moir.com.co\/web\/category\/temas\/"},"img":{"alt_text":"","src":"","width":0,"height":0},"classes":[]}],"jetpack_sharing_enabled":true,"_links":{"self":[{"href":"https:\/\/moir.com.co\/web\/wp-json\/wp\/v2\/posts\/14395","targetHints":{"allow":["GET"]}}],"collection":[{"href":"https:\/\/moir.com.co\/web\/wp-json\/wp\/v2\/posts"}],"about":[{"href":"https:\/\/moir.com.co\/web\/wp-json\/wp\/v2\/types\/post"}],"author":[{"embeddable":true,"href":"https:\/\/moir.com.co\/web\/wp-json\/wp\/v2\/users\/1"}],"replies":[{"embeddable":true,"href":"https:\/\/moir.com.co\/web\/wp-json\/wp\/v2\/comments?post=14395"}],"version-history":[{"count":1,"href":"https:\/\/moir.com.co\/web\/wp-json\/wp\/v2\/posts\/14395\/revisions"}],"predecessor-version":[{"id":14397,"href":"https:\/\/moir.com.co\/web\/wp-json\/wp\/v2\/posts\/14395\/revisions\/14397"}],"wp:featuredmedia":[{"embeddable":true,"href":"https:\/\/moir.com.co\/web\/wp-json\/wp\/v2\/media\/14396"}],"wp:attachment":[{"href":"https:\/\/moir.com.co\/web\/wp-json\/wp\/v2\/media?parent=14395"}],"wp:term":[{"taxonomy":"category","embeddable":true,"href":"https:\/\/moir.com.co\/web\/wp-json\/wp\/v2\/categories?post=14395"},{"taxonomy":"post_tag","embeddable":true,"href":"https:\/\/moir.com.co\/web\/wp-json\/wp\/v2\/tags?post=14395"}],"curies":[{"name":"wp","href":"https:\/\/api.w.org\/{rel}","templated":true}]}}