{"id":14390,"date":"2018-02-01T14:55:47","date_gmt":"2018-02-01T14:55:47","guid":{"rendered":"https:\/\/moir.org.co\/web\/?p=14390"},"modified":"2018-02-01T14:56:42","modified_gmt":"2018-02-01T14:56:42","slug":"prohibir-parrilleros-de-motos-no-es-la-solucion","status":"publish","type":"post","link":"https:\/\/moir.com.co\/web\/prohibir-parrilleros-de-motos-no-es-la-solucion\/","title":{"rendered":"Prohibir parrilleros de motos no es la soluci\u00f3n"},"content":{"rendered":"<p><strong>Amaury N\u00fa\u00f1ez Gonz\u00e1lez, Medell\u00edn, enero 31 de 2018<\/strong><\/p>\n<p>El alcalde de Bogot\u00e1, Enrique Pe\u00f1alosa, prohibi\u00f3 los parrilleros hombres mayores de 14 a\u00f1os en las motos de su ciudad. La decisi\u00f3n trajo como era natural, un gran descontento. La indignaci\u00f3n representada de 400 mil motociclistas produjo dram\u00e1ticas im\u00e1genes de polic\u00edas llev\u00e1ndose las motos, al tiempo que medios de trabajo, de decenas de ellos.<\/p>\n<p>La prohibici\u00f3n rige para las motos de 125 cent\u00edmetros c\u00fabicos de cilindraje o superiores, y su incumplimiento traer\u00e1 multas de 390 mil pesos, adem\u00e1s de la inmovilizaci\u00f3n del veh\u00edculo. En Medell\u00edn hace unos a\u00f1os se produjo una medida similar, y sus resultados ilustran la inconveniencia y arbitrariedad con que se obra en el caso bogotano.<\/p>\n<p>La medida rigi\u00f3 desde el 30 de noviembre de 2012 hasta el 10 de agosto de 2015. Seg\u00fan sus defensores, con el fin de atacar el robo y el sicariato, que en una cuarta parte eran cometidos en estos veh\u00edculos. El Alcalde de Bogot\u00e1 dice perseguir los mismos objetivos.<\/p>\n<p>Tras esos a\u00f1os de aplicaci\u00f3n el decreto 1807, que implement\u00f3 la medida en Medell\u00edn, fue demandado. Se consider\u00f3 inconstitucional, adem\u00e1s de no afectar directamente a los delincuentes, pero s\u00ed a los ciudadanos. Y en segunda instancia el Tribunal Administrativo de Antioquia declar\u00f3 su nulidad.<\/p>\n<p>\u201cEl derecho del gran n\u00famero de personas que se desplazan como acompa\u00f1ante en una motocicleta y que lo hacen sin el \u00e1nimo de cometer alg\u00fan il\u00edcito no puede verse afectado por el hecho de que algunas personas utilicen este medio para fines delictivos\u201d, se\u00f1al\u00f3 el Tribunal.<\/p>\n<p>La medida tampoco redujo la criminalidad, ni atac\u00f3 las causas, ni descongestion\u00f3 las calles. No sirvi\u00f3, todo lo contrario. Los atracos callejeros en el espacio p\u00fablico de Medell\u00edn aumentaron. Seg\u00fan cifras de la Sijin y el CTI de la Fiscal\u00eda, en 2011 hab\u00eda 80 atracos por cada 100 mil habitantes. Para 2014 la cifra aument\u00f3 a 316,2 atracos por cada 100 mil habitantes.<\/p>\n<p>Defender esta medida cuando solo el 1 por ciento de los delitos son cometidos en motos, sin importar que afecte tambi\u00e9n al 99 por ciento de sus usuarios, no solo es antit\u00e9cnico, es antidemocr\u00e1tico.<\/p>\n<p>Su insignificante impacto se explica en que los delincuentes cambian el modo de operar. Por eso es m\u00e1s importante atacar de fondo a las estructuras criminales que atacar 400 mil usuarios de este tipo de veh\u00edculos en la capital. Otro t\u00edpico caso donde un administrador vende el sof\u00e1. Como\u00a0<em>Stop Jobs<\/em>\u00a0apodaron a Pe\u00f1alosa algunos twitteros.<\/p>\n","protected":false},"excerpt":{"rendered":"<p>Amaury N\u00fa\u00f1ez Gonz\u00e1lez, Medell\u00edn, enero 31 de 2018 El alcalde de Bogot\u00e1, Enrique Pe\u00f1alosa, prohibi\u00f3 los parrilleros hombres mayores de 14 a\u00f1os en las motos de su ciudad. La decisi\u00f3n trajo como era natural, un gran descontento. La indignaci\u00f3n representada de 400 mil motociclistas produjo dram\u00e1ticas im\u00e1genes de polic\u00edas llev\u00e1ndose las motos, al tiempo que [&hellip;]<\/p>\n","protected":false},"author":1,"featured_media":14391,"comment_status":"open","ping_status":"open","sticky":false,"template":"","format":"standard","meta":{"advanced_seo_description":"","jetpack_seo_html_title":"","jetpack_seo_noindex":false,"_jetpack_memberships_contains_paid_content":false,"footnotes":""},"categories":[101,102,97,98,110],"tags":[],"class_list":["post-14390","post","type-post","status-publish","format-standard","has-post-thumbnail","hentry","category-bogota","category-economia","category-imperialismo-y-neoliberalismo","category-politica","category-vias-y-transporte"],"jetpack_featured_media_url":"https:\/\/i0.wp.com\/moir.com.co\/web\/wp-content\/uploads\/2018\/02\/motociclistasprotestabogota2018.jpg?fit=1024%2C600&ssl=1","jetpack-related-posts":[{"id":14336,"url":"https:\/\/moir.com.co\/web\/millones-de-bogotanos-afectados-por-mala-decision-de-penalosa-de-prohibir-parrillero-hombre-en-las-motos-robledo\/","url_meta":{"origin":14390,"position":0},"title":"Millones de bogotanos afectados por mala decisi\u00f3n de Pe\u00f1alosa de prohibir parrillero hombre en las motos: Robledo","author":"admin","date":"enero 25, 2018","format":false,"excerpt":"Oficina de prensa del senador Jorge Enrique Robledo, Bogot\u00e1, enero 25 de 2018 La medida es discriminatoria y no resuelve el problema de la inseguridad El senador Jorge Enrique Robledo rechaz\u00f3 la medida del alcalde de Bogot\u00e1 Enrique Pe\u00f1alosa de prohibir los parrilleros hombres en las motos con el supuesto\u2026","rel":"","context":"En \u00abBogot\u00e1\u00bb","block_context":{"text":"Bogot\u00e1","link":"https:\/\/moir.com.co\/web\/category\/temas\/bogota\/"},"img":{"alt_text":"","src":"https:\/\/i0.wp.com\/moir.com.co\/web\/wp-content\/uploads\/2018\/01\/motocicletasbogota.jpeg?fit=768%2C384&ssl=1&resize=350%2C200","width":350,"height":200,"srcset":"https:\/\/i0.wp.com\/moir.com.co\/web\/wp-content\/uploads\/2018\/01\/motocicletasbogota.jpeg?fit=768%2C384&ssl=1&resize=350%2C200 1x, https:\/\/i0.wp.com\/moir.com.co\/web\/wp-content\/uploads\/2018\/01\/motocicletasbogota.jpeg?fit=768%2C384&ssl=1&resize=525%2C300 1.5x, https:\/\/i0.wp.com\/moir.com.co\/web\/wp-content\/uploads\/2018\/01\/motocicletasbogota.jpeg?fit=768%2C384&ssl=1&resize=700%2C400 2x"},"classes":[]},{"id":15484,"url":"https:\/\/moir.com.co\/web\/video-prohibicion-del-parrillero-en-moto-fracaso-en-bogota-concejal-manuel-sarmiento\/","url_meta":{"origin":14390,"position":1},"title":"Video: Prohibici\u00f3n del parrillero en moto fracas\u00f3 en Bogot\u00e1: concejal Manuel Sarmiento","author":"admin","date":"julio 22, 2018","format":"video","excerpt":"Bogot\u00e1, julio 21 de 2018","rel":"","context":"En \u00abBogot\u00e1\u00bb","block_context":{"text":"Bogot\u00e1","link":"https:\/\/moir.com.co\/web\/category\/temas\/bogota\/"},"img":{"alt_text":"","src":"","width":0,"height":0},"classes":[]},{"id":14339,"url":"https:\/\/moir.com.co\/web\/prohibicion-del-parrillero-perjudica-a-miles-de-bogotanos-no-mejora-la-seguridad-y-es-ilegal-concejal-manuel-sarmiento\/","url_meta":{"origin":14390,"position":2},"title":"Prohibici\u00f3n del parrillero perjudica a miles de bogotanos, no mejora la seguridad y es ilegal: concejal Manuel Sarmiento","author":"admin","date":"enero 25, 2018","format":false,"excerpt":"Oficina de prensa del concejal Manuel Sarmiento, Bogot\u00e1, enero 25 de 2018 \u00a0 El concejal Manuel Sarmiento rechaz\u00f3 la medida anunciada por el alcalde Pe\u00f1alosa que prohibe el parrillero hombre en todo Bogot\u00e1. \u201cEsta prohibici\u00f3n no sirve para resolver el grave problema de inseguridad en la ciudad y s\u00ed lesiona\u2026","rel":"","context":"En \u00abBogot\u00e1\u00bb","block_context":{"text":"Bogot\u00e1","link":"https:\/\/moir.com.co\/web\/category\/temas\/bogota\/"},"img":{"alt_text":"","src":"https:\/\/i0.wp.com\/moir.com.co\/web\/wp-content\/uploads\/2018\/01\/motocicletasbogota2.jpg?fit=640%2C425&ssl=1&resize=350%2C200","width":350,"height":200,"srcset":"https:\/\/i0.wp.com\/moir.com.co\/web\/wp-content\/uploads\/2018\/01\/motocicletasbogota2.jpg?fit=640%2C425&ssl=1&resize=350%2C200 1x, https:\/\/i0.wp.com\/moir.com.co\/web\/wp-content\/uploads\/2018\/01\/motocicletasbogota2.jpg?fit=640%2C425&ssl=1&resize=525%2C300 1.5x"},"classes":[]},{"id":15433,"url":"https:\/\/moir.com.co\/web\/prohibicion-del-parrillero-fracaso-como-estrategia-para-reducir-la-inseguridad-en-bogota\/","url_meta":{"origin":14390,"position":3},"title":"Prohibici\u00f3n del parrillero fracas\u00f3 como estrategia para reducir la inseguridad en Bogot\u00e1","author":"admin","date":"julio 13, 2018","format":false,"excerpt":"Oficina de prensa del concejal Manuel Sarmiento, Bogot\u00e1, julio 12 de 2018 Con fundamento en cifras publicadas por la DIJIN \u2013 Polic\u00eda Nacional, el concejal Manuel Sarmiento calific\u00f3 como un fracaso la medida impuesta por el alcalde Pe\u00f1alosa para prohibir el pasajero en moto en un pol\u00edgono que afecta amplias\u2026","rel":"","context":"En \u00abBogot\u00e1\u00bb","block_context":{"text":"Bogot\u00e1","link":"https:\/\/moir.com.co\/web\/category\/temas\/bogota\/"},"img":{"alt_text":"","src":"https:\/\/i0.wp.com\/moir.com.co\/web\/wp-content\/uploads\/2018\/07\/parrileroprohibicion.jpg?fit=824%2C330&ssl=1&resize=350%2C200","width":350,"height":200,"srcset":"https:\/\/i0.wp.com\/moir.com.co\/web\/wp-content\/uploads\/2018\/07\/parrileroprohibicion.jpg?fit=824%2C330&ssl=1&resize=350%2C200 1x, https:\/\/i0.wp.com\/moir.com.co\/web\/wp-content\/uploads\/2018\/07\/parrileroprohibicion.jpg?fit=824%2C330&ssl=1&resize=525%2C300 1.5x, https:\/\/i0.wp.com\/moir.com.co\/web\/wp-content\/uploads\/2018\/07\/parrileroprohibicion.jpg?fit=824%2C330&ssl=1&resize=700%2C400 2x"},"classes":[]},{"id":11534,"url":"https:\/\/moir.com.co\/web\/la-tragedia-de-tener-moto\/","url_meta":{"origin":14390,"position":4},"title":"La tragedia de tener moto","author":"admin","date":"enero 20, 2017","format":false,"excerpt":"Libardo G\u00f3mez S\u00e1nchez, Neiva, enero 19 de 2017 El kit de arrastre debi\u00f3 reemplazarse por presentar fallas, pocos d\u00edas atr\u00e1s le hab\u00eda hecho el cambio de aceite y nueva bater\u00eda pues la que tra\u00eda se averi\u00f3, el veh\u00edculo ahora sometido a un intenso traj\u00edn reclamaba con mayor frecuencia reparaciones y\u2026","rel":"","context":"En \u00abImperialismo y Neoliberalismo\u00bb","block_context":{"text":"Imperialismo y Neoliberalismo","link":"https:\/\/moir.com.co\/web\/category\/temas\/imperialismo-y-neoliberalismo\/"},"img":{"alt_text":"","src":"","width":0,"height":0},"classes":[]},{"id":14295,"url":"https:\/\/moir.com.co\/web\/video-prohibir-el-parrillero-es-una-medida-efectista-pero-que-no-tiene-sustento-tecnico-manuel-sarmiento\/","url_meta":{"origin":14390,"position":5},"title":"Video: Prohibir el parrillero es una medida efectista pero que no tiene sustento t\u00e9cnico: Manuel Sarmiento","author":"admin","date":"enero 22, 2018","format":"video","excerpt":"Bogot\u00e1, enero 20 de 2018","rel":"","context":"En \u00abBogot\u00e1\u00bb","block_context":{"text":"Bogot\u00e1","link":"https:\/\/moir.com.co\/web\/category\/temas\/bogota\/"},"img":{"alt_text":"","src":"","width":0,"height":0},"classes":[]}],"jetpack_sharing_enabled":true,"_links":{"self":[{"href":"https:\/\/moir.com.co\/web\/wp-json\/wp\/v2\/posts\/14390","targetHints":{"allow":["GET"]}}],"collection":[{"href":"https:\/\/moir.com.co\/web\/wp-json\/wp\/v2\/posts"}],"about":[{"href":"https:\/\/moir.com.co\/web\/wp-json\/wp\/v2\/types\/post"}],"author":[{"embeddable":true,"href":"https:\/\/moir.com.co\/web\/wp-json\/wp\/v2\/users\/1"}],"replies":[{"embeddable":true,"href":"https:\/\/moir.com.co\/web\/wp-json\/wp\/v2\/comments?post=14390"}],"version-history":[{"count":2,"href":"https:\/\/moir.com.co\/web\/wp-json\/wp\/v2\/posts\/14390\/revisions"}],"predecessor-version":[{"id":14394,"href":"https:\/\/moir.com.co\/web\/wp-json\/wp\/v2\/posts\/14390\/revisions\/14394"}],"wp:featuredmedia":[{"embeddable":true,"href":"https:\/\/moir.com.co\/web\/wp-json\/wp\/v2\/media\/14391"}],"wp:attachment":[{"href":"https:\/\/moir.com.co\/web\/wp-json\/wp\/v2\/media?parent=14390"}],"wp:term":[{"taxonomy":"category","embeddable":true,"href":"https:\/\/moir.com.co\/web\/wp-json\/wp\/v2\/categories?post=14390"},{"taxonomy":"post_tag","embeddable":true,"href":"https:\/\/moir.com.co\/web\/wp-json\/wp\/v2\/tags?post=14390"}],"curies":[{"name":"wp","href":"https:\/\/api.w.org\/{rel}","templated":true}]}}