{"id":14384,"date":"2018-01-31T22:16:18","date_gmt":"2018-01-31T22:16:18","guid":{"rendered":"https:\/\/moir.org.co\/web\/?p=14384"},"modified":"2018-01-31T22:16:18","modified_gmt":"2018-01-31T22:16:18","slug":"estudio-de-la-fdn-sobre-electricaribe-el-mundo-al-reves","status":"publish","type":"post","link":"https:\/\/moir.com.co\/web\/estudio-de-la-fdn-sobre-electricaribe-el-mundo-al-reves\/","title":{"rendered":"Estudio de la FDN sobre Electricaribe: El mundo al rev\u00e9s"},"content":{"rendered":"<p><strong>Norman Alarc\u00f3n Rodas, Barranquilla, enero 31 de 2018<\/strong><\/p>\n<p>Seg\u00fan un informe de la Superservicios, la Costa Atl\u00e1ntica, con m\u00e1s de diez millones de habitantes, consume el 25% de la energ\u00eda generada en Colombia y representa el 15% del PIB nacional. En noviembre de 2016, el d\u00e9ficit de caja de Electricaribe lleg\u00f3 a medio bill\u00f3n de pesos, el pasivo externo a $2.4 billones, y el pasivo pensional sin fondear, a $1.2 billones. Agrega la S\u00faper que las interrupciones del servicio en 2016 fueron de 96 horas, cuando el promedio nacional fue de 38 horas y el de Am\u00e9rica Latina, 25 horas. El promedio de Estados Unidos y la Uni\u00f3n Europea se mide en minutos. Ah\u00ed se aprecia la falta de competitividad de la econom\u00eda de la regi\u00f3n en un rengl\u00f3n tan clave para el sector productivo y para la calidad de vida de la ciudadan\u00eda. Frente al colapso de Electricaribe, el gobierno decidi\u00f3 intervenirla aplicando el art\u00edculo 59 de la Ley 142 de 1994, id\u00e9ntico a lo dispuesto por el art\u00edculo 128 de la Constituci\u00f3n espa\u00f1ola y similar a la de varios pa\u00edses miembros de la OCDE.<\/p>\n<p>Gas Natural Fenosa, propietaria mayoritaria de Electricaribe desde diciembre del a\u00f1o 2000, nunca hizo las inversiones requeridas para mejorar la infraestructura obsoleta, con veinte a\u00f1os de atraso tecnol\u00f3gico, seg\u00fan los expertos en la materia. Todo lo contrario. La empeor\u00f3, ya que para hacer ping\u00fces negocios en el extranjero a costa de Colombia, desmantel\u00f3 miles de kil\u00f3metros de redes de cobre, uno de los mejores transmisores de energ\u00eda, y las reemplaz\u00f3 por aluminio de mala calidad. La trasnacional espa\u00f1ola est\u00e1 acusada adem\u00e1s por la Contralor\u00eda General de la Rep\u00fablica (CGR) de inmensos desfalcos en detrimento del patrimonio p\u00fablico y de los usuarios. En cuanto al subsidio especial del FOES, la CGR tiene documentados hallazgos por m\u00e1s de $216.000 millones entre los a\u00f1os 2011 y 2017, faltando por investigar el periodo de 2004 al 2010, por lo que el faltante no entregado a las 400.000 familias de las \u00e1reas especiales podr\u00eda sobrepasar los $300.000 millones. Ahora bien, la CGR tambi\u00e9n encontr\u00f3 desfalcos en los programas de normalizaci\u00f3n de redes (Prone) por $65.733 millones y en la electrificaci\u00f3n rural.<\/p>\n<p><strong>La FDN del Banco Mundial impone aumentos tarifarios<\/strong><\/p>\n<p>El gobierno nacional, que sigue controlando la empresa luego de intervenirla con fines de liquidaci\u00f3n desde noviembre de 2016, contrat\u00f3 a la Financiera de Desarrollo Nacional (FDN), controlada por el Banco Mundial y el Banco Sumitomo de Jap\u00f3n, para hacer un estudio sobre Electricaribe y estructurar una salida. La FDN se asesor\u00f3 de la trasnacional MBA Lazard, acusada de turbios manejos en Europa, y del bufete Brigard-Urrutia, denunciada por favorecer intereses de \u00e9lites colombianas en compra de tierras en la Orinoquia. Como nadie conoce esos estudios entregados a Superservicios en el mes de noviembre pasado, el diario El Tiempo filtr\u00f3 la semana pasada apartes de los mismos. \u00bfCu\u00e1l es la gran salida que proponen despu\u00e9s de gastar tanta materia gris? Aumentar las tarifas. Textualmente: para poder enderezar la empresa quebrada, hay que \u201cgenerar un escenario viable, con ajustes en tarifas que reconozcan el nivel de inversiones proyectadas, la situaci\u00f3n actual y aportes del gobierno\u201d. El mundo al rev\u00e9s. El capital financiero internacional pretende descargar la crisis en quienes no tienen nada que ver con ella, los paganinis de siempre, sin tocar ni con el p\u00e9talo de una rosa a los tiburones de Gas Natural Fenosa, responsables, junto con el gobierno, de una debacle que cada vez se agrava m\u00e1s.<\/p>\n<p><strong>Una salida integral a la crisis estructural <\/strong><\/p>\n<p>Diversos sectores sociales vienen planteando la necesidad de que se apliquen cuantiosas inversiones para mejorar la infraestructura y equipos, que podr\u00edan provenir de la Naci\u00f3n y de los entes territoriales, bajo la condici\u00f3n de que sean capitalizadas acciones a su favor y no se conviertan en un fondo perdido, y que se proyecte una empresa mixta en el marco de la Regi\u00f3n Administrativa y de Planificaci\u00f3n (RAP) del Caribe. Una de las fuentes importantes de recursos es el Fondo Nacional de Regal\u00edas Mineras, as\u00ed sea necesaria una reforma de la respectiva ley, ya que en 2017, la Costa movi\u00f3 $7.2 billones de dichas regal\u00edas.<\/p>\n<p><strong>Deudas de estratos vulnerables deben ser condonadas<\/strong><\/p>\n<p>Hace dos a\u00f1os, en una cumbre energ\u00e9tica de la Costa celebrada en Barranquilla, el presidente Juan Manuel Santos adquiri\u00f3 como un compromiso de Estado condonar la deuda de $450.000 millones que, seg\u00fan Electricaribe, le adeudan 400.000 familias de las \u00e1reas especiales. Como otras tantas veces, Santos incumpli\u00f3 y la deuda sigue sin ser depurada. Ahora que se descubrieron desfalcos por m\u00e1s de $300.000 millones de GNFenosa y que deben ser devueltos a los usuarios, seg\u00fan la CGR, la propuesta de Indignados con Electricaribe es exigir que la condonaci\u00f3n sea un hecho con cargo a los detrimentos encontrados, despu\u00e9s que dichas deudas sean auditadas debidamente.<\/p>\n","protected":false},"excerpt":{"rendered":"<p>Norman Alarc\u00f3n Rodas, Barranquilla, enero 31 de 2018 Seg\u00fan un informe de la Superservicios, la Costa Atl\u00e1ntica, con m\u00e1s de diez millones de habitantes, consume el 25% de la energ\u00eda generada en Colombia y representa el 15% del PIB nacional. En noviembre de 2016, el d\u00e9ficit de caja de Electricaribe lleg\u00f3 a medio bill\u00f3n de [&hellip;]<\/p>\n","protected":false},"author":1,"featured_media":14385,"comment_status":"open","ping_status":"open","sticky":false,"template":"","format":"standard","meta":{"advanced_seo_description":"","jetpack_seo_html_title":"","jetpack_seo_noindex":false,"_jetpack_memberships_contains_paid_content":false,"footnotes":""},"categories":[102,97,98,108],"tags":[],"class_list":["post-14384","post","type-post","status-publish","format-standard","has-post-thumbnail","hentry","category-economia","category-imperialismo-y-neoliberalismo","category-politica","category-servicios-publicos-articulos-de-actualidad"],"jetpack_featured_media_url":"https:\/\/i0.wp.com\/moir.com.co\/web\/wp-content\/uploads\/2018\/01\/fdn.jpeg?fit=229%2C135&ssl=1","jetpack-related-posts":[{"id":18853,"url":"https:\/\/moir.com.co\/web\/la-suerte-esta-echada-en-electricaribe\/","url_meta":{"origin":14384,"position":0},"title":"La suerte est\u00e1 echada en Electricaribe","author":"admin","date":"septiembre 24, 2020","format":false,"excerpt":"Liga Nacional de Usuarios de Servicios P\u00fablicos Domiciliarios\u00a0Regi\u00f3n Costa Atl\u00e1ntica,\u00a0Norman Alarc\u00f3n Rodas, Barranquilla, septiembre 22 de 2020 La suerte est\u00e1 echada es una expresi\u00f3n que se le atribuye a Julio C\u00e9sar al cruzar el Rubic\u00f3n con sus tropas, para significar que los dados hab\u00edan sido lanzados y marcaban el destino\u2026","rel":"","context":"En \u00abEconom\u00eda\u00bb","block_context":{"text":"Econom\u00eda","link":"https:\/\/moir.com.co\/web\/category\/temas\/economia\/"},"img":{"alt_text":"","src":"https:\/\/i0.wp.com\/moir.com.co\/web\/wp-content\/uploads\/2019\/07\/electricaribecarrasquilla.jpeg?fit=225%2C225&ssl=1&resize=350%2C200","width":350,"height":200},"classes":[]},{"id":17140,"url":"https:\/\/moir.com.co\/web\/regalo-de-duque-a-electricaribe-contra-los-usuarios-y-el-patrimonio-de-los-colombianos\/","url_meta":{"origin":14384,"position":1},"title":"Regalo de duque a Electricaribe: contra los usuarios y el patrimonio de los colombianos.","author":"admin","date":"marzo 28, 2019","format":false,"excerpt":"Fabio Pinto, Valledupar, marzo 25 de 2019 Un tremendo \u201cgol\u201d les ha metido a los ciudadanos de la costa atl\u00e1ntica, la aprobaci\u00f3n en primer debate del Plan Nacional de Desarrollo del gobierno de Iv\u00e1n Duque, que bien es llamado por el senador Jorge Robledo como \u201cde subdesarrollo\u201d. El gobierno, con\u2026","rel":"","context":"En \u00abEconom\u00eda\u00bb","block_context":{"text":"Econom\u00eda","link":"https:\/\/moir.com.co\/web\/category\/temas\/economia\/"},"img":{"alt_text":"","src":"","width":0,"height":0},"classes":[]},{"id":11052,"url":"https:\/\/moir.com.co\/web\/que-intervencion-de-electricaribe-no-incluya-darle-billones-a-gas-natural-fenosa-robledo-2\/","url_meta":{"origin":14384,"position":2},"title":"Que intervenci\u00f3n de Electricaribe no incluya darle billones a Gas Natural Fenosa: Robledo","author":"admin","date":"noviembre 15, 2016","format":false,"excerpt":"Oficina de prensa del senador Jorge Enrique Robledo, Bogot\u00e1, noviembre 15 de 2016 El senador Jorge Enrique Robledo se pronunci\u00f3 sobre la intervenci\u00f3n de Electricaribe por parte del gobierno nacional. Robledo, quien ya hab\u00eda solicitado la intervenci\u00f3n de la trasnacional con miras a su liquidaci\u00f3n, alert\u00f3 desde su cuenta de\u2026","rel":"","context":"En \u00abEconom\u00eda\u00bb","block_context":{"text":"Econom\u00eda","link":"https:\/\/moir.com.co\/web\/category\/temas\/economia\/"},"img":{"alt_text":"","src":"https:\/\/i0.wp.com\/moir.com.co\/web\/wp-content\/uploads\/2016\/10\/robledosenado2016.jpg?fit=600%2C400&ssl=1&resize=350%2C200","width":350,"height":200,"srcset":"https:\/\/i0.wp.com\/moir.com.co\/web\/wp-content\/uploads\/2016\/10\/robledosenado2016.jpg?fit=600%2C400&ssl=1&resize=350%2C200 1x, https:\/\/i0.wp.com\/moir.com.co\/web\/wp-content\/uploads\/2016\/10\/robledosenado2016.jpg?fit=600%2C400&ssl=1&resize=525%2C300 1.5x"},"classes":[]},{"id":17987,"url":"https:\/\/moir.com.co\/web\/crece-incertidumbre-electrica-en-la-costa\/","url_meta":{"origin":14384,"position":3},"title":"Crece incertidumbre el\u00e9ctrica en la Costa","author":"admin","date":"agosto 29, 2019","format":false,"excerpt":"Norman Alarc\u00f3n Rodas, Barranquilla, agosto 28 de 2019 La forma como ha abordado el presidente Duque la crisis del servicio el\u00e9ctrico en la Regi\u00f3n Caribe, muy similar a la de Santos, no da trazas de resolver este problema de naturaleza estructural y las declaraciones de altos funcionarios y documentos Conpes\u2026","rel":"","context":"En \u00abEconom\u00eda\u00bb","block_context":{"text":"Econom\u00eda","link":"https:\/\/moir.com.co\/web\/category\/temas\/economia\/"},"img":{"alt_text":"","src":"https:\/\/i0.wp.com\/moir.com.co\/web\/wp-content\/uploads\/2019\/08\/electricaribeNorman.jpg?fit=700%2C500&ssl=1&resize=350%2C200","width":350,"height":200,"srcset":"https:\/\/i0.wp.com\/moir.com.co\/web\/wp-content\/uploads\/2019\/08\/electricaribeNorman.jpg?fit=700%2C500&ssl=1&resize=350%2C200 1x, https:\/\/i0.wp.com\/moir.com.co\/web\/wp-content\/uploads\/2019\/08\/electricaribeNorman.jpg?fit=700%2C500&ssl=1&resize=525%2C300 1.5x, https:\/\/i0.wp.com\/moir.com.co\/web\/wp-content\/uploads\/2019\/08\/electricaribeNorman.jpg?fit=700%2C500&ssl=1&resize=700%2C400 2x"},"classes":[]},{"id":18536,"url":"https:\/\/moir.com.co\/web\/venta-de-electricaribe-gobierno-pierde-4-billones-con-electricaribe-y-queda-debiendo\/","url_meta":{"origin":14384,"position":4},"title":"Venta de Electricaribe: Gobierno pierde 4 billones con Electricaribe  y queda debiendo","author":"admin","date":"marzo 26, 2020","format":false,"excerpt":"Norman Alarc\u00f3n Rodas, Barranquilla, marzo 24 de 2020 El pasado 20 de marzo y en medio de la pandemia del coronavirus, el Gobierno nacional, a trav\u00e9s de la Superservicios, adjudic\u00f3 en una subasta el servicio de Distribuci\u00f3n y Comercializaci\u00f3n de energ\u00eda el\u00e9ctrica en la Costa. Electricaribe fue segmentada en dos,\u2026","rel":"","context":"En \u00abEconom\u00eda\u00bb","block_context":{"text":"Econom\u00eda","link":"https:\/\/moir.com.co\/web\/category\/temas\/economia\/"},"img":{"alt_text":"","src":"","width":0,"height":0},"classes":[]},{"id":19072,"url":"https:\/\/moir.com.co\/web\/otra-herencia-insoportable-de-electricaribe-en-la-costa\/","url_meta":{"origin":14384,"position":5},"title":"Otra herencia insoportable de Electricaribe en la Costa","author":"admin","date":"marzo 18, 2021","format":false,"excerpt":"Norman Alarc\u00f3n Rodas, Coordinador de la Liga Nacional de Usuarios de Servicios P\u00fablicos en la Costa Atl\u00e1ntica, Barranquilla, 15 de marzo de 2021 No ha cesado la horrible noche en el servicio el\u00e9ctrico en los siete departamentos de la Regi\u00f3n Caribe con la llegada de los nuevos operadores de la\u2026","rel":"","context":"En \u00abEconom\u00eda\u00bb","block_context":{"text":"Econom\u00eda","link":"https:\/\/moir.com.co\/web\/category\/temas\/economia\/"},"img":{"alt_text":"","src":"https:\/\/i0.wp.com\/moir.com.co\/web\/wp-content\/uploads\/2019\/05\/electricaribePND.jpg?fit=700%2C500&ssl=1&resize=350%2C200","width":350,"height":200,"srcset":"https:\/\/i0.wp.com\/moir.com.co\/web\/wp-content\/uploads\/2019\/05\/electricaribePND.jpg?fit=700%2C500&ssl=1&resize=350%2C200 1x, https:\/\/i0.wp.com\/moir.com.co\/web\/wp-content\/uploads\/2019\/05\/electricaribePND.jpg?fit=700%2C500&ssl=1&resize=525%2C300 1.5x, https:\/\/i0.wp.com\/moir.com.co\/web\/wp-content\/uploads\/2019\/05\/electricaribePND.jpg?fit=700%2C500&ssl=1&resize=700%2C400 2x"},"classes":[]}],"jetpack_sharing_enabled":true,"_links":{"self":[{"href":"https:\/\/moir.com.co\/web\/wp-json\/wp\/v2\/posts\/14384","targetHints":{"allow":["GET"]}}],"collection":[{"href":"https:\/\/moir.com.co\/web\/wp-json\/wp\/v2\/posts"}],"about":[{"href":"https:\/\/moir.com.co\/web\/wp-json\/wp\/v2\/types\/post"}],"author":[{"embeddable":true,"href":"https:\/\/moir.com.co\/web\/wp-json\/wp\/v2\/users\/1"}],"replies":[{"embeddable":true,"href":"https:\/\/moir.com.co\/web\/wp-json\/wp\/v2\/comments?post=14384"}],"version-history":[{"count":1,"href":"https:\/\/moir.com.co\/web\/wp-json\/wp\/v2\/posts\/14384\/revisions"}],"predecessor-version":[{"id":14386,"href":"https:\/\/moir.com.co\/web\/wp-json\/wp\/v2\/posts\/14384\/revisions\/14386"}],"wp:featuredmedia":[{"embeddable":true,"href":"https:\/\/moir.com.co\/web\/wp-json\/wp\/v2\/media\/14385"}],"wp:attachment":[{"href":"https:\/\/moir.com.co\/web\/wp-json\/wp\/v2\/media?parent=14384"}],"wp:term":[{"taxonomy":"category","embeddable":true,"href":"https:\/\/moir.com.co\/web\/wp-json\/wp\/v2\/categories?post=14384"},{"taxonomy":"post_tag","embeddable":true,"href":"https:\/\/moir.com.co\/web\/wp-json\/wp\/v2\/tags?post=14384"}],"curies":[{"name":"wp","href":"https:\/\/api.w.org\/{rel}","templated":true}]}}