{"id":14381,"date":"2018-01-31T20:08:59","date_gmt":"2018-01-31T20:08:59","guid":{"rendered":"https:\/\/moir.org.co\/web\/?p=14381"},"modified":"2018-01-31T20:08:59","modified_gmt":"2018-01-31T20:08:59","slug":"tlc-una-muerte-anunciada-al-agro-ecuatoriano","status":"publish","type":"post","link":"https:\/\/moir.com.co\/web\/tlc-una-muerte-anunciada-al-agro-ecuatoriano\/","title":{"rendered":"TLC, una muerte anunciada al agro ecuatoriano"},"content":{"rendered":"<p><strong>Mart\u00edn Pastor,\u00a0alainet.org, enero 31 de 2018<\/strong><\/p>\n<div id=\"solotexto\" class=\"panel-pane pane-entity-field pane-node-body\">\n<div class=\"pane-content\">\n<div class=\"field field-name-body field-type-text-with-summary field-label-hidden\">\n<div class=\"field-items\">\n<div class=\"field-item even\">\n<p><em>\u201cVenid, yanquizantes ciegos, y ved como el d\u00f3lar conquistador ha tratado a esas desventuradas naciones\u201d.<\/em><\/p>\n<p>-Jos\u00e9 Peralta, La Esclavitud de la Am\u00e9rica Latina, 1927<\/p>\n<p>&nbsp;<\/p>\n<p>Una manera r\u00e1pida de aniquilar el sector agropecuario en Latinoam\u00e9rica es firmar un Tratado de Libre Comercio (TLC). Casos como el colombiano, peruano o mexicano lo demuestran pero eso no lo dir\u00e1n los pol\u00edticos, empresarios y medios privados. Su discurso se basa en repetir el mito neoliberal sobre el libre comercio y c\u00f3mo mejorar\u00e1 la econom\u00eda y atraer\u00e1 inversi\u00f3n extranjera.<\/p>\n<p>&nbsp;<\/p>\n<p>Y a pesar de tener una larga tradici\u00f3n de resistencia \u2013ALCA 1999 y TLC 2005-, el Ecuador vuelve a coquetear con los Estados Unidos. Para \u2018apaciguar\u2019 cr\u00edticas, Moreno\u00a0<a href=\"http:\/\/www.vistazo.com\/seccion\/pais\/politica-nacional\/ecuador-busca-acuerdos-comerciales-igualitarios-con-eeuu\">habl\u00f3<\/a>\u00a0de un acuerdo \u201ccon cierto sentido de igualdad\u201d, pero la realidad es que las asimetr\u00edas en el neoliberalismo capitalista nunca generan \u201cigualdad\u201d y peor a\u00fan la ingenua idea de un \u2018ganar\/ganar\u2019.<\/p>\n<p>&nbsp;<\/p>\n<p>Como en cualquier transacci\u00f3n habr\u00e1 ganadores y perdedores, por un lado los beneficiados ser\u00e1n los de siempre; las elites empresariales, multinacionales y el gran capital, representado por las C\u00e1maras de Comercio y la Embajada norteamericana. Mientras que los perdedores ser\u00e1n los peque\u00f1os productores y la producci\u00f3n nacional.<\/p>\n<p>&nbsp;<\/p>\n<p>Los casos latinoamericanos permiten tener una visi\u00f3n a \u2018futuro\u2019 de lo que un TLC puede causar.\u00a0<a href=\"https:\/\/www.fas.usda.gov\/data\/search?f%5b0%5d=field_report_type%3ACharts%20and%20Graphs\">Seg\u00fan<\/a>\u00a0el\u00a0Departamento de Agricultura de los Estados Unidos, mientras las ventas colombianas crecieron en un 16% entre 2012 y 2015, las importaciones agropecuarias colombianas con ese pa\u00eds incrementaron en 120%. Y la balanza comercial agropecuaria, excluidas las exportaciones de caf\u00e9 y banano, pas\u00f3 de -158 millones en 2012 a -1.411 millones en 2015, un d\u00e9ficit de 793%.<\/p>\n<p>&nbsp;<\/p>\n<p>Esto se debe a que los acuerdos comerciales dejan fuera de la desgravaci\u00f3n de aranceles a muy pocos productos y no toman en cuenta las asimetr\u00edas entre naciones, los niveles de producci\u00f3n y la capacidad del campesinado local en adaptarse al agresivo ingreso de productos importados a menores costos.<\/p>\n<p>&nbsp;<\/p>\n<p>Es decir que los productores nacionales de ma\u00edz, arroz, l\u00e1cteos, carnes entre otros deben competir con la importaci\u00f3n de los mismos productos \u2018Made in USA\u2019. En\u00a0<a href=\"http:\/\/www.jornada.unam.mx\/2007\/07\/22\/index.php?section=opinion&amp;article=002a1edi\">M\u00e9xico<\/a>\u00a0luego de 14 a\u00f1os (2008) de la firma del TLCAN, las importaciones agr\u00edcolas hab\u00edan aumentado m\u00e1s del 50% y en Per\u00fa, despu\u00e9s de seis a\u00f1os de la firma del TLC, aumentaron en 109%.<\/p>\n<p>&nbsp;<\/p>\n<p>Lo que tiene una relaci\u00f3n directa en la p\u00e9rdida de trabajos en el agro. En Colombia,\u00a0<a href=\"http:\/\/cedetrabajo.org\/blog\/14095\/\">seg\u00fan<\/a>\u00a0el Centro de Trabajo (Cedetrabajo) entre 2012 y 2016,\u00a0el sector agropecuario tuvo una p\u00e9rdida de 51.000 puestos laborales. \u00a0Una situaci\u00f3n similar en\u00a0<a href=\"http:\/\/www.jornada.unam.mx\/2007\/07\/22\/index.php?section=opinion&amp;article=002a1edi\">M\u00e9xico<\/a>, donde cerca de dos millones de campesinos fueron desplazados del campo al 2008 y en Centroam\u00e9rica la modificaci\u00f3n de la producci\u00f3n de granos b\u00e1sicos\u00a0<a href=\"http:\/\/dignidadagropecuaria.org\/el-tpp-la-destruccion-de-la-agricultura-latinoamericana\/#.WnDJpq6nHIU\">redujo<\/a>\u00a0a la poblaci\u00f3n de agricultores del 14% al 8%.<\/p>\n<p>&nbsp;<\/p>\n<p>Algo que ser\u00eda fatal en Ecuador ya que se desplazar\u00eda a la peque\u00f1a producci\u00f3n agr\u00edcola, la misma que\u00a0<a href=\"http:\/\/www.latindadd.org\/wp-content\/uploads\/2014\/07\/El_Tratado_Comercial_de_Ecuador_con_la_Union_Europea_y_sus_potenciales_impactos_sobre_la_agricultura_campesina1.pdf\">provee<\/a>\u00a0entre 1,5 y 3 empleos por hect\u00e1rea de \u00e1rea cultivada.<\/p>\n<p>&nbsp;<\/p>\n<p>Pero no solo el agro se ve afectado, el informe de Cedetrabajo demuestra que la\u00a0balanza comercial de Colombia con Estados Unidos pas\u00f3 de un super\u00e1vit de 8.244 millones de d\u00f3lares en 2012 a un d\u00e9ficit de -1.414 millones en 2016, y una ca\u00edda en las exportaciones del 54.1%. Es decir que Colombia vende a Estados Unidos menos de la mitad de lo que exportaba antes de tener el acuerdo.<\/p>\n<p>&nbsp;<\/p>\n<p>Los TLC son vestigios de un neoliberalismo rapaz que solo beneficia los intereses de ciertas elites nacionales e internacionales. Como lo dijo Jos\u00e9 Peralta, hace casi 100 a\u00f1os, debemos ver como ese d\u00f3lar conquistador ha tratado a nuestros vecinos y de esa manera podremos evitar un futuro similar.<\/p>\n<\/div>\n<\/div>\n<\/div>\n<\/div>\n<\/div>\n<div class=\"panel-separator\"><\/div>\n<div class=\"panel-pane pane-token pane-node-url\">\n<div class=\"pane-content\">https:\/\/www.alainet.org\/es\/articulo\/190746<\/div>\n<\/div>\n","protected":false},"excerpt":{"rendered":"<p>Mart\u00edn Pastor,\u00a0alainet.org, enero 31 de 2018 \u201cVenid, yanquizantes ciegos, y ved como el d\u00f3lar conquistador ha tratado a esas desventuradas naciones\u201d. -Jos\u00e9 Peralta, La Esclavitud de la Am\u00e9rica Latina, 1927 &nbsp; Una manera r\u00e1pida de aniquilar el sector agropecuario en Latinoam\u00e9rica es firmar un Tratado de Libre Comercio (TLC). Casos como el colombiano, peruano o [&hellip;]<\/p>\n","protected":false},"author":1,"featured_media":14382,"comment_status":"open","ping_status":"open","sticky":false,"template":"","format":"standard","meta":{"advanced_seo_description":"","jetpack_seo_html_title":"","jetpack_seo_noindex":false,"_jetpack_memberships_contains_paid_content":false,"footnotes":""},"categories":[114,102,97,105,98],"tags":[],"class_list":["post-14381","post","type-post","status-publish","format-standard","has-post-thumbnail","hentry","category-agro","category-economia","category-imperialismo-y-neoliberalismo","category-internacional-articulos-de-actualidad","category-politica"],"jetpack_featured_media_url":"https:\/\/i0.wp.com\/moir.com.co\/web\/wp-content\/uploads\/2018\/01\/ecuadortlc.jpg?fit=500%2C356&ssl=1","jetpack-related-posts":[{"id":17523,"url":"https:\/\/moir.com.co\/web\/video-no-mas-ruina-a-los-lecheros-por-causa-del-libre-comercio-robledo\/","url_meta":{"origin":14381,"position":0},"title":"Video: No m\u00e1s ruina a los lecheros por causa del libre comercio: Robledo","author":"admin","date":"mayo 21, 2019","format":"video","excerpt":"Bogot\u00e1, mayo 20 de 2019","rel":"","context":"En \u00abAgro\u00bb","block_context":{"text":"Agro","link":"https:\/\/moir.com.co\/web\/category\/temas\/agro\/"},"img":{"alt_text":"","src":"","width":0,"height":0},"classes":[]},{"id":18963,"url":"https:\/\/moir.com.co\/web\/sometidos\/","url_meta":{"origin":14381,"position":1},"title":"Sometidos","author":"admin","date":"noviembre 30, 2020","format":false,"excerpt":"Jos\u00e9 Arlex Arias, Cartagena, noviembre 23 de 2020 Son vanos los esfuerzos de los agentes del capital financiero y las multinacionales de tratar de demostrar que el imperialismo no existe, que la globalizaci\u00f3n neoliberal resuelve esta contradicci\u00f3n mediante la desaparici\u00f3n de las fronteras, creando un mercado universal. Los hechos son\u2026","rel":"","context":"En \u00abAgro\u00bb","block_context":{"text":"Agro","link":"https:\/\/moir.com.co\/web\/category\/temas\/agro\/"},"img":{"alt_text":"","src":"https:\/\/i0.wp.com\/moir.com.co\/web\/wp-content\/uploads\/2018\/05\/tlc15.jpg?fit=523%2C523&ssl=1&resize=350%2C200","width":350,"height":200},"classes":[]},{"id":6824,"url":"https:\/\/moir.com.co\/web\/cada-tlc-destruye-un-pedazo-del-pais\/","url_meta":{"origin":14381,"position":2},"title":"Cada TLC destruye un pedazo del pa\u00eds","author":"admin","date":"septiembre 5, 2012","format":false,"excerpt":"Dur\u00e9 a\u00f1os oyendo que hab\u00eda que firmar el TLC con Estados Unidos, as\u00ed se acabara el agro, porque iba a ganar la industria. Y ahora estoy oyendo decir que hay que firmar los TLC con el Oriente, as\u00ed se acabe la industria, porque va a ganar el agro. Me recuerda\u2026","rel":"","context":"En \u00abJorge Enrique Robledo\u00bb","block_context":{"text":"Jorge Enrique Robledo","link":"https:\/\/moir.com.co\/web\/category\/jorge-enrique-robledo\/"},"img":{"alt_text":"","src":"","width":0,"height":0},"classes":[]},{"id":7642,"url":"https:\/\/moir.com.co\/web\/cierre-de-icollantas-otro-efecto-directo-del-libre-comercio-afirma-robledo\/","url_meta":{"origin":14381,"position":3},"title":"Cierre de Icollantas, otro efecto directo del libre comercio, afirma Robledo","author":"admin","date":"junio 13, 2013","format":false,"excerpt":"Agradecer a Santos y a los TLC por el desempleo. El puntillazo contra la industria instalada en Colombia ser\u00e1 el TLC con Corea del Sur. Convergencia en defensa de la producci\u00f3n nacional, propone el Polo Democr\u00e1tico. El cierre de Icollantas, despu\u00e9s de medio siglo de operar, es otro efecto del\u2026","rel":"","context":"En \u00abJorge Enrique Robledo\u00bb","block_context":{"text":"Jorge Enrique Robledo","link":"https:\/\/moir.com.co\/web\/category\/jorge-enrique-robledo\/"},"img":{"alt_text":"","src":"","width":0,"height":0},"classes":[]},{"id":7886,"url":"https:\/\/moir.com.co\/web\/el-libre-comercio-es-la-causa-de-la-crisis-agraria\/","url_meta":{"origin":14381,"position":4},"title":"El libre comercio es la causa de la crisis agraria","author":"admin","date":"septiembre 9, 2013","format":false,"excerpt":"Los recientes paros han desatado todo un debate en torno a la influencia o no de los Tratados de Libre Comercio en el delicado momento que vive el agro colombiano. Algunos niegan que el libre comercio sea la causa principal de la mayor protesta agraria de la historia de Colombia.\u2026","rel":"","context":"En \u00abJorge Enrique Robledo\u00bb","block_context":{"text":"Jorge Enrique Robledo","link":"https:\/\/moir.com.co\/web\/category\/jorge-enrique-robledo\/"},"img":{"alt_text":"","src":"","width":0,"height":0},"classes":[]},{"id":10269,"url":"https:\/\/moir.com.co\/web\/renegociacion-de-los-tratados-de-libre-comercio-posibilidad-y-necesidad\/","url_meta":{"origin":14381,"position":5},"title":"Renegociaci\u00f3n de los Tratados de Libre Comercio: posibilidad y necesidad","author":"admin","date":"julio 20, 2016","format":false,"excerpt":"Desde las primeras negociaciones para la suscripci\u00f3n de los TLC, diferentes sectores pol\u00edticos y sociales se manifestaron en contra de tan regresivos convenios, pues avizoraban desde sus inicios las perdidas y desdichas que se vendr\u00edan encima para la econom\u00eda y el desarrollo nacional. No porque la apertura comercial internacional sea\u2026","rel":"","context":"En \u00abTemas\u00bb","block_context":{"text":"Temas","link":"https:\/\/moir.com.co\/web\/category\/temas\/"},"img":{"alt_text":"","src":"","width":0,"height":0},"classes":[]}],"jetpack_sharing_enabled":true,"_links":{"self":[{"href":"https:\/\/moir.com.co\/web\/wp-json\/wp\/v2\/posts\/14381","targetHints":{"allow":["GET"]}}],"collection":[{"href":"https:\/\/moir.com.co\/web\/wp-json\/wp\/v2\/posts"}],"about":[{"href":"https:\/\/moir.com.co\/web\/wp-json\/wp\/v2\/types\/post"}],"author":[{"embeddable":true,"href":"https:\/\/moir.com.co\/web\/wp-json\/wp\/v2\/users\/1"}],"replies":[{"embeddable":true,"href":"https:\/\/moir.com.co\/web\/wp-json\/wp\/v2\/comments?post=14381"}],"version-history":[{"count":1,"href":"https:\/\/moir.com.co\/web\/wp-json\/wp\/v2\/posts\/14381\/revisions"}],"predecessor-version":[{"id":14383,"href":"https:\/\/moir.com.co\/web\/wp-json\/wp\/v2\/posts\/14381\/revisions\/14383"}],"wp:featuredmedia":[{"embeddable":true,"href":"https:\/\/moir.com.co\/web\/wp-json\/wp\/v2\/media\/14382"}],"wp:attachment":[{"href":"https:\/\/moir.com.co\/web\/wp-json\/wp\/v2\/media?parent=14381"}],"wp:term":[{"taxonomy":"category","embeddable":true,"href":"https:\/\/moir.com.co\/web\/wp-json\/wp\/v2\/categories?post=14381"},{"taxonomy":"post_tag","embeddable":true,"href":"https:\/\/moir.com.co\/web\/wp-json\/wp\/v2\/tags?post=14381"}],"curies":[{"name":"wp","href":"https:\/\/api.w.org\/{rel}","templated":true}]}}