{"id":14375,"date":"2018-01-31T14:35:00","date_gmt":"2018-01-31T14:35:00","guid":{"rendered":"https:\/\/moir.org.co\/web\/?p=14375"},"modified":"2018-01-31T14:35:00","modified_gmt":"2018-01-31T14:35:00","slug":"el-pais-de-los-mismos-con-las-mismas","status":"publish","type":"post","link":"https:\/\/moir.com.co\/web\/el-pais-de-los-mismos-con-las-mismas\/","title":{"rendered":"El pa\u00eds de los mismos con las mismas"},"content":{"rendered":"<p><strong>Juan Pablo Fern\u00e1ndez, Bogot\u00e1, enero 31 de 2018<\/strong><\/p>\n<p>Circulan en la prensa y en las redes sociales discursos o escritos de diferentes opinadores que le hacen un llamado a la poblaci\u00f3n a no dejarse llevar por eso que llaman la fracasoman\u00eda. Dicen que de criticar o quejarse por lo mal que est\u00e1 el pa\u00eds es una acci\u00f3n perversa que impide ver los grand\u00edsimos logros de Santos, Uribe, Pastrana, Samper y Gaviria, e invitan a la gente a no ver noticieros o leer la prensa o escuchar radio porque hay que huir de las malas noticias. Ocultar o manipular la realidad es una vieja costumbre de quienes han sido incapaces de cumplir su deber m\u00ednimo de gobernar bien.<\/p>\n<p>\u00bfSera que exageramos los que estamos mamados de tanta corrupci\u00f3n, atraso, pobreza y desigualdad? \u00bflos que mandan en Colombia pueden sacar pecho ante el mundo m\u00e1s civilizado? Veamos. Colombia tiene una gran poblaci\u00f3n y un territorio extenso y prolijo en dotaci\u00f3n natural, pero \u00bfse ha logrado el cometido de desplegar, hasta producir cosas complejas, toda la capacidad de trabajo de su gente para transformar positivamente la naturaleza que nos rodea? Hace cincuenta a\u00f1os, por ejemplo, Corea del Sur era un pa\u00eds igual o m\u00e1s pobre que el nuestro. Hoy produce alta tecnolog\u00eda para su poblaci\u00f3n y el mundo, tiene un sistema educativo entre los mejores de la tierra y su ingreso por habitante es cinco veces superior al de aqu\u00ed. Si este ejercicio se repitiera con naciones como Estados Unidos, Alemania o Jap\u00f3n, se concluir\u00eda que cada vez estamos m\u00e1s rezagados.<\/p>\n<p>Colombia podr\u00eda ser un gran pa\u00eds, pero lamentablemente no lo es. Y no lo es porque as\u00ed lo dice la realidad, que tanto intentan ocultar o embellecer los mismos con las mismas. Al a\u00f1o la corrupci\u00f3n se tumba \u00a150 billones de pesos! Se roban m\u00e1s que la suma de todos los presupuestos de las treinta y tres ciudades capitales, que es de 46 billones. Setenta y cinco de cada cien trabajadores \u2013m\u00e1s de 17 millones de personas\u2013 o est\u00e1n desempleados o en el rebusque. M\u00e1s de cuatro millones de ni\u00f1os, ni\u00f1as y adolescentes no tienen educaci\u00f3n o por falta de acceso o porque tienen que desertar del colegio. 2,8 millones de habitantes del campo no saben leer ni escribir. Entre 1998 y 2011, 1,43 millones de personas murieron de males que la medicina sabe curar, una p\u00e9rdida de capacidad productiva de 266 billones de pesos. 95 por ciento de las muertes de mujeres embarazadas son prevenibles. Mientras en Jap\u00f3n, entre 1963 y 2014 solicitaron m\u00e1s de doce millones de patentes, aqu\u00ed apenas llegamos a 5.121, \u00a1236.951 por ciento menos! Y los que criticamos semejante mediocridad dizque somos \u2018fracasomanos\u2019.<\/p>\n<p>Nuestro pa\u00eds es el octavo m\u00e1s desigual del globo y el segundo de Am\u00e9rica. 70 por ciento de los adultos mayores no acceden a una pensi\u00f3n y 4,5 millones de compatriotas ha tenido que irse del pa\u00eds por falta de oportunidades. 80 por ciento de lo que le exportamos al mundo carece de transformaci\u00f3n, es decir, son materias primas b\u00e1sicas; importamos 13 millones de toneladas de comida \u2013a pesar de que solo empleamos la tercera parte de las tierras aptas para la agricultura\u2013 y traemos de afuera 111 billones de pesos de productos industriales. Tres d\u00e9cadas de TLC nos han dejado un d\u00e9ficit comercial de m\u00e1s de 70 mil millones de d\u00f3lares. El 90 por ciento de las unidades productivas del campo no tienen asistencia t\u00e9cnica. Entre 70 y 80 por ciento de las viviendas del pa\u00eds son informales. De remate el sistema tributario permite al tiempo que mientras la clase media y los estratos populares est\u00e1n ahogados con el IVA, las personas m\u00e1s poderosas del pa\u00eds esconden, sin pagar impuestos, m\u00e1s de 150 billones de pesos en para\u00edsos fiscales. Y los mismos con las mismas quieren que les aplaudamos esto. \u00bfEn serio?<\/p>\n<p>Si el ejercicio hecho aqu\u00ed se replicar\u00e1 en las regiones, los resultados son aterradores. Lo com\u00fan es encontrar cifras superiores al cincuenta por ciento en falta de agua potable, de acceso a la educaci\u00f3n, de v\u00edas pavimentadas, de seguridad alimentaria, etc. Despu\u00e9s de d\u00e9cadas en el poder esta es la Colombia que nos dejan los mismos con las mismas. \u00bfMerecen reelegirse en cualquiera de sus vertientes pol\u00edticas? Creo que no. Pero de la ciudadan\u00eda depende decirles no m\u00e1s, no vamos a repetir la historia, estamos mamados de ustedes y nos han salido caros. A esas p\u00e9simas opciones de gobierno se est\u00e1 enfrentando la Coalici\u00f3n Colombia, en la que est\u00e1 el Polo y otras organizaciones. Con Sergio Fajardo vamos a derrotar a los mismos con las mismas. Soy del Polo y votar\u00e9 por el Polo. Lo har\u00e9 porque creo este pa\u00eds s\u00ed tiene arreglo.<\/p>\n<p>#SoyDelPoloVotoPolo<\/p>\n","protected":false},"excerpt":{"rendered":"<p>Juan Pablo Fern\u00e1ndez, Bogot\u00e1, enero 31 de 2018 Circulan en la prensa y en las redes sociales discursos o escritos de diferentes opinadores que le hacen un llamado a la poblaci\u00f3n a no dejarse llevar por eso que llaman la fracasoman\u00eda. Dicen que de criticar o quejarse por lo mal que est\u00e1 el pa\u00eds es [&hellip;]<\/p>\n","protected":false},"author":1,"featured_media":14376,"comment_status":"open","ping_status":"open","sticky":false,"template":"","format":"standard","meta":{"advanced_seo_description":"","jetpack_seo_html_title":"","jetpack_seo_noindex":false,"_jetpack_memberships_contains_paid_content":false,"footnotes":""},"categories":[102,97,98],"tags":[],"class_list":["post-14375","post","type-post","status-publish","format-standard","has-post-thumbnail","hentry","category-economia","category-imperialismo-y-neoliberalismo","category-politica"],"jetpack_featured_media_url":"https:\/\/i0.wp.com\/moir.com.co\/web\/wp-content\/uploads\/2018\/01\/desempleocaricatura.gif?fit=620%2C456&ssl=1","jetpack-related-posts":[{"id":4251,"url":"https:\/\/moir.com.co\/web\/el-agua-moja\/","url_meta":{"origin":14375,"position":0},"title":"El agua moja","author":"admin","date":"abril 4, 2010","format":false,"excerpt":"A diario tuve que vivir en Hait\u00ed las consecuencias de la p\u00e9rdida de la capacidad de producir comida de la agricultura local. \u00bfQui\u00e9n se queja de este modo? \u00bfAlg\u00fan damnificado del reciente terremoto que azot\u00f3 el pa\u00eds? No. El que se queja es nada menos que Bill Clinton, enviado especial\u2026","rel":"","context":"En \u00abRevista de Prensa\u00bb","block_context":{"text":"Revista de Prensa","link":"https:\/\/moir.com.co\/web\/category\/prensa\/revista-de-prensa\/"},"img":{"alt_text":"","src":"","width":0,"height":0},"classes":[]},{"id":8091,"url":"https:\/\/moir.com.co\/web\/santos-uribe-la-misma-vaina\/","url_meta":{"origin":14375,"position":1},"title":"Santos-Uribe: \u00bfla misma vaina?","author":"admin","date":"noviembre 26, 2013","format":false,"excerpt":"Ahora quieren polarizar al martirizado pa\u00eds entre Santos y Uribe, ambos reeleccionistas. Quieren, unos, hacer creer, por ejemplo, que el denominado uribismo es la oposici\u00f3n al proyecto del actual presidente, ahora candidato. Y otros ven en este \u00faltimo a alguien \u201cprogresista\u201d y hasta humanitario porque ha repartido casas gratis. Me\u2026","rel":"","context":"En \u00abRevista de Prensa\u00bb","block_context":{"text":"Revista de Prensa","link":"https:\/\/moir.com.co\/web\/category\/prensa\/revista-de-prensa\/"},"img":{"alt_text":"","src":"","width":0,"height":0},"classes":[]},{"id":3401,"url":"https:\/\/moir.com.co\/web\/el-senador-jorge-robledo-entrego-su-concepto-politico-de-colombia\/","url_meta":{"origin":14375,"position":2},"title":"El senador Jorge Robledo entreg\u00f3 su concepto pol\u00edtico de Colombia","author":"admin","date":"agosto 17, 2009","format":false,"excerpt":"En la cuarta entrega de \u2018Di\u00e1logos con el poder\u2019, este diario realiz\u00f3 una entrevista con el Senador del Polo Democr\u00e1tico Alternativo Jorge Enrique Robledo, quien le hizo un reconocimiento a la organizaci\u00f3n y movimiento ind\u00edgena del Cauca, con el cual tiene algunas coincidencias. Adem\u00e1s, se declar\u00f3 amante de la lectura\u2026","rel":"","context":"En \u00abJorge Enrique Robledo\u00bb","block_context":{"text":"Jorge Enrique Robledo","link":"https:\/\/moir.com.co\/web\/category\/jorge-enrique-robledo\/"},"img":{"alt_text":"","src":"","width":0,"height":0},"classes":[]},{"id":15349,"url":"https:\/\/moir.com.co\/web\/odebrecht-grupo-aval-le-estan-reclamando-al-pais-3-6-billones-de-pesos-en-medio-de-un-pacto-de-impunidad-robledo\/","url_meta":{"origin":14375,"position":3},"title":"\u201cOdebrecht-Grupo Aval le est\u00e1n reclamando al pa\u00eds 3.6 billones de pesos en medio de un pacto de impunidad\u201d: Robledo","author":"admin","date":"junio 28, 2018","format":false,"excerpt":"Oficina de prensa del senador Jorge Enrique Robledo, Bogot\u00e1, junio 27 de 2018 Mientras Procuradur\u00eda llama a juicio a ex ministras Parody y \u00c1lvarez, Fiscal\u00eda las absuelve. Robledo y Acosta pedir\u00e1n la reapertura de las investigaciones. Prieto fue imputado por delitos que no tienen que ver con Odebrecht. Sigue pacto\u2026","rel":"","context":"En \u00abEconom\u00eda\u00bb","block_context":{"text":"Econom\u00eda","link":"https:\/\/moir.com.co\/web\/category\/temas\/economia\/"},"img":{"alt_text":"","src":"https:\/\/i0.wp.com\/moir.com.co\/web\/wp-content\/uploads\/2018\/06\/robledoacostaruedadeprensa270618.png?fit=592%2C444&ssl=1&resize=350%2C200","width":350,"height":200,"srcset":"https:\/\/i0.wp.com\/moir.com.co\/web\/wp-content\/uploads\/2018\/06\/robledoacostaruedadeprensa270618.png?fit=592%2C444&ssl=1&resize=350%2C200 1x, https:\/\/i0.wp.com\/moir.com.co\/web\/wp-content\/uploads\/2018\/06\/robledoacostaruedadeprensa270618.png?fit=592%2C444&ssl=1&resize=525%2C300 1.5x"},"classes":[]},{"id":2051,"url":"https:\/\/moir.com.co\/web\/desmonte-al-subsidio-a-los-combustibles-y-ganancias-privadas-en-sectores-electrico-y-de-gas-fracaso-de-la-politica-agraria\/","url_meta":{"origin":14375,"position":4},"title":"DESMONTE AL SUBSIDIO A LOS COMBUSTIBLES Y GANANCIAS PRIVADAS EN SECTORES EL\u00c9CTRICO Y DE GAS. FRACASO DE LA POL\u00cdTICA AGRARIA","author":"admin","date":"septiembre 4, 2007","format":false,"excerpt":"Oficina de Prensa Senador Jorge Enrique Robledo, Bogot\u00e1, septiembre 4 de 2007 Como \u201caspectos antisociales\u201d y agresiones contra el progreso del pa\u00eds calific\u00f3 el senador Jorge Enrique Robledo el desmonte al mal llamado subsidio a los combustibles y las exorbitantes ganancias que se llevan las trasnacionales privadas en los servicios\u2026","rel":"","context":"En \u00abJorge Enrique Robledo\u00bb","block_context":{"text":"Jorge Enrique Robledo","link":"https:\/\/moir.com.co\/web\/category\/jorge-enrique-robledo\/"},"img":{"alt_text":"","src":"","width":0,"height":0},"classes":[]},{"id":14250,"url":"https:\/\/moir.com.co\/web\/iniciamos-una-gira-de-esperanza-cambio-y-victoria-robledo\/","url_meta":{"origin":14375,"position":5},"title":"Iniciamos una gira de esperanza, cambio y victoria: Robledo","author":"admin","date":"enero 17, 2018","format":false,"excerpt":"Oficina de prensa del senador Jorge Enrique Robledo, Bogot\u00e1, enero 16 de 2018 Sergio Fajardo, Jorge Robledo y Claudia L\u00f3pez iniciaron en Pereira una gira nacional respaldando los candidatos de la #Coalici\u00f3nColombia al Congreso \u201cSe acab\u00f3 la guachafita. Vamos a derrotar a los mismos con las mismas y a partir\u2026","rel":"","context":"En \u00abJorge Enrique Robledo\u00bb","block_context":{"text":"Jorge Enrique Robledo","link":"https:\/\/moir.com.co\/web\/category\/jorge-enrique-robledo\/"},"img":{"alt_text":"","src":"https:\/\/i0.wp.com\/moir.com.co\/web\/wp-content\/uploads\/2018\/01\/coalicioncolombia2017.jpg?fit=768%2C407&ssl=1&resize=350%2C200","width":350,"height":200,"srcset":"https:\/\/i0.wp.com\/moir.com.co\/web\/wp-content\/uploads\/2018\/01\/coalicioncolombia2017.jpg?fit=768%2C407&ssl=1&resize=350%2C200 1x, https:\/\/i0.wp.com\/moir.com.co\/web\/wp-content\/uploads\/2018\/01\/coalicioncolombia2017.jpg?fit=768%2C407&ssl=1&resize=525%2C300 1.5x, https:\/\/i0.wp.com\/moir.com.co\/web\/wp-content\/uploads\/2018\/01\/coalicioncolombia2017.jpg?fit=768%2C407&ssl=1&resize=700%2C400 2x"},"classes":[]}],"jetpack_sharing_enabled":true,"_links":{"self":[{"href":"https:\/\/moir.com.co\/web\/wp-json\/wp\/v2\/posts\/14375","targetHints":{"allow":["GET"]}}],"collection":[{"href":"https:\/\/moir.com.co\/web\/wp-json\/wp\/v2\/posts"}],"about":[{"href":"https:\/\/moir.com.co\/web\/wp-json\/wp\/v2\/types\/post"}],"author":[{"embeddable":true,"href":"https:\/\/moir.com.co\/web\/wp-json\/wp\/v2\/users\/1"}],"replies":[{"embeddable":true,"href":"https:\/\/moir.com.co\/web\/wp-json\/wp\/v2\/comments?post=14375"}],"version-history":[{"count":1,"href":"https:\/\/moir.com.co\/web\/wp-json\/wp\/v2\/posts\/14375\/revisions"}],"predecessor-version":[{"id":14377,"href":"https:\/\/moir.com.co\/web\/wp-json\/wp\/v2\/posts\/14375\/revisions\/14377"}],"wp:featuredmedia":[{"embeddable":true,"href":"https:\/\/moir.com.co\/web\/wp-json\/wp\/v2\/media\/14376"}],"wp:attachment":[{"href":"https:\/\/moir.com.co\/web\/wp-json\/wp\/v2\/media?parent=14375"}],"wp:term":[{"taxonomy":"category","embeddable":true,"href":"https:\/\/moir.com.co\/web\/wp-json\/wp\/v2\/categories?post=14375"},{"taxonomy":"post_tag","embeddable":true,"href":"https:\/\/moir.com.co\/web\/wp-json\/wp\/v2\/tags?post=14375"}],"curies":[{"name":"wp","href":"https:\/\/api.w.org\/{rel}","templated":true}]}}