{"id":14370,"date":"2018-01-31T14:21:01","date_gmt":"2018-01-31T14:21:01","guid":{"rendered":"https:\/\/moir.org.co\/web\/?p=14370"},"modified":"2018-01-31T14:21:01","modified_gmt":"2018-01-31T14:21:01","slug":"la-alcabala-predial-en-barranquilla","status":"publish","type":"post","link":"https:\/\/moir.com.co\/web\/la-alcabala-predial-en-barranquilla\/","title":{"rendered":"La alcabala predial en Barranquilla"},"content":{"rendered":"<p><strong>Aurelio Su\u00e1rez Montoya, Bogot\u00e1, enero 31 de 2018<\/strong><\/p>\n<p>Gran inconformismo ocasiona el alza del impuesto predial en Barranquilla. No es para menos: mientras que en 2017 el recaudo efectivo por ese concepto fue de $247 mil millones, para 2018 se ha proyectado, seg\u00fan el presupuesto de Hacienda, en $364 mil millones, una escandalosa alza del 47 %. Fuera de este tributo y el de Industria y Comercio, all\u00ed se pagan varios que ni siquiera se cobran en Bogot\u00e1 \u2013l\u00edder en tributaci\u00f3n por poblador\u2013, como telefon\u00eda y alumbrado.<\/p>\n<p>A trav\u00e9s de procesos de actualizaci\u00f3n catastral \u2013que desde 2017 est\u00e1 en manos de la Administraci\u00f3n\u2013 en Barranquilla viene creciendo dicho impuesto en forma exponencial: en 2009, los 304 mil predios val\u00edan $17,4 billones y para 2018 los 352 mil sumar\u00e1n m\u00e1s de $32 billones en aval\u00fao. Por tanto, el valor de cada predio ha pasado de $57 millones en promedio a $91 millones. Es decir, en 2009 se pag\u00f3 un peso de impuesto por $123 de aval\u00fao, mientras que en 2018 se pagar\u00eda uno por cada $87. Adem\u00e1s, un predio de $250 millones, que en Bogot\u00e1 tiene una tasa de 6,4 por mil, en Barranquilla, estando en estrato cinco, coge una de 9,7 por mil. Y uno de 30 millones, que en Bogot\u00e1 tendr\u00eda tarifa de solo 5,5 por mil, en Barranquilla, por estar en estrato tres, le toca la de 7 por mil.<\/p>\n<p>Las caracter\u00edsticas sociales de Barranquilla son tan complejas como en las dem\u00e1s ciudades. En los estratos sociales de ingresos bajos y muy bajos, hay casi 2 de cada 3 habitantes y si sumamos los de ingreso medio, se llega a 3 de cada 4. El desempleo, que descendi\u00f3 al comienzo de la d\u00e9cada, se estanc\u00f3 en algo m\u00e1s de 8% y, si se suman los subempleados, se llega a la mitad de toda la fuerza laboral. Una de cada dos personas es trabajador por cuenta propia y, como en el resto del pa\u00eds, el ingreso por habitante en 2017 no subi\u00f3 ni el 1%. Esa poblaci\u00f3n, con dicha estructura socioecon\u00f3mica, ha visto pasar el pago de impuestos locales por poblador de $293 mil en 2008 a uno proyectado de $906 mil para 2018, el triple en diez a\u00f1os, m\u00e1s del doble en pesos reales, lo cual implica que cada ciudadano, cualquiera sea su condici\u00f3n, le entrega al Distrito cerca de 20 d\u00edas de ingreso al a\u00f1o, cuando en Bogot\u00e1 solo llega a 15. Los exprimen al m\u00e1ximo.<\/p>\n<p>El alcalde \u00c1lex Char justifica tanta expoliaci\u00f3n argumentando que hoy \u201cBarranquilla vale m\u00e1s\u201d. Una verdad que tiene una r\u00e9plica: los barranquilleros han pagado y siguen pagando dos cobros de valorizaci\u00f3n por un aforo total cercano a $600 mil millones. Con la contribuci\u00f3n de valorizaci\u00f3n, pagaron parques, obras viales, escenarios para los Centroamericanos y canalizaci\u00f3n de arroyos, y, de encima, ven c\u00f3mo aumenta el valor del impuesto predial, fruto de ese mayor valor que ellos crearon. Se les cobra por punta y punta.<\/p>\n<p>Ahora bien, tanta alcabala ha sido insuficiente, porque una parte sustancial de la inversi\u00f3n publicitada ha sido con alto endeudamiento. Contratado con tasas del DTF + 1,26% y recientemente a DTF+2,5%, como lo registra el muy completo informe fiscal de Fundesarrollo (2016), la Administraci\u00f3n ha contra\u00eddo en diez a\u00f1os cr\u00e9ditos por $814.422 millones por los que ha pagado servicio de deuda por $728. 015. Si agregamos que el saldo por pagar es todav\u00eda de $663.188 millones, al final el pago por cada peso prestado ser\u00e1 m\u00ednimo de $1,70.<\/p>\n<p>Como, para 2018, se planea pedir prestados otros $230 mil millones, el monto adeudado podr\u00eda subir a m\u00e1s del 75 % de los ingresos corrientes lo que lo pone en un punto lim\u00edtrofe del 80 %, el m\u00e1ximo permitido por el \u00cdndice de Sostenibilidad de la Ley 358. Esto se ve en la calificaci\u00f3n de BRC Standard &amp;Poor\u2019 que, si bien acredita a Barranquilla con calificaci\u00f3n AAA, est\u00e1 en perspectiva negativa, explicada en parte por la incierta capacidad de pago, como producto del alt\u00edsimo nivel de cobro impositivo y por lo cual nunca el recaudo efectivo ha cubierto m\u00e1s del 80 % de lo esperado.<\/p>\n<p>Se ha formado una coalici\u00f3n c\u00edvica de gremios, sindicatos, fuerzas sociales y pol\u00edticas independientes que demanda una revisi\u00f3n general de esta alcabala gremial, sobran razones para ser o\u00edda.<\/p>\n<p><strong>Nota.\u00a0<\/strong>Total rechazo a la utilizaci\u00f3n del terrorismo contra Barranquilla cualquiera sea la causa y solidaridad plena con su ciudadan\u00eda.<\/p>\n","protected":false},"excerpt":{"rendered":"<p>Aurelio Su\u00e1rez Montoya, Bogot\u00e1, enero 31 de 2018 Gran inconformismo ocasiona el alza del impuesto predial en Barranquilla. No es para menos: mientras que en 2017 el recaudo efectivo por ese concepto fue de $247 mil millones, para 2018 se ha proyectado, seg\u00fan el presupuesto de Hacienda, en $364 mil millones, una escandalosa alza del [&hellip;]<\/p>\n","protected":false},"author":1,"featured_media":14371,"comment_status":"open","ping_status":"open","sticky":false,"template":"","format":"standard","meta":{"advanced_seo_description":"","jetpack_seo_html_title":"","jetpack_seo_noindex":false,"_jetpack_memberships_contains_paid_content":false,"footnotes":""},"categories":[79,102,97,98,111],"tags":[],"class_list":["post-14370","post","type-post","status-publish","format-standard","has-post-thumbnail","hentry","category-aurelio-suarez-montoya","category-economia","category-imperialismo-y-neoliberalismo","category-politica","category-vivienda-y-desarrollo-urbano"],"jetpack_featured_media_url":"https:\/\/i0.wp.com\/moir.com.co\/web\/wp-content\/uploads\/2018\/01\/barranquillaaurelio.jpeg?fit=650%2C466&ssl=1","jetpack-related-posts":[{"id":14573,"url":"https:\/\/moir.com.co\/web\/indignacion-ciudadana-por-el-predial-ha-sido-tapada-por-la-campana-politica\/","url_meta":{"origin":14370,"position":0},"title":"Indignaci\u00f3n ciudadana por el predial ha sido tapada por la campa\u00f1a pol\u00edtica","author":"admin","date":"febrero 26, 2018","format":false,"excerpt":"Aurelio Su\u00e1rez Montoya, Bogot\u00e1, febrero 26 de 2018 Hace unas semanas escrib\u00ed acerca de la exacci\u00f3n a los barranquilleros con el cobro del impuesto predial para 2018. Un alza del 47% prevista en el recaudo respecto al a\u00f1o 2017, que ha llevado a que \u2013acorde con su ingreso\u2013 cada ciudadano\u2026","rel":"","context":"En \u00abAurelio Su\u00e1rez Montoya\u00bb","block_context":{"text":"Aurelio Su\u00e1rez Montoya","link":"https:\/\/moir.com.co\/web\/category\/bitacoras\/aurelio-suarez-montoya\/"},"img":{"alt_text":"","src":"","width":0,"height":0},"classes":[]},{"id":14900,"url":"https:\/\/moir.com.co\/web\/predial-en-barranquilla-hasta-500-mas-alto-que-en-bogota\/","url_meta":{"origin":14370,"position":1},"title":"Predial en Barranquilla hasta 500% m\u00e1s alto que en Bogot\u00e1","author":"admin","date":"abril 13, 2018","format":false,"excerpt":"Norman Alarc\u00f3n Rodas, Barranquilla, abril 13 de 2018 Los cobros del impuesto predial en Barranquilla para el a\u00f1o 2018 han causado indignaci\u00f3n en amplios sectores ciudadanos que han visto unos incrementos por las nubes, cuando la situaci\u00f3n econ\u00f3mica por la que atraviesa la inmensa mayor\u00eda de la poblaci\u00f3n no es\u2026","rel":"","context":"En \u00abEconom\u00eda\u00bb","block_context":{"text":"Econom\u00eda","link":"https:\/\/moir.com.co\/web\/category\/temas\/economia\/"},"img":{"alt_text":"","src":"https:\/\/i0.wp.com\/moir.com.co\/web\/wp-content\/uploads\/2018\/04\/barranquillapredial.jpeg?fit=950%2C475&ssl=1&resize=350%2C200","width":350,"height":200,"srcset":"https:\/\/i0.wp.com\/moir.com.co\/web\/wp-content\/uploads\/2018\/04\/barranquillapredial.jpeg?fit=950%2C475&ssl=1&resize=350%2C200 1x, https:\/\/i0.wp.com\/moir.com.co\/web\/wp-content\/uploads\/2018\/04\/barranquillapredial.jpeg?fit=950%2C475&ssl=1&resize=525%2C300 1.5x, https:\/\/i0.wp.com\/moir.com.co\/web\/wp-content\/uploads\/2018\/04\/barranquillapredial.jpeg?fit=950%2C475&ssl=1&resize=700%2C400 2x"},"classes":[]},{"id":13820,"url":"https:\/\/moir.com.co\/web\/agresion-impositiva-a-la-vista\/","url_meta":{"origin":14370,"position":2},"title":"Agresi\u00f3n impositiva a la vista","author":"admin","date":"noviembre 14, 2017","format":false,"excerpt":"Norman Alarc\u00f3n Rodas, Barranquilla, noviembre 14 de 2017 La pasada administraci\u00f3n de Elsa Noguera adopt\u00f3 por decreto el Plan de Ordenamiento Territorial 2012-2032, salt\u00e1ndose al Concejo Distrital y fijando como uno de sus objetivos afinar los instrumentos tributarios para recaudar billones de pesos con el objeto de adelantar sus planes\u2026","rel":"","context":"En \u00abEconom\u00eda\u00bb","block_context":{"text":"Econom\u00eda","link":"https:\/\/moir.com.co\/web\/category\/temas\/economia\/"},"img":{"alt_text":"","src":"","width":0,"height":0},"classes":[]},{"id":10290,"url":"https:\/\/moir.com.co\/web\/predial-penalosa-ii-la-bolsa-o-la-casa\/","url_meta":{"origin":14370,"position":3},"title":"Predial Pe\u00f1alosa II: \u00a1la bolsa o la casa!","author":"admin","date":"agosto 2, 2016","format":false,"excerpt":"Desde el a\u00f1o 2008 se viene gestando una verdadera exacci\u00f3n sobre los bogotanos con el cobro del impuesto predial, a la cual no han sido ajenos la \u201cBogot\u00e1 Positiva\u201d, de Moreno y Ortega; la \u201cBogot\u00e1 Humana\u201d, de Petro y Bonilla, y mucho menos la \u201cBogot\u00e1 Mejor para Todos\u201d, de Pe\u00f1alosa\u2026","rel":"","context":"En \u00abAurelio Su\u00e1rez Montoya\u00bb","block_context":{"text":"Aurelio Su\u00e1rez Montoya","link":"https:\/\/moir.com.co\/web\/category\/bitacoras\/aurelio-suarez-montoya\/"},"img":{"alt_text":"","src":"","width":0,"height":0},"classes":[]},{"id":13532,"url":"https:\/\/moir.com.co\/web\/inassa-triple-a-de-barranquilla-al-banquillo-y-quiere-expandirse-al-sur-del-atlantico\/","url_meta":{"origin":14370,"position":4},"title":"Inassa-Triple A de Barranquilla al banquillo. Y quiere expandirse al sur del Atl\u00e1ntico","author":"admin","date":"octubre 17, 2017","format":false,"excerpt":"Norman Alarc\u00f3n Rodas, Barranquilla, octubre 17 de 2017 Seis meses despu\u00e9s de que fueran detenidos en Espa\u00f1a por graves desfalcos altos directivos del Canal de Isabel II de la Comunidad de Madrid y de su filial en Am\u00e9rica Latina, Inassa S.A. \u2013empresas con mayor\u00eda accionaria en la Triple A de\u2026","rel":"","context":"En \u00abEconom\u00eda\u00bb","block_context":{"text":"Econom\u00eda","link":"https:\/\/moir.com.co\/web\/category\/temas\/economia\/"},"img":{"alt_text":"","src":"","width":0,"height":0},"classes":[]},{"id":14763,"url":"https:\/\/moir.com.co\/web\/como-debe-ser-una-reforma-tributaria-progresiva\/","url_meta":{"origin":14370,"position":5},"title":"\u00bfC\u00f3mo debe ser una reforma tributaria progresiva?","author":"admin","date":"marzo 22, 2018","format":false,"excerpt":"Aurelio Su\u00e1rez Montoya, Bogot\u00e1, marzo 21 de 2018 Un art\u00edculo de \u2018Columbia Journal of Tax Law\u2019 (Benshalom y Stead, 2018) afirma que \u201cel r\u00e9gimen del impuesto a la renta es un instrumento vital para lograr la redistribuci\u00f3n en las democracias liberales, por lo que acad\u00e9micos y legisladores deber\u00edan ver un\u2026","rel":"","context":"En \u00abAurelio Su\u00e1rez Montoya\u00bb","block_context":{"text":"Aurelio Su\u00e1rez Montoya","link":"https:\/\/moir.com.co\/web\/category\/bitacoras\/aurelio-suarez-montoya\/"},"img":{"alt_text":"","src":"https:\/\/i0.wp.com\/moir.com.co\/web\/wp-content\/uploads\/2017\/11\/aureliosuarezlanacionneiva.jpg?fit=677%2C600&ssl=1&resize=350%2C200","width":350,"height":200,"srcset":"https:\/\/i0.wp.com\/moir.com.co\/web\/wp-content\/uploads\/2017\/11\/aureliosuarezlanacionneiva.jpg?fit=677%2C600&ssl=1&resize=350%2C200 1x, https:\/\/i0.wp.com\/moir.com.co\/web\/wp-content\/uploads\/2017\/11\/aureliosuarezlanacionneiva.jpg?fit=677%2C600&ssl=1&resize=525%2C300 1.5x"},"classes":[]}],"jetpack_sharing_enabled":true,"_links":{"self":[{"href":"https:\/\/moir.com.co\/web\/wp-json\/wp\/v2\/posts\/14370","targetHints":{"allow":["GET"]}}],"collection":[{"href":"https:\/\/moir.com.co\/web\/wp-json\/wp\/v2\/posts"}],"about":[{"href":"https:\/\/moir.com.co\/web\/wp-json\/wp\/v2\/types\/post"}],"author":[{"embeddable":true,"href":"https:\/\/moir.com.co\/web\/wp-json\/wp\/v2\/users\/1"}],"replies":[{"embeddable":true,"href":"https:\/\/moir.com.co\/web\/wp-json\/wp\/v2\/comments?post=14370"}],"version-history":[{"count":1,"href":"https:\/\/moir.com.co\/web\/wp-json\/wp\/v2\/posts\/14370\/revisions"}],"predecessor-version":[{"id":14372,"href":"https:\/\/moir.com.co\/web\/wp-json\/wp\/v2\/posts\/14370\/revisions\/14372"}],"wp:featuredmedia":[{"embeddable":true,"href":"https:\/\/moir.com.co\/web\/wp-json\/wp\/v2\/media\/14371"}],"wp:attachment":[{"href":"https:\/\/moir.com.co\/web\/wp-json\/wp\/v2\/media?parent=14370"}],"wp:term":[{"taxonomy":"category","embeddable":true,"href":"https:\/\/moir.com.co\/web\/wp-json\/wp\/v2\/categories?post=14370"},{"taxonomy":"post_tag","embeddable":true,"href":"https:\/\/moir.com.co\/web\/wp-json\/wp\/v2\/tags?post=14370"}],"curies":[{"name":"wp","href":"https:\/\/api.w.org\/{rel}","templated":true}]}}