{"id":14367,"date":"2018-01-30T23:19:06","date_gmt":"2018-01-30T23:19:06","guid":{"rendered":"https:\/\/moir.org.co\/web\/?p=14367"},"modified":"2018-01-30T23:19:06","modified_gmt":"2018-01-30T23:19:06","slug":"gasto-publico-barril-sin-fondo-de-gobiernos-corruptos","status":"publish","type":"post","link":"https:\/\/moir.com.co\/web\/gasto-publico-barril-sin-fondo-de-gobiernos-corruptos\/","title":{"rendered":"Gasto p\u00fablico, barril sin fondo de gobiernos corruptos"},"content":{"rendered":"<p><strong>Mario Alejandro Valencia, Bogot\u00e1, enero 29 de 2018<\/strong><\/p>\n<p>Los gobiernos deben financiar y gastar eficientemente el presupuesto p\u00fablico, que es realmente dinero de los ciudadanos. As\u00ed deber\u00eda ser, pero en Colombia el gasto p\u00fablico adem\u00e1s de insuficiente es altamente ineficiente.<\/p>\n<p>En efecto, Colombia tiene un gasto p\u00fablico con relaci\u00f3n al PIB (29,4%) m\u00e1s parecido al de Zimbabue (28%) y Hait\u00ed (25,2%), que al de Francia (57,3%), Jap\u00f3n (42%) o Estados Unidos (38%).<\/p>\n<p>Por otra parte, el gasto p\u00fablico es ineficiente. En inversi\u00f3n es muy bajo con relaci\u00f3n al presupuesto. Adem\u00e1s, medido por equidad, desempe\u00f1o, estabilidad, equidad y calidad institucional, entre otros, es el m\u00e1s inefectivo en comparaci\u00f3n con todos los pa\u00edses de la OCDE y uno de los peores en Am\u00e9rica Latina<a href=\"http:\/\/www.dinero.com\/opinion\/columnistas\/articulo\/gasto-publico-para-gobiernos-corruptos-mario-valencia\/254638#_ftn1\" name=\"_ftnref1\">[1]<\/a>.<\/p>\n<p>Como la realidad es inocultable, el gobierno de Santos cre\u00f3 la Comisi\u00f3n del Gasto P\u00fablico, que ya entreg\u00f3 su informe final. La comisi\u00f3n reconoci\u00f3 que el gasto es ineficiente y que \u201cno contribuye lo suficiente a una mejor distribuci\u00f3n del ingreso\u201d. No obstante, el esp\u00edritu de sus recomendaciones son inconvenientes, porque reproducen las mismas recetas fracasadas.<\/p>\n<p>La m\u00e1s pol\u00e9mica es la reforma pensional. La comisi\u00f3n estuvo altamente influenciada por el poder financiero expresado en ANIF y Asofondos, insistiendo en \u201cmarchitar\u201d a Colpensiones, con la ambici\u00f3n de que -en el mediano plazo- la \u00fanica forma de NO pensionarse en Colombia sea por medio de los fondos privados. Su idea es que al r\u00e9gimen p\u00fablico solo se cotice hasta un salario m\u00ednimo y de ah\u00ed en adelante al privado. Tambi\u00e9n recomienda aumentar la edad de pensi\u00f3n y la cotizaci\u00f3n hasta 18%. A esta andanada en contra de Colpensiones se han sumado asesores econ\u00f3micos de los candidatos presidenciales Humberto de la Calle y Martha Luc\u00eda Ram\u00edrez, que tambi\u00e9n han llegado a proponer la eliminaci\u00f3n de la pensi\u00f3n de viudez, por considerar que favorece a unos \u201cprivilegiados\u201d.<\/p>\n<p>En materia de salud, la comisi\u00f3n no solo esconde el fracaso de la Ley 100 de las EPS, sino que para colmo propone aumentar su capitalizaci\u00f3n con m\u00e1s impuestos, aportes parafiscales, regal\u00edas, Sistema General de Participaciones y aumentar los copagos y las cuotas moderadoras. Asimismo recomienda lesionar a\u00fan m\u00e1s la red p\u00fablica, limitando su contrataci\u00f3n.<\/p>\n<p>No hay dudas de la consistencia ideol\u00f3gica expresada por la comisi\u00f3n, encabezada por Fedesarrollo. Sus recomendaciones van en la misma l\u00ednea de lo que se ha hecho en las \u00faltimas tres d\u00e9cadas, con resultados cuestionables: m\u00e1s corrupci\u00f3n, menos competitividad, menor producci\u00f3n con valor agregado, m\u00e1s deterioro laboral y mayor desigualdad. \u00bfCu\u00e1les son sus ideas brillantes? \u00bfHasta cu\u00e1ndo se les seguir\u00e1 consultando? La respuesta la tienen los votantes.<\/p>\n<p>Notas:<\/p>\n<p><a href=\"http:\/\/www.dinero.com\/opinion\/columnistas\/articulo\/gasto-publico-para-gobiernos-corruptos-mario-valencia\/254638#_ftnref1\" name=\"_ftn1\">[1]<\/a>\u00a0Ver estudio completo en:\u00a0<a href=\"http:\/\/cedetrabajo.org\/blog\/estudio-sobre-la-eficiencia-del-gasto-publico-en-colombia-2010-2014\/\">http:\/\/cedetrabajo.org\/blog\/estudio-sobre-la-eficiencia-del-gasto-publico-en-colombia-2010-2014\/<\/a><\/p>\n","protected":false},"excerpt":{"rendered":"<p>Mario Alejandro Valencia, Bogot\u00e1, enero 29 de 2018 Los gobiernos deben financiar y gastar eficientemente el presupuesto p\u00fablico, que es realmente dinero de los ciudadanos. As\u00ed deber\u00eda ser, pero en Colombia el gasto p\u00fablico adem\u00e1s de insuficiente es altamente ineficiente. En efecto, Colombia tiene un gasto p\u00fablico con relaci\u00f3n al PIB (29,4%) m\u00e1s parecido al [&hellip;]<\/p>\n","protected":false},"author":1,"featured_media":14368,"comment_status":"open","ping_status":"open","sticky":false,"template":"","format":"standard","meta":{"advanced_seo_description":"","jetpack_seo_html_title":"","jetpack_seo_noindex":false,"_jetpack_memberships_contains_paid_content":false,"footnotes":""},"categories":[102,97,98],"tags":[],"class_list":["post-14367","post","type-post","status-publish","format-standard","has-post-thumbnail","hentry","category-economia","category-imperialismo-y-neoliberalismo","category-politica"],"jetpack_featured_media_url":"https:\/\/i0.wp.com\/moir.com.co\/web\/wp-content\/uploads\/2018\/01\/gastopublico.jpg?fit=1000%2C665&ssl=1","jetpack-related-posts":[{"id":10626,"url":"https:\/\/moir.com.co\/web\/es-posible-un-pais-mejor-pero-no-con-santos-a-la-cabeza\/","url_meta":{"origin":14367,"position":0},"title":"Es posible un pa\u00eds mejor, pero no con Santos a la cabeza","author":"admin","date":"octubre 17, 2016","format":false,"excerpt":"Mario Alejandro Valencia Barrera, Las2orillas, Bogot\u00e1, octubre 17 de 2016 En casi todas las mediciones sobre aspectos econ\u00f3micos y sociales, como la pobreza, el producto interno bruto, el desempleo, la competitividad, el acceso a la salud, la calidad de la educaci\u00f3n, entre otros, Colombia se encuentra en la tabla media\u2026","rel":"","context":"En \u00abEconom\u00eda\u00bb","block_context":{"text":"Econom\u00eda","link":"https:\/\/moir.com.co\/web\/category\/temas\/economia\/"},"img":{"alt_text":"","src":"","width":0,"height":0},"classes":[]},{"id":11178,"url":"https:\/\/moir.com.co\/web\/politica-fiscal-para-el-crecimiento-y-la-equidad-excepto-en-colombia-i\/","url_meta":{"origin":14367,"position":1},"title":"Pol\u00edtica fiscal para el crecimiento y la equidad, excepto en Colombia (I)","author":"admin","date":"noviembre 28, 2016","format":false,"excerpt":"Mario Alejandro Valencia Barrera, Las2orillas, Bogot\u00e1, noviembre 28 de 2016 En 2013 la directora del Fondo Monetario Internacional (FMI), Christine Lagarde, defendi\u00f3 que el Congreso de Estados Unidos hubiera subido el tope de la deuda nacional \u201cporque lo que hay que evitar es contraer la econom\u00eda recortando brutalmente el gasto\u201d.\u2026","rel":"","context":"En \u00abEconom\u00eda\u00bb","block_context":{"text":"Econom\u00eda","link":"https:\/\/moir.com.co\/web\/category\/temas\/economia\/"},"img":{"alt_text":"","src":"https:\/\/i0.wp.com\/moir.com.co\/web\/wp-content\/uploads\/2016\/11\/reformatributaria8.jpg?fit=615%2C423&ssl=1&resize=350%2C200","width":350,"height":200,"srcset":"https:\/\/i0.wp.com\/moir.com.co\/web\/wp-content\/uploads\/2016\/11\/reformatributaria8.jpg?fit=615%2C423&ssl=1&resize=350%2C200 1x, https:\/\/i0.wp.com\/moir.com.co\/web\/wp-content\/uploads\/2016\/11\/reformatributaria8.jpg?fit=615%2C423&ssl=1&resize=525%2C300 1.5x"},"classes":[]},{"id":4099,"url":"https:\/\/moir.com.co\/web\/farmaceuticas-al-desnudo\/","url_meta":{"origin":14367,"position":2},"title":"Farmac\u00e9uticas al desnudo","author":"admin","date":"febrero 14, 2010","format":false,"excerpt":"Se confirma la teor\u00eda de la conspiraci\u00f3n: grandes multinacionales se sirven de la mentira y del miedo para obtener beneficios. La Uni\u00f3n Europea aprueba una investigaci\u00f3n de posibles presiones de grandes farmac\u00e9uticas a la Organizaci\u00f3n Mundial de la Salud (OMS) para disparar una alarma mundial. La Asamblea Parlamentaria del Consejo\u2026","rel":"","context":"En \u00abTribuna Magisterial\u00bb","block_context":{"text":"Tribuna Magisterial","link":"https:\/\/moir.com.co\/web\/category\/tribuna-magisterial\/"},"img":{"alt_text":"","src":"","width":0,"height":0},"classes":[]},{"id":9572,"url":"https:\/\/moir.com.co\/web\/recorte-al-presupuesto-en-ciencia-y-tecnologia-igual-a-mas-atraso-y-menos-progreso\/","url_meta":{"origin":14367,"position":3},"title":"Recorte al presupuesto en Ciencia y Tecnolog\u00eda, igual a m\u00e1s atraso y menos progreso","author":"admin","date":"agosto 12, 2015","format":false,"excerpt":"Respaldo a la petici\u00f3n de Mois\u00e9s Wasserman y otros acad\u00e9micos de no recortar gasto en C&T; Con respecto a 2014 presupuesto cae en 38%; Colombia se mantiene en el atraso cient\u00edfico y productivo En Ciencia y Tecnolog\u00eda (C&T) la pol\u00edtica del gobierno Santos es sumir al pa\u00eds en la barbarie\u2026","rel":"","context":"En \u00abJorge Enrique Robledo\u00bb","block_context":{"text":"Jorge Enrique Robledo","link":"https:\/\/moir.com.co\/web\/category\/jorge-enrique-robledo\/"},"img":{"alt_text":"","src":"","width":0,"height":0},"classes":[]},{"id":4950,"url":"https:\/\/moir.com.co\/web\/la-mala-educacion\/","url_meta":{"origin":14367,"position":4},"title":"La mala educaci\u00f3n","author":"admin","date":"octubre 27, 2010","format":false,"excerpt":"Federico List explicaba hace siglo y medio que para una naci\u00f3n, m\u00e1s importante que la riqueza misma, \u201ces la aptitud para crear riquezas\u201d. Anotaba adem\u00e1s que mediante la combinaci\u00f3n de la inteligencia y los brazos de las gentes se logra transformar la naturaleza en mayor grado. El Banco Mundial, en\u2026","rel":"","context":"En \u00abTemas\u00bb","block_context":{"text":"Temas","link":"https:\/\/moir.com.co\/web\/category\/temas\/"},"img":{"alt_text":"","src":"","width":0,"height":0},"classes":[]},{"id":9798,"url":"https:\/\/moir.com.co\/web\/colombia-no-es-la-mas-educada\/","url_meta":{"origin":14367,"position":5},"title":"Colombia no es la \u201cm\u00e1s educada\u201d.","author":"admin","date":"diciembre 1, 2015","format":false,"excerpt":"El gobierno nacional viene difundiendo con pertinaz insistencia el bluff publicitario \u201cColombia, la m\u00e1s educada\u201d. Pero \u00bfqu\u00e9 ha sido de las finanzas de la educaci\u00f3n del pa\u00eds? De acuerdo con el programa de Indicadores de los Sistemas Educativos (OECD, 2015) Colombia ocupa el deshonroso pen\u00faltimo lugar en inversi\u00f3n de recursos,\u2026","rel":"","context":"En \u00abTemas\u00bb","block_context":{"text":"Temas","link":"https:\/\/moir.com.co\/web\/category\/temas\/"},"img":{"alt_text":"","src":"","width":0,"height":0},"classes":[]}],"jetpack_sharing_enabled":true,"_links":{"self":[{"href":"https:\/\/moir.com.co\/web\/wp-json\/wp\/v2\/posts\/14367","targetHints":{"allow":["GET"]}}],"collection":[{"href":"https:\/\/moir.com.co\/web\/wp-json\/wp\/v2\/posts"}],"about":[{"href":"https:\/\/moir.com.co\/web\/wp-json\/wp\/v2\/types\/post"}],"author":[{"embeddable":true,"href":"https:\/\/moir.com.co\/web\/wp-json\/wp\/v2\/users\/1"}],"replies":[{"embeddable":true,"href":"https:\/\/moir.com.co\/web\/wp-json\/wp\/v2\/comments?post=14367"}],"version-history":[{"count":1,"href":"https:\/\/moir.com.co\/web\/wp-json\/wp\/v2\/posts\/14367\/revisions"}],"predecessor-version":[{"id":14369,"href":"https:\/\/moir.com.co\/web\/wp-json\/wp\/v2\/posts\/14367\/revisions\/14369"}],"wp:featuredmedia":[{"embeddable":true,"href":"https:\/\/moir.com.co\/web\/wp-json\/wp\/v2\/media\/14368"}],"wp:attachment":[{"href":"https:\/\/moir.com.co\/web\/wp-json\/wp\/v2\/media?parent=14367"}],"wp:term":[{"taxonomy":"category","embeddable":true,"href":"https:\/\/moir.com.co\/web\/wp-json\/wp\/v2\/categories?post=14367"},{"taxonomy":"post_tag","embeddable":true,"href":"https:\/\/moir.com.co\/web\/wp-json\/wp\/v2\/tags?post=14367"}],"curies":[{"name":"wp","href":"https:\/\/api.w.org\/{rel}","templated":true}]}}