{"id":14359,"date":"2018-01-29T17:07:18","date_gmt":"2018-01-29T17:07:18","guid":{"rendered":"https:\/\/moir.org.co\/web\/?p=14359"},"modified":"2018-01-29T17:07:18","modified_gmt":"2018-01-29T17:07:18","slug":"otra-actuacion-contra-las-victimas-desalojos","status":"publish","type":"post","link":"https:\/\/moir.com.co\/web\/otra-actuacion-contra-las-victimas-desalojos\/","title":{"rendered":"Otra actuaci\u00f3n contra las v\u00edctimas. Desalojos"},"content":{"rendered":"<p><strong>Jos\u00e9 Arlex Arias, Cartagena, enero 29 de 2018<\/strong><\/p>\n<p>La decisi\u00f3n caus\u00f3 gran impacto entre las v\u00edctimas, quiz\u00e1s tan fuerte como el que sintieron los familiares de las 21 v\u00edctimas fatales del desplome del edificio Blas de Lezo II, impacto del cual no se recuperan, sin recibir resarcimiento de sus victimarios y solo paliativos del Distrito. Hoy, el &#8220;cartel de la construcci\u00f3n\u201d sigue \u201cvivito y coleando&#8221;, felices de la vida, porque saben que a pesar de los graves da\u00f1os que le causan a la sociedad, pueden disfrutar de sus ilegales ganancias en mansiones y fincas por c\u00e1rcel y esconder sus capitales en para\u00edsos fiscales. Es que el estado social de derecho est\u00e1 dise\u00f1ado para ellos; la corrupci\u00f3n es inherente al modelo econ\u00f3mico: &#8220;la m\u00e1xima ganancia por encima de todo&#8221;. La decisi\u00f3n de desalojar de inmediato 16 edificios \u201314 de ellos construidos por los Quiroz, propietarios del Blas de Lezo II\u2013, que albergan a 108 familias, la tom\u00f3 un mozalbete al que le entregaron interinamente la alcald\u00eda de Cartagena, puesto que el presidente Santos decidi\u00f3 tomarse todo el tiempo legal para convocar a las elecciones at\u00edpicas \u2013el comentario es que se est\u00e1n gastando el presupuesto del 2018 para favorecer a sus grupos en la campa\u00f1a electoral\u2013, burlando al constituyente primario. Fue una determinaci\u00f3n irresponsable, improvisada, sin medir las consecuencias y los da\u00f1os causados a unos habitantes que luchan por conseguir un techo, un apartamento que les brinde, dentro de sus circunstancias, mejores condiciones de vida, en un c\u00edrculo social construido en muchos a\u00f1os.<\/p>\n<p>&nbsp;<\/p>\n<p>No se puede poner en discusi\u00f3n que primero est\u00e1 el derecho fundamental a la vida; por eso cuando se trate de tomar decisiones alrededor del mismo, estas tienen que ser cuidadosas, sin improvisar enviando a unas familias, que viven con cierta comodidad, a que se alojen en un improvisado campamento en unas instalaciones deportivas, m\u00e1xime cuando hay interpretaciones discordantes frente a los estudios de la Universidad de Cartagena, que, al defender su idoneidad, ha dicho que ellos hablan de que las edificaciones tienen cierto grado de vulnerabilidad, mas no de inminente desplome; adem\u00e1s, otros prestigiosos ingenieros estructuralistas defienden la tesis de que no hay necesidad de desalojos.<\/p>\n<p>&nbsp;<\/p>\n<p>Lo grave de todo esto es que se est\u00e1 aplicando una justicia espect\u00e1culo por parte del fiscal general, N\u00e9stor Humberto Mart\u00ednez Neira, uno de los ide\u00f3logos de Cambio Radical, el partido con el mayor n\u00famero proporcional de congresistas y funcionarios presos por corrupci\u00f3n, quien revictimiza a los compradores de buena fe, mientras el &#8220;cartel de la construcci\u00f3n&#8221;, que seg\u00fan el procurador general, existe en Cartagena, sigue tan campante. Como lo dijo el exconcejal David M\u00fanera: &#8220;Rechazo las actuaciones oficiales en contra de las v\u00edctimas y alerto al pueblo cartagenero sobre los costos que vamos a pagar, por las multimillonarias indemnizaciones que tendr\u00e1 que reconocer el Distrito de Cartagena a los afectados, a consecuencia de los fallos de las autoridades judiciales, mientras que los integrantes del cartel de la construcci\u00f3n continuar\u00e1n frecuentando los elegantes clubes de la ciudad&#8221;.<\/p>\n","protected":false},"excerpt":{"rendered":"<p>Jos\u00e9 Arlex Arias, Cartagena, enero 29 de 2018 La decisi\u00f3n caus\u00f3 gran impacto entre las v\u00edctimas, quiz\u00e1s tan fuerte como el que sintieron los familiares de las 21 v\u00edctimas fatales del desplome del edificio Blas de Lezo II, impacto del cual no se recuperan, sin recibir resarcimiento de sus victimarios y solo paliativos del Distrito. [&hellip;]<\/p>\n","protected":false},"author":1,"featured_media":14360,"comment_status":"open","ping_status":"open","sticky":false,"template":"","format":"standard","meta":{"advanced_seo_description":"","jetpack_seo_html_title":"","jetpack_seo_noindex":false,"_jetpack_memberships_contains_paid_content":false,"footnotes":""},"categories":[102,97,98,111],"tags":[],"class_list":["post-14359","post","type-post","status-publish","format-standard","has-post-thumbnail","hentry","category-economia","category-imperialismo-y-neoliberalismo","category-politica","category-vivienda-y-desarrollo-urbano"],"jetpack_featured_media_url":"https:\/\/i0.wp.com\/moir.com.co\/web\/wp-content\/uploads\/2018\/01\/cartagenaedificiodesalojado.jpeg?fit=275%2C183&ssl=1","jetpack-related-posts":[{"id":18124,"url":"https:\/\/moir.com.co\/web\/privatizacion-de-la-salud-causa-de-una-catastrofe\/","url_meta":{"origin":14359,"position":0},"title":"Privatizaci\u00f3n de la salud, causa de una cat\u00e1strofe","author":"admin","date":"octubre 2, 2019","format":false,"excerpt":"Jos\u00e9 Arlex Arias, Cartagena, septiembre 30 de 2019 Este mes la Organizaci\u00f3n Mundial de la Salud, OMS, advirti\u00f3 que 5.000 millones personas seguir\u00e1n sin \"seguro\" de salud en el 2030. El informe de Tedros Adhanom, director general de la OMS, emitido en la v\u00edspera de que la Asamblea General debatiera\u2026","rel":"","context":"En \u00abDebate Salud\u00bb","block_context":{"text":"Debate Salud","link":"https:\/\/moir.com.co\/web\/category\/jorge-enrique-robledo\/debate-salud\/"},"img":{"alt_text":"","src":"","width":0,"height":0},"classes":[]},{"id":5128,"url":"https:\/\/moir.com.co\/web\/bancada-del-pda-abandona-la-plenaria-de-la-camara-de-representantes\/","url_meta":{"origin":14359,"position":1},"title":"Bancada del PDA abandona la plenaria de la C\u00e1mara de Representantes","author":"admin","date":"diciembre 14, 2010","format":false,"excerpt":"La plenaria de la C\u00e1mara de Representantes aprob\u00f3 ayer el proyecto de Ley de v\u00edctimas que pasar\u00e1 a debate en el Senado. La bancada del PDA, \u00fanico partido de oposici\u00f3n a la coalici\u00f3n del Gobierno Nacional, abandon\u00f3 el recinto antes de que concluyera el debate. El representante Iv\u00e1n Cepeda expres\u00f3\u2026","rel":"","context":"En \u00abPolo Democr\u00e1tico Alternativo\u00bb","block_context":{"text":"Polo Democr\u00e1tico Alternativo","link":"https:\/\/moir.com.co\/web\/category\/polo-democratico-alternativo\/"},"img":{"alt_text":"","src":"","width":0,"height":0},"classes":[]},{"id":6240,"url":"https:\/\/moir.com.co\/web\/a-quien-le-importan-la-pequenas-y-medianas-empresas\/","url_meta":{"origin":14359,"position":2},"title":"\u00bfA qui\u00e9n le importan la peque\u00f1as y medianas empresas?","author":"admin","date":"enero 20, 2012","format":false,"excerpt":"En reciente entrevista, el presidente de la Asociaci\u00f3n Colombiana de las Micro, Peque\u00f1as y Medianas Empresas (Acopi), Mauricio Ram\u00edrez, al pregunt\u00e1rsele sobre el TLC con Estados Unidos, respondi\u00f3: \u201cEn la pr\u00e1ctica, las posibilidades de las microempresas de competir son nulas tanto en el mercado interno como en el externo. Si\u2026","rel":"","context":"En \u00abJorge Enrique Robledo\u00bb","block_context":{"text":"Jorge Enrique Robledo","link":"https:\/\/moir.com.co\/web\/category\/jorge-enrique-robledo\/"},"img":{"alt_text":"","src":"","width":0,"height":0},"classes":[]},{"id":11302,"url":"https:\/\/moir.com.co\/web\/justicia-justicia-justicia\/","url_meta":{"origin":14359,"position":3},"title":"Justicia, justicia, justicia\u2026","author":"admin","date":"diciembre 14, 2016","format":false,"excerpt":"Jos\u00e9 Arlex Arias, La Verdad, Cartagena, diciembre 12 de 2016 Los colombianos no nos reponemos de la tragedia de los pasajeros del avi\u00f3n de la empresa boliviana Lamia, que en territorio antioque\u00f1o dej\u00f3 un saldo de 71 muertos, entre los cuales perecieron la mayor\u00eda del equipo brasile\u00f1o Chapecoense, que ese\u2026","rel":"","context":"En \u00abImperialismo y Neoliberalismo\u00bb","block_context":{"text":"Imperialismo y Neoliberalismo","link":"https:\/\/moir.com.co\/web\/category\/temas\/imperialismo-y-neoliberalismo\/"},"img":{"alt_text":"","src":"","width":0,"height":0},"classes":[]},{"id":2340,"url":"https:\/\/moir.com.co\/web\/extradicion-de-paras-es-una-burla-a-las-victimas\/","url_meta":{"origin":14359,"position":4},"title":"Extradici\u00f3n de paras es una burla a las v\u00edctimas","author":"admin","date":"mayo 15, 2008","format":false,"excerpt":"Polo Democr\u00e1tico Alternativo, Bogot\u00e1, mayo 13 de 2008 La decisi\u00f3n del presidente \u00c1lvaro Uribe, de extraditar 14 integrantes de la c\u00fapula paramilitar constituye una inaceptable entrega de la soberan\u00eda nacional que tiene graves efectos, ya que al ser juzgados en Estados Unidos por narcotr\u00e1fico, en la pr\u00e1ctica sigue dejando los\u2026","rel":"","context":"En \u00abPolo Democr\u00e1tico Alternativo\u00bb","block_context":{"text":"Polo Democr\u00e1tico Alternativo","link":"https:\/\/moir.com.co\/web\/category\/polo-democratico-alternativo\/"},"img":{"alt_text":"","src":"","width":0,"height":0},"classes":[]},{"id":268,"url":"https:\/\/moir.com.co\/web\/cronica-de-los-brigadistas-septimo-dia-del-ataque\/","url_meta":{"origin":14359,"position":5},"title":"CR\u00d3NICA DE LOS BRIGADISTAS: S\u00c9PTIMO D\u00cdA DEL ATAQUE","author":"admin","date":"agosto 7, 2004","format":false,"excerpt":"Bagdad\/Madrid, 26 de marzo de 2003. EEUU intensifica la estrategia planificada de provocar terror entre la poblaci\u00f3n civil de Iraq. Trece civiles muertos y decenas de heridos son las \u00faltimas v\u00edctimas conocidas en Bagdad de los ataques \"precisos\" y \"quir\u00fargicos\" lanzados esta ma\u00f1ana, a pleno d\u00eda, entre las 11.00 y\u2026","rel":"","context":"En \u00abTemas\u00bb","block_context":{"text":"Temas","link":"https:\/\/moir.com.co\/web\/category\/temas\/"},"img":{"alt_text":"","src":"","width":0,"height":0},"classes":[]}],"jetpack_sharing_enabled":true,"_links":{"self":[{"href":"https:\/\/moir.com.co\/web\/wp-json\/wp\/v2\/posts\/14359","targetHints":{"allow":["GET"]}}],"collection":[{"href":"https:\/\/moir.com.co\/web\/wp-json\/wp\/v2\/posts"}],"about":[{"href":"https:\/\/moir.com.co\/web\/wp-json\/wp\/v2\/types\/post"}],"author":[{"embeddable":true,"href":"https:\/\/moir.com.co\/web\/wp-json\/wp\/v2\/users\/1"}],"replies":[{"embeddable":true,"href":"https:\/\/moir.com.co\/web\/wp-json\/wp\/v2\/comments?post=14359"}],"version-history":[{"count":1,"href":"https:\/\/moir.com.co\/web\/wp-json\/wp\/v2\/posts\/14359\/revisions"}],"predecessor-version":[{"id":14361,"href":"https:\/\/moir.com.co\/web\/wp-json\/wp\/v2\/posts\/14359\/revisions\/14361"}],"wp:featuredmedia":[{"embeddable":true,"href":"https:\/\/moir.com.co\/web\/wp-json\/wp\/v2\/media\/14360"}],"wp:attachment":[{"href":"https:\/\/moir.com.co\/web\/wp-json\/wp\/v2\/media?parent=14359"}],"wp:term":[{"taxonomy":"category","embeddable":true,"href":"https:\/\/moir.com.co\/web\/wp-json\/wp\/v2\/categories?post=14359"},{"taxonomy":"post_tag","embeddable":true,"href":"https:\/\/moir.com.co\/web\/wp-json\/wp\/v2\/tags?post=14359"}],"curies":[{"name":"wp","href":"https:\/\/api.w.org\/{rel}","templated":true}]}}