{"id":14349,"date":"2018-01-26T22:32:51","date_gmt":"2018-01-26T22:32:51","guid":{"rendered":"https:\/\/moir.org.co\/web\/?p=14349"},"modified":"2018-01-26T22:32:51","modified_gmt":"2018-01-26T22:32:51","slug":"en-reunion-con-gremios-robledo-destaco-la-importancia-de-crear-riqueza","status":"publish","type":"post","link":"https:\/\/moir.com.co\/web\/en-reunion-con-gremios-robledo-destaco-la-importancia-de-crear-riqueza\/","title":{"rendered":"En reuni\u00f3n con gremios, Robledo destac\u00f3 la importancia de crear riqueza"},"content":{"rendered":"<p><strong>Cr\u00f3nica del Quind\u00edo, Armenia, enero 26 de 2018<\/strong><\/p>\n<div class=\"resume\">\n<p><em>El senador advirti\u00f3 que es uno de los problemas m\u00e1s grandes que tiene el pa\u00eds, a lo que se le suman otros factores como la corrupci\u00f3n y la desigualdad.<\/em><\/p>\n<p>En su visita al Quind\u00edo, el senador Jorge Robledo, en compa\u00f1\u00eda de la\u00a0<strong>Coalici\u00f3n Colombia<\/strong>, se reuni\u00f3 con los\u00a0<strong>dirigentes gremiales del departamento<\/strong>, a quienes les expuso\u00a0<strong>la importancia de que en la regi\u00f3n y en todo el pa\u00eds se cree riqueza desde el sector empresarial, campesino y todo aquel que aporte al crecimiento de la misma<\/strong>.<\/p>\n<p>\u201cLes dejamos realmente claro que\u00a0<strong>nosotros somos amigos de la creaci\u00f3n de riqueza y en eso tiene una voz important\u00edsima la actividad empresarial y uno de los problemas m\u00e1s grandes que tenemos en Colombia<\/strong>, por la poca riqueza que creamos, es un desarrollo empresarial enclenque, no por culpa de los empresarios\u00a0<strong>sino porque importamos lo que podemos producir en el pa\u00eds<\/strong>\u201d, precis\u00f3 Robledo en entrevista con\u00a0<a href=\"http:\/\/www.cronicadelquindio.com\/\">LA CR\u00d3NICA<\/a>.<\/p>\n<p>Agreg\u00f3: \u201cColombia por habitante\u00a0<strong>produce la mitad de la riqueza que produce Argentina, una cuarta parte de la que produce Corea y 10 veces menos que la que produce Estados Unidos.\u00a0<\/strong>Es la prueba reina del desastre que nos agobia.\u00a0<strong>Somos el s\u00e9ptimo pa\u00eds m\u00e1s desigual del mundo y uno de los m\u00e1s corruptos del planeta<\/strong>\u201d.<\/p>\n<p>El congresista dijo que \u201c<strong>el a\u00f1o pasado se robaron $50 billones, lo que quiere decir que a cada colombiano le robaron $1 mill\u00f3n<\/strong>, eso es muy grave, pero m\u00e1s grave es que<strong>\u00a0la corrupci\u00f3n es el sistema que se inventaron para poder gobernar de la peor manera y ganar siempre las elecciones<\/strong>, es una verg\u00fcenza porque entonces aqu\u00ed el principio democr\u00e1tico que dice que si usted gobierna mal no vuelve a ganar, eso no funciona y nos quieren imponer siempre a los mismos\u201d.<\/p>\n<h2>\nProp\u00f3sito: liderar transformaciones<\/h2>\n<p>Jorge Robledo indic\u00f3 que junto a Claudia L\u00f3pez\u00a0<strong>decidieron renunciar a la candidatura presidencial con el objetivo de unir el proyecto con la candidatura de Sergio Fajardo<\/strong>\u00a0y luego opt\u00f3 por lanzarse nuevamente como candidato al Senado.<\/p>\n<p>\u201cSoy el n\u00famero uno en la lista del Polo al Senado y se hace con un prop\u00f3sito, que es<strong>\u00a0liderar en el Senado las transformaciones que vamos a impulsar con Fajardo de presidente de la Rep\u00fablica<\/strong>, adem\u00e1s de los otros ejercicios de control pol\u00edtico, pero\u00a0<strong>esto va a ser una nueva tarea para m\u00ed<\/strong>. Hay un programa de 27 p\u00e1ginas que tiene que ver con todo: el empleo, la salud, la educaci\u00f3n, la lucha contra la corrupci\u00f3n. La decisi\u00f3n de cu\u00e1l llega primero son cosas que uno no puede saberlo desde ahora porque hay unas realidades, pero bueno,\u00a0<strong>si Fajardo es el presidente mi trabajo ser\u00e1 defender su gobierno en el Congreso<\/strong>\u201d.<\/p>\n<p>Frente a la pregunta:\u00a0<strong>\u00bfpor qu\u00e9 decidi\u00f3 dejar la candidatura presidencial?<\/strong>, Robledo respondi\u00f3 que\u00a0<strong>solo hace en pol\u00edtica lo que considere mejor para Colombia, aunque pueda no ser lo mejor para \u00e9l<\/strong>.<\/p>\n<p>&nbsp;<\/p>\n<blockquote><p>\u201cEs un consejo que le doy a los j\u00f3venes que entren a la pol\u00edtica, que si no act\u00faan as\u00ed, mejor no se metan porque se corrompen inexorablemente, si uno no pone los intereses de los dem\u00e1s por encima de los personales pues se pudre porque se pudre\u201d.<\/p><\/blockquote>\n<h2>\n16 a\u00f1os de trayectoria\u00a0en el Senado<\/h2>\n<p>Jorge Robledo cumple en julio,\u00a0<strong>16 a\u00f1os de trayectoria en el Senado<\/strong>. \u201cDejo constancia de que intent\u00e9 volarme y no pude, pero e<strong>stoy muy contento porque all\u00e1 se cumple una labor bien importante.\u00a0<\/strong>Cuando uno est\u00e1 en la oposici\u00f3n, la labor principal es la del control pol\u00edtico\u201d.<\/p>\n<p>\u201cYo he hecho\u00a0<strong>150 debates de control pol\u00edtico<\/strong>, es probable que sea el senador que m\u00e1s debates haya hecho en la historia de Colombia y una cosa que puede resumir el asunto es que en el pa\u00eds se hace una encuesta con 2.500 l\u00edderes de opini\u00f3n de todos los sectores, no solo del Polo,\u00a0<strong>yo he ganado 6 a\u00f1os consecutivos esa distinci\u00f3n al mejor senador<\/strong>, cosa que tiene que ver con que act\u00fao correctamente y hago las cosas con honradez, decencia, valor civil y patriotismo, pero al final la ciudadan\u00eda es la que tiene que juzgar mi trabajo\u201d, manifest\u00f3.<\/p>\n<h2>Estrategia para volver al Senado<\/h2>\n<p>La bandera de la campa\u00f1a de Robledo es: \u2018Voten por m\u00ed, voten por el Polo\u2019, pues seg\u00fan el senador,\u00a0<strong>la lista del partido pol\u00edtico es de lujo.<\/strong>\u00a0\u201cLa idea es ir al Congreso a seguir siendo el que he sido siempre,<strong>\u00a0yo no me voy a voltear a estas horas de mi vida<\/strong>\u00a0y depende de las circunstancias, eso es muy puntual, pero\u00a0<strong>son siempre tres las tareas principales: control pol\u00edtico, votar las leyes con honradez y respaldar las luchas ciudadanas con la curul<\/strong>\u201d.<\/p>\n<h2>\u00bfC\u00f3mo va la campa\u00f1a?<\/h2>\n<p>Robledo indic\u00f3 que\u00a0<strong>la Coalici\u00f3n Colombia est\u00e1 empezando una gira nacional<\/strong>, lo que es algo nuevo, pues tienen una campa\u00f1a fraternal.<\/p>\n<p>\u201cVerde tiene su lista al Senado, Polo tambi\u00e9n,<strong>\u00a0tenemos en 10 departamentos listas conjuntas Polo, Verde y Compromiso Ciudadano<\/strong>, pero estamos haciendo una campa\u00f1a cordial, hay competencia, pero es una cosa civilizada y es tal vez el mensaje que queremos darle al pa\u00eds, que\u00a0<strong>hay que encontrar unos puntos para unirse en beneficio de Colombia<\/strong>, la pol\u00edtica no puede seguir siendo la pelea de perros y gatos, los que llamamos los mismos con las mismas, para ocultar que en todo lo dem\u00e1s est\u00e1n de acuerdo,\u00a0<strong>ese es el truco, nos quieren regresar al viejo bipartidismo Liberal \u2013 Conservador<\/strong>\u00a0y no, esta es una opci\u00f3n de cambio democr\u00e1tico,\u00a0<strong>pero de cambio, porque si siguen ganando los mismos va a pasar lo mismo<\/strong>\u201d.<\/p>\n<h2>\nCumplir determinaciones\u00a0legales para la paz<\/h2>\n<p>El senador dijo que cuando empezaron las conversaciones con Sergio Fajardo y Claudia L\u00f3pez hubo dos acuerdos:\u00a0<strong>trabajar contra la corrupci\u00f3n y el clientelismo<\/strong>.<\/p>\n<blockquote><p>\u201cTodos somos contrarios a la violencia como manera de tramitar los derechos entre los colombianos, por eso somos partidarios del proceso de paz y en nuestro gobierno se cumplir\u00e1n las determinaciones legales que se deben tomar\u201d.<\/p><\/blockquote>\n<h2>\n\u201cNo todos los\u00a0pol\u00edticos somos iguales\u201d<\/h2>\n<p>Jorge Robledo precis\u00f3 que\u00a0<strong>todos los pol\u00edticos no son iguales<\/strong>, \u201ceso es una mentira que le repiten a la gente como una forma de corromper,\u00a0<strong>nosotros no somos iguales a ellos<\/strong>, por esa raz\u00f3n,\u00a0<strong>yo estoy convencido de que Colombia s\u00ed tiene arreglo y puede salir adelante<\/strong>, no es verdad que estemos condenados al infierno en esta tierra, y esa es la lucha en la que estamos\u201d.<\/p>\n<p>Advirti\u00f3: \u201cSomos unos pocos,\u00a0<strong>hasta que dejemos de ser unos pocos, porque el cambio lo define es la gente<\/strong>, pues si vuelve a votar por ellos, pues volver\u00e1n a ganar ellos y nosotros seguiremos luchando, al final es la ciudadan\u00eda la que decide,<strong>\u00a0por eso le hago un llamado a los lectores, si siguen votando por los mismos seguir\u00e1 pasando lo mismo.<\/strong>\u00a0Nosotros no compramos votos, no chantajeamos, el cambio se puede pero est\u00e1 en manos de los colombianos\u201d.<\/p>\n<\/div>\n","protected":false},"excerpt":{"rendered":"<p>Cr\u00f3nica del Quind\u00edo, Armenia, enero 26 de 2018 El senador advirti\u00f3 que es uno de los problemas m\u00e1s grandes que tiene el pa\u00eds, a lo que se le suman otros factores como la corrupci\u00f3n y la desigualdad. En su visita al Quind\u00edo, el senador Jorge Robledo, en compa\u00f1\u00eda de la\u00a0Coalici\u00f3n Colombia, se reuni\u00f3 con los\u00a0dirigentes [&hellip;]<\/p>\n","protected":false},"author":1,"featured_media":14189,"comment_status":"open","ping_status":"open","sticky":false,"template":"","format":"standard","meta":{"advanced_seo_description":"","jetpack_seo_html_title":"","jetpack_seo_noindex":false,"_jetpack_memberships_contains_paid_content":false,"footnotes":""},"categories":[114,102,97,4,98],"tags":[],"class_list":["post-14349","post","type-post","status-publish","format-standard","has-post-thumbnail","hentry","category-agro","category-economia","category-imperialismo-y-neoliberalismo","category-jorge-enrique-robledo","category-politica"],"jetpack_featured_media_url":"https:\/\/i0.wp.com\/moir.com.co\/web\/wp-content\/uploads\/2018\/01\/robledoeltiempo030118.jpeg?fit=640%2C428&ssl=1","jetpack-related-posts":[{"id":12716,"url":"https:\/\/moir.com.co\/web\/en-mi-gobierno-crearemos-un-ministerio-para-la-pequena-y-mediana-economia-robledo\/","url_meta":{"origin":14349,"position":0},"title":"En mi gobierno crearemos un Ministerio para la Peque\u00f1a y Mediana Econom\u00eda: Robledo","author":"admin","date":"junio 14, 2017","format":false,"excerpt":"Oficina de prensa del senador Jorge Enrique Robledo, Bogot\u00e1, junio 14 de 2017 Toda la econom\u00eda empresarial es bienvenida, pero la m\u00e1s d\u00e9bil debe recibir espacial respaldo. Ese ministerio tambi\u00e9n velar\u00e1 por el progreso de la producci\u00f3n campesina e ind\u00edgena. Atender a sectores populares y a la clase media empleada\u2026","rel":"","context":"En \u00abAgro\u00bb","block_context":{"text":"Agro","link":"https:\/\/moir.com.co\/web\/category\/temas\/agro\/"},"img":{"alt_text":"","src":"https:\/\/i0.wp.com\/moir.com.co\/web\/wp-content\/uploads\/2017\/03\/robledoelpais130317.jpeg?fit=565%2C440&ssl=1&resize=350%2C200","width":350,"height":200,"srcset":"https:\/\/i0.wp.com\/moir.com.co\/web\/wp-content\/uploads\/2017\/03\/robledoelpais130317.jpeg?fit=565%2C440&ssl=1&resize=350%2C200 1x, https:\/\/i0.wp.com\/moir.com.co\/web\/wp-content\/uploads\/2017\/03\/robledoelpais130317.jpeg?fit=565%2C440&ssl=1&resize=525%2C300 1.5x"},"classes":[]},{"id":18400,"url":"https:\/\/moir.com.co\/web\/el-gran-pacto-nacional-por-colombia\/","url_meta":{"origin":14349,"position":1},"title":"El Gran Pacto Nacional por Colombia","author":"admin","date":"enero 29, 2020","format":false,"excerpt":"Jos\u00e9 Arlex Arias, Cartagena,\u00a0 enero 27 de 2020 El pasado 19 de enero de 2020, el senador del Polo Democr\u00e1tico Alternativo, Jorge Enrique Robledo, anunci\u00f3: \"He tomado la decisi\u00f3n de presentar mi nombre como candidato presidencial en el a\u00f1o 2022 en el marco de un Gran Pacto Nacional, el m\u00e1s\u2026","rel":"","context":"En \u00abAgro\u00bb","block_context":{"text":"Agro","link":"https:\/\/moir.com.co\/web\/category\/temas\/agro\/"},"img":{"alt_text":"","src":"https:\/\/i0.wp.com\/moir.com.co\/web\/wp-content\/uploads\/2018\/08\/robledolalibertad2018.jpeg?fit=1200%2C798&ssl=1&resize=350%2C200","width":350,"height":200,"srcset":"https:\/\/i0.wp.com\/moir.com.co\/web\/wp-content\/uploads\/2018\/08\/robledolalibertad2018.jpeg?fit=1200%2C798&ssl=1&resize=350%2C200 1x, https:\/\/i0.wp.com\/moir.com.co\/web\/wp-content\/uploads\/2018\/08\/robledolalibertad2018.jpeg?fit=1200%2C798&ssl=1&resize=525%2C300 1.5x, https:\/\/i0.wp.com\/moir.com.co\/web\/wp-content\/uploads\/2018\/08\/robledolalibertad2018.jpeg?fit=1200%2C798&ssl=1&resize=700%2C400 2x, https:\/\/i0.wp.com\/moir.com.co\/web\/wp-content\/uploads\/2018\/08\/robledolalibertad2018.jpeg?fit=1200%2C798&ssl=1&resize=1050%2C600 3x"},"classes":[]},{"id":18343,"url":"https:\/\/moir.com.co\/web\/crear-mas-riqueza-y-crear-mas-riqueza\/","url_meta":{"origin":14349,"position":2},"title":"Crear m\u00e1s riqueza y crear m\u00e1s riqueza","author":"admin","date":"enero 9, 2020","format":false,"excerpt":"Jorge Enrique Robledo, Bogot\u00e1, enero 3 de 2020 \u00bfD\u00f3nde? En las econom\u00edas familiares y en las empresariales, en todas partes, y, al mismo tiempo, crear m\u00e1s empleo, crear m\u00e1s empleo y crear m\u00e1s empleo, estable y bien remunerado. Por una actitud democr\u00e1tica frente a la vida y porque el capital,\u2026","rel":"","context":"En \u00abEconom\u00eda\u00bb","block_context":{"text":"Econom\u00eda","link":"https:\/\/moir.com.co\/web\/category\/temas\/economia\/"},"img":{"alt_text":"","src":"https:\/\/i0.wp.com\/moir.com.co\/web\/wp-content\/uploads\/2020\/01\/economiaColombia.jpg?fit=582%2C327&ssl=1&resize=350%2C200","width":350,"height":200,"srcset":"https:\/\/i0.wp.com\/moir.com.co\/web\/wp-content\/uploads\/2020\/01\/economiaColombia.jpg?fit=582%2C327&ssl=1&resize=350%2C200 1x, https:\/\/i0.wp.com\/moir.com.co\/web\/wp-content\/uploads\/2020\/01\/economiaColombia.jpg?fit=582%2C327&ssl=1&resize=525%2C300 1.5x"},"classes":[]},{"id":13501,"url":"https:\/\/moir.com.co\/web\/el-mensaje-de-jorge-robledo-a-los-microempresarios-del-pais\/","url_meta":{"origin":14349,"position":3},"title":"El mensaje de Jorge Robledo a los microempresarios del pa\u00eds","author":"admin","date":"octubre 13, 2017","format":false,"excerpt":"http:\/\/www.elolfato.com\/, octubre 13 de 2017 \u201cSe vienen cuatro a\u00f1os de defensa de las micro, peque\u00f1as y medianas empresas, les toca a las MiPymes\u201d, les dijo el precandidato presidencial Jorge Enrique Robledo a cientos de empresarios presentes en Cartagena en el 62 Congreso de Acopi, gremio que agrupa a los micro,\u2026","rel":"","context":"En \u00abAgro\u00bb","block_context":{"text":"Agro","link":"https:\/\/moir.com.co\/web\/category\/temas\/agro\/"},"img":{"alt_text":"","src":"https:\/\/i0.wp.com\/moir.com.co\/web\/wp-content\/uploads\/2017\/10\/Robledopymes.jpg?fit=835%2C470&ssl=1&resize=350%2C200","width":350,"height":200,"srcset":"https:\/\/i0.wp.com\/moir.com.co\/web\/wp-content\/uploads\/2017\/10\/Robledopymes.jpg?fit=835%2C470&ssl=1&resize=350%2C200 1x, https:\/\/i0.wp.com\/moir.com.co\/web\/wp-content\/uploads\/2017\/10\/Robledopymes.jpg?fit=835%2C470&ssl=1&resize=525%2C300 1.5x, https:\/\/i0.wp.com\/moir.com.co\/web\/wp-content\/uploads\/2017\/10\/Robledopymes.jpg?fit=835%2C470&ssl=1&resize=700%2C400 2x"},"classes":[]},{"id":10785,"url":"https:\/\/moir.com.co\/web\/senador-jorge-enrique-robledo-anuncia-su-precandidatura-a-la-presidencia\/","url_meta":{"origin":14349,"position":4},"title":"Senador Jorge Enrique Robledo anuncia su precandidatura a la Presidencia","author":"admin","date":"octubre 26, 2016","format":false,"excerpt":"Oficina de prensa del senador Jorge Enrique Robledo, Bogot\u00e1, octubre 26 de 2016e Jorge Enrique Robledo Castillo, recientemente elegido por quinta ocasi\u00f3n consecutiva por los l\u00edderes de opini\u00f3n como el mejor senador del pa\u00eds, anunci\u00f3 su precandidatura a la Presidencia de la Rep\u00fablica. Por medio de una carta, el senador\u2026","rel":"","context":"En \u00abJorge Enrique Robledo\u00bb","block_context":{"text":"Jorge Enrique Robledo","link":"https:\/\/moir.com.co\/web\/category\/jorge-enrique-robledo\/"},"img":{"alt_text":"","src":"https:\/\/i0.wp.com\/moir.com.co\/web\/wp-content\/uploads\/2016\/10\/robledocandidato2018.jpg?fit=835%2C470&ssl=1&resize=350%2C200","width":350,"height":200,"srcset":"https:\/\/i0.wp.com\/moir.com.co\/web\/wp-content\/uploads\/2016\/10\/robledocandidato2018.jpg?fit=835%2C470&ssl=1&resize=350%2C200 1x, https:\/\/i0.wp.com\/moir.com.co\/web\/wp-content\/uploads\/2016\/10\/robledocandidato2018.jpg?fit=835%2C470&ssl=1&resize=525%2C300 1.5x, https:\/\/i0.wp.com\/moir.com.co\/web\/wp-content\/uploads\/2016\/10\/robledocandidato2018.jpg?fit=835%2C470&ssl=1&resize=700%2C400 2x"},"classes":[]},{"id":13504,"url":"https:\/\/moir.com.co\/web\/en-mi-gobierno-los-pequenos-y-medianos-empresarios-seran-protagonistas-del-progreso-economico-robledo\/","url_meta":{"origin":14349,"position":5},"title":"En mi gobierno los peque\u00f1os y medianos empresarios ser\u00e1n protagonistas del progreso econ\u00f3mico: Robledo","author":"admin","date":"octubre 13, 2017","format":false,"excerpt":"Oficina de prensa del senador Jorge Enrique Robledo, Bogot\u00e1, octubre 12 de 2017 En el 62 Congreso Nacional de las Peque\u00f1as y Medianas Empresas el candidato presidencial del Polo propuso reducci\u00f3n de impuestos para las Pymes mediante una tarifa diferencial, creaci\u00f3n del Ministerio Para la Peque\u00f1a y Mediana Econom\u00eda Urbana\u2026","rel":"","context":"En \u00abEconom\u00eda\u00bb","block_context":{"text":"Econom\u00eda","link":"https:\/\/moir.com.co\/web\/category\/temas\/economia\/"},"img":{"alt_text":"","src":"https:\/\/i0.wp.com\/moir.com.co\/web\/wp-content\/uploads\/2017\/10\/robledopymes2.jpeg?fit=768%2C512&ssl=1&resize=350%2C200","width":350,"height":200,"srcset":"https:\/\/i0.wp.com\/moir.com.co\/web\/wp-content\/uploads\/2017\/10\/robledopymes2.jpeg?fit=768%2C512&ssl=1&resize=350%2C200 1x, https:\/\/i0.wp.com\/moir.com.co\/web\/wp-content\/uploads\/2017\/10\/robledopymes2.jpeg?fit=768%2C512&ssl=1&resize=525%2C300 1.5x, https:\/\/i0.wp.com\/moir.com.co\/web\/wp-content\/uploads\/2017\/10\/robledopymes2.jpeg?fit=768%2C512&ssl=1&resize=700%2C400 2x"},"classes":[]}],"jetpack_sharing_enabled":true,"_links":{"self":[{"href":"https:\/\/moir.com.co\/web\/wp-json\/wp\/v2\/posts\/14349","targetHints":{"allow":["GET"]}}],"collection":[{"href":"https:\/\/moir.com.co\/web\/wp-json\/wp\/v2\/posts"}],"about":[{"href":"https:\/\/moir.com.co\/web\/wp-json\/wp\/v2\/types\/post"}],"author":[{"embeddable":true,"href":"https:\/\/moir.com.co\/web\/wp-json\/wp\/v2\/users\/1"}],"replies":[{"embeddable":true,"href":"https:\/\/moir.com.co\/web\/wp-json\/wp\/v2\/comments?post=14349"}],"version-history":[{"count":1,"href":"https:\/\/moir.com.co\/web\/wp-json\/wp\/v2\/posts\/14349\/revisions"}],"predecessor-version":[{"id":14350,"href":"https:\/\/moir.com.co\/web\/wp-json\/wp\/v2\/posts\/14349\/revisions\/14350"}],"wp:featuredmedia":[{"embeddable":true,"href":"https:\/\/moir.com.co\/web\/wp-json\/wp\/v2\/media\/14189"}],"wp:attachment":[{"href":"https:\/\/moir.com.co\/web\/wp-json\/wp\/v2\/media?parent=14349"}],"wp:term":[{"taxonomy":"category","embeddable":true,"href":"https:\/\/moir.com.co\/web\/wp-json\/wp\/v2\/categories?post=14349"},{"taxonomy":"post_tag","embeddable":true,"href":"https:\/\/moir.com.co\/web\/wp-json\/wp\/v2\/tags?post=14349"}],"curies":[{"name":"wp","href":"https:\/\/api.w.org\/{rel}","templated":true}]}}