{"id":14336,"date":"2018-01-25T16:54:03","date_gmt":"2018-01-25T16:54:03","guid":{"rendered":"https:\/\/moir.org.co\/web\/?p=14336"},"modified":"2018-01-25T16:54:03","modified_gmt":"2018-01-25T16:54:03","slug":"millones-de-bogotanos-afectados-por-mala-decision-de-penalosa-de-prohibir-parrillero-hombre-en-las-motos-robledo","status":"publish","type":"post","link":"https:\/\/moir.com.co\/web\/millones-de-bogotanos-afectados-por-mala-decision-de-penalosa-de-prohibir-parrillero-hombre-en-las-motos-robledo\/","title":{"rendered":"Millones de bogotanos afectados por mala decisi\u00f3n de Pe\u00f1alosa de prohibir parrillero hombre en las motos: Robledo"},"content":{"rendered":"<p><strong>Oficina de prensa del senador Jorge Enrique Robledo, Bogot\u00e1, enero 25 de 2018<\/strong><\/p>\n<p><em>La medida es discriminatoria y no resuelve el problema de la inseguridad<\/em><\/p>\n<p>El senador Jorge Enrique Robledo rechaz\u00f3 la medida del alcalde de Bogot\u00e1 Enrique Pe\u00f1alosa de prohibir los parrilleros hombres en las motos con el supuesto prop\u00f3sito de disminuir la criminalidad que azota a los bogotanos.<\/p>\n<p>Robledo se uni\u00f3 a las voces de quienes consideran que la medida de Pe\u00f1alosa es desesperada y discriminatoria con millones de capitalinos que derivan su sustento de la moto. Las 500 mil motos que circulan en la capital, en las cuales se hacen 750.000 viajes al d\u00eda, los estratos populares las usan como instrumento de trabajo y como un veh\u00edculo que les permite sortear el costoso y p\u00e9simo servicio del sistema de transporte p\u00fablico, cuyo eje es Transmilenio.<\/p>\n<p>El senador polista, el m\u00e1s votado en la capital del pa\u00eds, se sum\u00f3 a los reclamos de Sergio Fern\u00e1ndez, candidato a la C\u00e1mara por Bogot\u00e1 y de Manuel Sarmiento, concejal del Polo en Bogot\u00e1, quienes con datos demostraron la ineficacia de la medida de Pe\u00f1alosa y se pusieron del lado de los usuarios y propietarios de motocicletas.<\/p>\n<p>Robledo llam\u00f3 a la sensatez al alcalde Pe\u00f1alosa y le solicit\u00f3 echar para atr\u00e1s esa p\u00e9sima decisi\u00f3n y en su lugar combatir la inseguridad sin afectar el derecho al trabajo y a la locomoci\u00f3n de la gente sencilla de Bogot\u00e1.<\/p>\n<div class=\"SandboxRoot env-bp-350\" data-twitter-event-id=\"0\">\n<div id=\"twitter-widget-0\" class=\"EmbeddedTweet EmbeddedTweet--edge js-clickToOpenTarget tweet-InformationCircle-widgetParent\" lang=\"es\" data-click-to-open-target=\"https:\/\/twitter.com\/SergioFerG\/status\/956174821834067968\" data-iframe-title=\"Tweet de Twitter\" data-dt-full=\"%{hours24}:%{minutes} - %{day} %{month} %{year}\" data-dt-explicit-timestamp=\"9:40 - 24 ene. 2018\" data-dt-months=\"ene|feb|mar|abr|Mayo|jun|jul|ago|sep|oct|nov|dic\" data-dt-am=\"AM\" data-dt-pm=\"PM\" data-dt-now=\"ahora\" data-dt-s=\"s\" data-dt-m=\"m\" data-dt-h=\"h\" data-dt-second=\"segundo\" data-dt-seconds=\"segundos\" data-dt-minute=\"minuto\" data-dt-minutes=\"minutos\" data-dt-hour=\"hora\" data-dt-hours=\"horas\" data-dt-abbr=\"%{number}%{symbol}\" data-dt-short=\"%{day} %{month}\" data-dt-long=\"%{day} %{month} %{year}\" data-scribe=\"page:tweet\" data-twitter-event-id=\"2\">\n<div class=\"EmbeddedTweet-tweet\">\n<blockquote class=\"Tweet h-entry js-tweetIdInfo subject expanded\" cite=\"https:\/\/twitter.com\/SergioFerG\/status\/956174821834067968\" data-tweet-id=\"956174821834067968\" data-scribe=\"section:subject\">\n<div class=\"Tweet-header u-cf\">\n<div class=\"Tweet-brand u-floatRight\"><\/div>\n<div class=\"TweetAuthor js-inViewportScribingTarget\" data-scribe=\"component:author\"><a class=\"TweetAuthor-link Identity u-linkBlend\" href=\"https:\/\/twitter.com\/SergioFerG\" data-scribe=\"element:user_link\" aria-label=\"Sergio Fernandez C\u00e1mara Bogot\u00e1 102 (nombre de pantalla: SergioFerG)\"><span class=\"TweetAuthor-avatar Identity-avatar\"><img data-recalc-dims=\"1\" decoding=\"async\" class=\"Avatar Avatar--edge\" src=\"https:\/\/i0.wp.com\/pbs.twimg.com\/profile_images\/948676295201902592\/T2zi7Mha_bigger.jpg?w=800&#038;ssl=1\" alt=\"\" data-scribe=\"element:avatar\" data-src-2x=\"https:\/\/pbs.twimg.com\/profile_images\/948676295201902592\/T2zi7Mha_bigger.jpg\" data-src-1x=\"https:\/\/pbs.twimg.com\/profile_images\/948676295201902592\/T2zi7Mha_normal.jpg\" \/><\/span><span class=\"TweetAuthor-decoratedName\"><span class=\"TweetAuthor-name Identity-name customisable-highlight\" title=\"Sergio Fernandez C\u00e1mara Bogot\u00e1 102\" data-scribe=\"element:name\">Sergio Fernandez C\u00e1mara Bogot\u00e1 102<\/span><\/span><span class=\"TweetAuthor-screenName Identity-screenName\" dir=\"ltr\" title=\"@SergioFerG\" data-scribe=\"element:screen_name\">@SergioFerG<\/span><\/a><\/div>\n<\/div>\n<div class=\"Tweet-body e-entry-content\" data-scribe=\"component:tweet\">\n<div class=\"u-hiddenVisually js-inViewportScribingTarget\"><\/div>\n<p class=\"Tweet-text e-entry-title\" dir=\"ltr\" lang=\"es\">Solo 5% de los hurtos en Bogot\u00e1 fueron cometidos en moto. La absurda medida de prohibir el parrillero hombre no incidir\u00e1 en absoluto en la seguridad de la ciudad. Pe\u00f1alosa disfraza de medida de seguridad lo que en realidad es un castigo para obligar a la gente a usar Transmilenio<\/p>\n<div class=\"Tweet-metadata dateline\"><a class=\"u-linkBlend u-url customisable-highlight long-permalink\" href=\"https:\/\/twitter.com\/SergioFerG\/status\/956174821834067968\" data-datetime=\"2018-01-24T14:40:17+0000\" data-scribe=\"element:full_timestamp\"><time class=\"dt-updated\" title=\"Publicado a las: 24 de enero de 2018 14:40:17 (UTC)\" datetime=\"2018-01-24T14:40:17+0000\">9:40 &#8211; 24 ene. 2018<\/time><\/a><\/div>\n<\/div>\n<\/blockquote>\n<\/div>\n<\/div>\n<div class=\"resize-sensor\"><\/div>\n<\/div>\n<div class=\"SandboxRoot env-bp-350\" data-twitter-event-id=\"1\">\n<div id=\"twitter-widget-1\" class=\"EmbeddedTweet EmbeddedTweet--edge EmbeddedTweet--mediaForward media-forward js-clickToOpenTarget js-tweetIdInfo tweet-InformationCircle-widgetParent\" lang=\"es\" data-click-to-open-target=\"https:\/\/twitter.com\/mjsarmientoa\/status\/954733966954762241\" data-iframe-title=\"Tweet de Twitter\" data-dt-full=\"%{hours24}:%{minutes} - %{day} %{month} %{year}\" data-dt-explicit-timestamp=\"10:14 - 20 ene. 2018\" data-dt-months=\"ene|feb|mar|abr|Mayo|jun|jul|ago|sep|oct|nov|dic\" data-dt-am=\"AM\" data-dt-pm=\"PM\" data-dt-now=\"ahora\" data-dt-s=\"s\" data-dt-m=\"m\" data-dt-h=\"h\" data-dt-second=\"segundo\" data-dt-seconds=\"segundos\" data-dt-minute=\"minuto\" data-dt-minutes=\"minutos\" data-dt-hour=\"hora\" data-dt-hours=\"horas\" data-dt-abbr=\"%{number}%{symbol}\" data-dt-short=\"%{day} %{month}\" data-dt-long=\"%{day} %{month} %{year}\" data-scribe=\"page:tweet\" data-tweet-id=\"954733966954762241\" data-twitter-event-id=\"3\">\n<article class=\"MediaCard\n           MediaCard--mediaForward\n\n           cards-multimedia\n           customisable-border\" dir=\"ltr\" data-scribe=\"component:card\"><\/p>\n<div class=\"MediaCard-media\">\n<div class=\"MediaCard-widthConstraint js-cspForcedStyle\" data-style=\"max-width: 2000px\">\n<div class=\"MediaCard-mediaContainer js-cspForcedStyle\" data-style=\"padding-bottom: 56.2500%\">\n<div class=\"NaturalImage-ctaOverlay PlayButton PlayButton--centered\" data-scribe=\"element:play_button\"><\/div>\n<p><a class=\"MediaCard-mediaAsset MediaCard-mediaPlaceholder NaturalImage NaturalImage--fill js-playableMediaInterstitial\" href=\"https:\/\/twitter.com\/mjsarmientoa\/status\/954733966954762241\"><img decoding=\"async\" class=\"NaturalImage-image\" src=\"https:\/\/pbs.twimg.com\/ext_tw_video_thumb\/954732733082865664\/pu\/img\/l2pvfB2JsvhSuK5X?format=jpg&amp;name=medium\" alt=\"\" data-image=\"https:\/\/pbs.twimg.com\/ext_tw_video_thumb\/954732733082865664\/pu\/img\/l2pvfB2JsvhSuK5X\" data-scribe=\"element:poster_image\" \/><\/a><\/div>\n<\/div>\n<\/div>\n<\/article>\n<div class=\"EmbeddedTweet-tweet\">\n<blockquote class=\"Tweet h-entry js-tweetIdInfo subject expanded\" cite=\"https:\/\/twitter.com\/mjsarmientoa\/status\/954733966954762241\" data-tweet-id=\"954733966954762241\" data-scribe=\"section:subject\">\n<div class=\"Tweet-header u-cf\">\n<div class=\"Tweet-brand u-floatRight\"><\/div>\n<div class=\"TweetAuthor js-inViewportScribingTarget\" data-scribe=\"component:author\"><a class=\"TweetAuthor-link Identity u-linkBlend\" href=\"https:\/\/twitter.com\/mjsarmientoa\" data-scribe=\"element:user_link\" aria-label=\"Manuel Sarmiento (nombre de pantalla: mjsarmientoa)\"><span class=\"TweetAuthor-avatar Identity-avatar\"><img data-recalc-dims=\"1\" decoding=\"async\" class=\"Avatar Avatar--edge\" src=\"https:\/\/i0.wp.com\/pbs.twimg.com\/profile_images\/925808593215123458\/4pCxQ5d6_bigger.jpg?w=800&#038;ssl=1\" alt=\"\" data-scribe=\"element:avatar\" data-src-2x=\"https:\/\/pbs.twimg.com\/profile_images\/925808593215123458\/4pCxQ5d6_bigger.jpg\" data-src-1x=\"https:\/\/pbs.twimg.com\/profile_images\/925808593215123458\/4pCxQ5d6_normal.jpg\" \/><\/span><span class=\"TweetAuthor-decoratedName\"><span class=\"TweetAuthor-name Identity-name customisable-highlight\" title=\"Manuel Sarmiento\" data-scribe=\"element:name\">Manuel Sarmiento<\/span><\/span><span class=\"TweetAuthor-screenName Identity-screenName\" dir=\"ltr\" title=\"@mjsarmientoa\" data-scribe=\"element:screen_name\">@mjsarmientoa<\/span><\/a><\/div>\n<\/div>\n<div class=\"Tweet-body e-entry-content\" data-scribe=\"component:tweet\">\n<ul class=\"Tweet-actions\" role=\"menu\" data-scribe=\"component:actions\" aria-label=\"Acciones del Tweet\">\n<li class=\"Tweet-action\">\n<div class=\"Icon Icon--reply TweetAction-icon Icon--replyEdge\" title=\"Responder\" role=\"img\" aria-label=\"Responder\">\n<div class=\"u-hiddenVisually js-inViewportScribingTarget\"><\/div>\n<p class=\"Tweet-text e-entry-title\" dir=\"ltr\" lang=\"es\">El desespero se apodera de Pe\u00f1alosa ante la grave situaci\u00f3n de seguridad que vive la ciudad. Prohibir el parrillero en moto es una medida que no resuelve el problema y que afecta a miles de moteros.<\/p>\n<div class=\"Tweet-metadata dateline\"><a class=\"u-linkBlend u-url customisable-highlight long-permalink\" href=\"https:\/\/twitter.com\/mjsarmientoa\/status\/954733966954762241\" data-datetime=\"2018-01-20T15:14:50+0000\" data-scribe=\"element:full_timestamp\"><time class=\"dt-updated\" title=\"Publicado a las: 20 de enero de 2018 15:14:50 (UTC)\" datetime=\"2018-01-20T15:14:50+0000\">10:14 &#8211; 20 ene. 201<\/time><\/a><\/div>\n<div><\/div>\n<\/div>\n<\/li>\n<li class=\"Tweet-action\"><\/li>\n<\/ul>\n<\/div>\n<\/blockquote>\n<\/div>\n<\/div>\n<\/div>\n","protected":false},"excerpt":{"rendered":"<p>Oficina de prensa del senador Jorge Enrique Robledo, Bogot\u00e1, enero 25 de 2018 La medida es discriminatoria y no resuelve el problema de la inseguridad El senador Jorge Enrique Robledo rechaz\u00f3 la medida del alcalde de Bogot\u00e1 Enrique Pe\u00f1alosa de prohibir los parrilleros hombres en las motos con el supuesto prop\u00f3sito de disminuir la criminalidad [&hellip;]<\/p>\n","protected":false},"author":1,"featured_media":14337,"comment_status":"open","ping_status":"open","sticky":false,"template":"","format":"standard","meta":{"advanced_seo_description":"","jetpack_seo_html_title":"","jetpack_seo_noindex":false,"_jetpack_memberships_contains_paid_content":false,"footnotes":""},"categories":[101,102,97,4,98,110],"tags":[],"class_list":["post-14336","post","type-post","status-publish","format-standard","has-post-thumbnail","hentry","category-bogota","category-economia","category-imperialismo-y-neoliberalismo","category-jorge-enrique-robledo","category-politica","category-vias-y-transporte"],"jetpack_featured_media_url":"https:\/\/i0.wp.com\/moir.com.co\/web\/wp-content\/uploads\/2018\/01\/motocicletasbogota.jpeg?fit=768%2C384&ssl=1","jetpack-related-posts":[{"id":14390,"url":"https:\/\/moir.com.co\/web\/prohibir-parrilleros-de-motos-no-es-la-solucion\/","url_meta":{"origin":14336,"position":0},"title":"Prohibir parrilleros de motos no es la soluci\u00f3n","author":"admin","date":"febrero 1, 2018","format":false,"excerpt":"Amaury N\u00fa\u00f1ez Gonz\u00e1lez, Medell\u00edn, enero 31 de 2018 El alcalde de Bogot\u00e1, Enrique Pe\u00f1alosa, prohibi\u00f3 los parrilleros hombres mayores de 14 a\u00f1os en las motos de su ciudad. La decisi\u00f3n trajo como era natural, un gran descontento. La indignaci\u00f3n representada de 400 mil motociclistas produjo dram\u00e1ticas im\u00e1genes de polic\u00edas llev\u00e1ndose\u2026","rel":"","context":"En \u00abBogot\u00e1\u00bb","block_context":{"text":"Bogot\u00e1","link":"https:\/\/moir.com.co\/web\/category\/temas\/bogota\/"},"img":{"alt_text":"","src":"https:\/\/i0.wp.com\/moir.com.co\/web\/wp-content\/uploads\/2018\/02\/motociclistasprotestabogota2018.jpg?fit=1024%2C600&ssl=1&resize=350%2C200","width":350,"height":200,"srcset":"https:\/\/i0.wp.com\/moir.com.co\/web\/wp-content\/uploads\/2018\/02\/motociclistasprotestabogota2018.jpg?fit=1024%2C600&ssl=1&resize=350%2C200 1x, https:\/\/i0.wp.com\/moir.com.co\/web\/wp-content\/uploads\/2018\/02\/motociclistasprotestabogota2018.jpg?fit=1024%2C600&ssl=1&resize=525%2C300 1.5x, https:\/\/i0.wp.com\/moir.com.co\/web\/wp-content\/uploads\/2018\/02\/motociclistasprotestabogota2018.jpg?fit=1024%2C600&ssl=1&resize=700%2C400 2x"},"classes":[]},{"id":14339,"url":"https:\/\/moir.com.co\/web\/prohibicion-del-parrillero-perjudica-a-miles-de-bogotanos-no-mejora-la-seguridad-y-es-ilegal-concejal-manuel-sarmiento\/","url_meta":{"origin":14336,"position":1},"title":"Prohibici\u00f3n del parrillero perjudica a miles de bogotanos, no mejora la seguridad y es ilegal: concejal Manuel Sarmiento","author":"admin","date":"enero 25, 2018","format":false,"excerpt":"Oficina de prensa del concejal Manuel Sarmiento, Bogot\u00e1, enero 25 de 2018 \u00a0 El concejal Manuel Sarmiento rechaz\u00f3 la medida anunciada por el alcalde Pe\u00f1alosa que prohibe el parrillero hombre en todo Bogot\u00e1. \u201cEsta prohibici\u00f3n no sirve para resolver el grave problema de inseguridad en la ciudad y s\u00ed lesiona\u2026","rel":"","context":"En \u00abBogot\u00e1\u00bb","block_context":{"text":"Bogot\u00e1","link":"https:\/\/moir.com.co\/web\/category\/temas\/bogota\/"},"img":{"alt_text":"","src":"https:\/\/i0.wp.com\/moir.com.co\/web\/wp-content\/uploads\/2018\/01\/motocicletasbogota2.jpg?fit=640%2C425&ssl=1&resize=350%2C200","width":350,"height":200,"srcset":"https:\/\/i0.wp.com\/moir.com.co\/web\/wp-content\/uploads\/2018\/01\/motocicletasbogota2.jpg?fit=640%2C425&ssl=1&resize=350%2C200 1x, https:\/\/i0.wp.com\/moir.com.co\/web\/wp-content\/uploads\/2018\/01\/motocicletasbogota2.jpg?fit=640%2C425&ssl=1&resize=525%2C300 1.5x"},"classes":[]},{"id":15433,"url":"https:\/\/moir.com.co\/web\/prohibicion-del-parrillero-fracaso-como-estrategia-para-reducir-la-inseguridad-en-bogota\/","url_meta":{"origin":14336,"position":2},"title":"Prohibici\u00f3n del parrillero fracas\u00f3 como estrategia para reducir la inseguridad en Bogot\u00e1","author":"admin","date":"julio 13, 2018","format":false,"excerpt":"Oficina de prensa del concejal Manuel Sarmiento, Bogot\u00e1, julio 12 de 2018 Con fundamento en cifras publicadas por la DIJIN \u2013 Polic\u00eda Nacional, el concejal Manuel Sarmiento calific\u00f3 como un fracaso la medida impuesta por el alcalde Pe\u00f1alosa para prohibir el pasajero en moto en un pol\u00edgono que afecta amplias\u2026","rel":"","context":"En \u00abBogot\u00e1\u00bb","block_context":{"text":"Bogot\u00e1","link":"https:\/\/moir.com.co\/web\/category\/temas\/bogota\/"},"img":{"alt_text":"","src":"https:\/\/i0.wp.com\/moir.com.co\/web\/wp-content\/uploads\/2018\/07\/parrileroprohibicion.jpg?fit=824%2C330&ssl=1&resize=350%2C200","width":350,"height":200,"srcset":"https:\/\/i0.wp.com\/moir.com.co\/web\/wp-content\/uploads\/2018\/07\/parrileroprohibicion.jpg?fit=824%2C330&ssl=1&resize=350%2C200 1x, https:\/\/i0.wp.com\/moir.com.co\/web\/wp-content\/uploads\/2018\/07\/parrileroprohibicion.jpg?fit=824%2C330&ssl=1&resize=525%2C300 1.5x, https:\/\/i0.wp.com\/moir.com.co\/web\/wp-content\/uploads\/2018\/07\/parrileroprohibicion.jpg?fit=824%2C330&ssl=1&resize=700%2C400 2x"},"classes":[]},{"id":13036,"url":"https:\/\/moir.com.co\/web\/robledo-le-solicita-al-cne-fijar-fecha-para-votar-revocatoria-a-penalosa\/","url_meta":{"origin":14336,"position":3},"title":"Robledo le solicita al CNE fijar fecha para votar revocatoria a Pe\u00f1alosa","author":"admin","date":"agosto 3, 2017","format":false,"excerpt":"Equipo de Prensa \u2013 Senador Jorge Robledo | Bogot\u00e1 | Mi\u00e9rcoles, 2 de agosto de 2017 A trav\u00e9s de una carta enviada el Consejo Nacional Electoral el senador Jorge Enrique Robledo le solicita al \u00f3rgano electoral fijar fecha para que los ciudadanos decidan si quieren o no revocar al alcalde\u2026","rel":"","context":"En \u00abBogot\u00e1\u00bb","block_context":{"text":"Bogot\u00e1","link":"https:\/\/moir.com.co\/web\/category\/temas\/bogota\/"},"img":{"alt_text":"","src":"https:\/\/i0.wp.com\/moir.com.co\/web\/wp-content\/uploads\/2017\/08\/robledorevocatoriapen%CC%83alosa.png?fit=753%2C508&ssl=1&resize=350%2C200","width":350,"height":200,"srcset":"https:\/\/i0.wp.com\/moir.com.co\/web\/wp-content\/uploads\/2017\/08\/robledorevocatoriapen%CC%83alosa.png?fit=753%2C508&ssl=1&resize=350%2C200 1x, https:\/\/i0.wp.com\/moir.com.co\/web\/wp-content\/uploads\/2017\/08\/robledorevocatoriapen%CC%83alosa.png?fit=753%2C508&ssl=1&resize=525%2C300 1.5x, https:\/\/i0.wp.com\/moir.com.co\/web\/wp-content\/uploads\/2017\/08\/robledorevocatoriapen%CC%83alosa.png?fit=753%2C508&ssl=1&resize=700%2C400 2x"},"classes":[]},{"id":14620,"url":"https:\/\/moir.com.co\/web\/nos-tumbaron-otra-vez\/","url_meta":{"origin":14336,"position":4},"title":"Nos tumbaron\u2026 otra vez","author":"admin","date":"marzo 2, 2018","format":false,"excerpt":"Patricia Cifuentes Osorio, Bogot\u00e1, marzo 2 de 2018 El pasado martes 27 de febrero, el Consejo Nacional Electoral, CNE, tumb\u00f3 el proceso de revocatoria en curso contra el alcalde de Bogot\u00e1, Enrique Pe\u00f1alosa. Muy mal precedente sientan las instituciones encargadas de velar por la garant\u00eda de los derechos ciudadanos y\u2026","rel":"","context":"En \u00abBogot\u00e1\u00bb","block_context":{"text":"Bogot\u00e1","link":"https:\/\/moir.com.co\/web\/category\/temas\/bogota\/"},"img":{"alt_text":"","src":"https:\/\/i0.wp.com\/moir.com.co\/web\/wp-content\/uploads\/2018\/02\/REVOCATORIAPEN%CC%83ALOSA.jpeg?fit=768%2C576&ssl=1&resize=350%2C200","width":350,"height":200,"srcset":"https:\/\/i0.wp.com\/moir.com.co\/web\/wp-content\/uploads\/2018\/02\/REVOCATORIAPEN%CC%83ALOSA.jpeg?fit=768%2C576&ssl=1&resize=350%2C200 1x, https:\/\/i0.wp.com\/moir.com.co\/web\/wp-content\/uploads\/2018\/02\/REVOCATORIAPEN%CC%83ALOSA.jpeg?fit=768%2C576&ssl=1&resize=525%2C300 1.5x, https:\/\/i0.wp.com\/moir.com.co\/web\/wp-content\/uploads\/2018\/02\/REVOCATORIAPEN%CC%83ALOSA.jpeg?fit=768%2C576&ssl=1&resize=700%2C400 2x"},"classes":[]},{"id":17279,"url":"https:\/\/moir.com.co\/web\/video-penalosa-quiere-gastarse-200-000-millones-en-un-proyecto-por-fuera-de-bogota-concejal-manuel-sarmiento-y-senador-jorge-enrique-robledo\/","url_meta":{"origin":14336,"position":5},"title":"Video: Pe\u00f1alosa quiere gastarse $200.000 millones en un proyecto por fuera de Bogot\u00e1, concejal Manuel Sarmiento y senador Jorge Enrique Robledo","author":"admin","date":"abril 11, 2019","format":"video","excerpt":"Bogot\u00e1, abril 10 de 2019","rel":"","context":"En \u00abBogot\u00e1\u00bb","block_context":{"text":"Bogot\u00e1","link":"https:\/\/moir.com.co\/web\/category\/temas\/bogota\/"},"img":{"alt_text":"","src":"","width":0,"height":0},"classes":[]}],"jetpack_sharing_enabled":true,"_links":{"self":[{"href":"https:\/\/moir.com.co\/web\/wp-json\/wp\/v2\/posts\/14336","targetHints":{"allow":["GET"]}}],"collection":[{"href":"https:\/\/moir.com.co\/web\/wp-json\/wp\/v2\/posts"}],"about":[{"href":"https:\/\/moir.com.co\/web\/wp-json\/wp\/v2\/types\/post"}],"author":[{"embeddable":true,"href":"https:\/\/moir.com.co\/web\/wp-json\/wp\/v2\/users\/1"}],"replies":[{"embeddable":true,"href":"https:\/\/moir.com.co\/web\/wp-json\/wp\/v2\/comments?post=14336"}],"version-history":[{"count":1,"href":"https:\/\/moir.com.co\/web\/wp-json\/wp\/v2\/posts\/14336\/revisions"}],"predecessor-version":[{"id":14338,"href":"https:\/\/moir.com.co\/web\/wp-json\/wp\/v2\/posts\/14336\/revisions\/14338"}],"wp:featuredmedia":[{"embeddable":true,"href":"https:\/\/moir.com.co\/web\/wp-json\/wp\/v2\/media\/14337"}],"wp:attachment":[{"href":"https:\/\/moir.com.co\/web\/wp-json\/wp\/v2\/media?parent=14336"}],"wp:term":[{"taxonomy":"category","embeddable":true,"href":"https:\/\/moir.com.co\/web\/wp-json\/wp\/v2\/categories?post=14336"},{"taxonomy":"post_tag","embeddable":true,"href":"https:\/\/moir.com.co\/web\/wp-json\/wp\/v2\/tags?post=14336"}],"curies":[{"name":"wp","href":"https:\/\/api.w.org\/{rel}","templated":true}]}}