{"id":14334,"date":"2018-01-24T17:29:54","date_gmt":"2018-01-24T17:29:54","guid":{"rendered":"https:\/\/moir.org.co\/web\/?p=14334"},"modified":"2018-01-24T17:29:54","modified_gmt":"2018-01-24T17:29:54","slug":"el-desfalco-de-eletricaribe-no-lo-deben-pagar-ni-los-usuarios-ni-los-trabajadores-robledo","status":"publish","type":"post","link":"https:\/\/moir.com.co\/web\/el-desfalco-de-eletricaribe-no-lo-deben-pagar-ni-los-usuarios-ni-los-trabajadores-robledo\/","title":{"rendered":"El desfalco de Eletricaribe no lo deben pagar ni los usuarios ni los trabajadores: Robledo"},"content":{"rendered":"<p><strong>Oficina de prensa del senador Jorge Enrique Robledo, Bogot\u00e1, enero 24 de 2018<\/strong><\/p>\n<p><em>Se vienen nuevas alzas en las tarifas de Electricaribe y recortes de los derechos laborales; que se haga p\u00fablico el informe de la FDN; el gobierno se quedar\u00e1 con el hueso y el privado con el lomo<\/em><\/p>\n<p>\u201cOjal\u00e1 me equivoque, pero veo que en el caso de Electricaribe se est\u00e1 repitiendo la desastrosa historia de las de empresas de servicios p\u00fablicos privatizadas que son mal administradas, se las roban y la cuenta la pagamos los colombianos,\u201d expres\u00f3 el senador Jorge Enrique Robledo ante el plan de \u201csalvamento\u201d presentado por el gobierno nacional (<a href=\"http:\/\/bit.ly\/2rzAUzg\">http:\/\/bit.ly\/2rzAUzg<\/a>). Todas las alternativas tienden a elevarle las ganancias un privado a costa de la calidad de vida de los usuarios y de los trabajadores.<\/p>\n<p>El gobierno propone que se inviertan siete billones de pesos en la pr\u00f3xima d\u00e9cada, \u201c\u00bfde d\u00f3nde va a salir la plata? \u00bfQui\u00e9nes van a ser los paganinis de este esc\u00e1ndalo de corrupci\u00f3n?\u201d se pregunt\u00f3 el congresista del Polo. El plan del gobierno incluye m\u00e1s alzas de tarifas, recorte de los derechos laborales e inversi\u00f3n del gobierno para sanear la empresa \u2013con la plata de nuestros impuestos\u2013 y entreg\u00e1rsela cero kil\u00f3metros a un privado, que podr\u00eda ser la operadora actual (la multinacional espa\u00f1ola Gas Natural Fenosa).<\/p>\n<p>\u201cQue en diez a\u00f1os no estemos repitiendo la historia de hoy. Con mal servicio, una empresa desfalcada y demandados por miles de millones de d\u00f3lares ante un tribunal internacional de arbitramento,\u201d agreg\u00f3 el senador del Polo. Robledo solicit\u00f3 que se haga p\u00fablico el plan de salvamento presentado por la Financiera de Desarrollo Nacional. \u201cEstamos hablando de un empresa que atiende a diez millones de personas, luego este es un asunto de inter\u00e9s p\u00fablico en el que toda la sociedad tiene derecho a opinar de manera informada,\u201d concluy\u00f3.<\/p>\n<div class=\"jetpack-video-wrapper\"><span class=\"embed-youtube\"><iframe class=\"youtube-player\" src=\"https:\/\/www.youtube.com\/embed\/YYDpKoC1Or0?version=3&amp;rel=1&amp;fs=1&amp;autohide=2&amp;showsearch=0&amp;showinfo=1&amp;iv_load_policy=1&amp;wmode=transparent\" width=\"300\" height=\"150\" allowfullscreen=\"allowfullscreen\" data-ratio=\"0.609375\" data-width=\"640\" data-height=\"390\" data-mce-fragment=\"1\"><\/iframe><\/span><\/div>\n","protected":false},"excerpt":{"rendered":"<p>Oficina de prensa del senador Jorge Enrique Robledo, Bogot\u00e1, enero 24 de 2018 Se vienen nuevas alzas en las tarifas de Electricaribe y recortes de los derechos laborales; que se haga p\u00fablico el informe de la FDN; el gobierno se quedar\u00e1 con el hueso y el privado con el lomo \u201cOjal\u00e1 me equivoque, pero veo [&hellip;]<\/p>\n","protected":false},"author":1,"featured_media":14221,"comment_status":"open","ping_status":"open","sticky":false,"template":"","format":"standard","meta":{"advanced_seo_description":"","jetpack_seo_html_title":"","jetpack_seo_noindex":false,"_jetpack_memberships_contains_paid_content":false,"footnotes":""},"categories":[102,97,4,98,108],"tags":[],"class_list":["post-14334","post","type-post","status-publish","format-standard","has-post-thumbnail","hentry","category-economia","category-imperialismo-y-neoliberalismo","category-jorge-enrique-robledo","category-politica","category-servicios-publicos-articulos-de-actualidad"],"jetpack_featured_media_url":"https:\/\/i0.wp.com\/moir.com.co\/web\/wp-content\/uploads\/2018\/01\/electricaribefuera.jpg?fit=318%2C159&ssl=1","jetpack-related-posts":[{"id":15663,"url":"https:\/\/moir.com.co\/web\/plata-de-regalias-y-del-estado-para-la-luz-en-la-costa-la-propuesta-de-robledo-para-salir-de-la-crisis-de-electricaribe\/","url_meta":{"origin":14334,"position":0},"title":"Plata de regal\u00edas y del Estado para la luz en la Costa, la propuesta de Robledo para salir de la crisis de Electricaribe.","author":"admin","date":"agosto 16, 2018","format":false,"excerpt":"Oficina de prensa del senador Jorge Enrique Robledo, Bogot\u00e1, agosto 16 de 2018 En la ra\u00edz de los problemas del servicio de electricidad en la Costa Caribe est\u00e1n las malas pol\u00edticas de Uribe y Santos, y Carrasquilla (Duque) propone lo mismo. El senador Jorge Enrique Robledo rechaz\u00f3 la propuesta del\u2026","rel":"","context":"En \u00abEconom\u00eda\u00bb","block_context":{"text":"Econom\u00eda","link":"https:\/\/moir.com.co\/web\/category\/temas\/economia\/"},"img":{"alt_text":"","src":"https:\/\/i0.wp.com\/moir.com.co\/web\/wp-content\/uploads\/2018\/08\/electricaribecomisionV2018.png?fit=442%2C362&ssl=1&resize=350%2C200","width":350,"height":200},"classes":[]},{"id":11052,"url":"https:\/\/moir.com.co\/web\/que-intervencion-de-electricaribe-no-incluya-darle-billones-a-gas-natural-fenosa-robledo-2\/","url_meta":{"origin":14334,"position":1},"title":"Que intervenci\u00f3n de Electricaribe no incluya darle billones a Gas Natural Fenosa: Robledo","author":"admin","date":"noviembre 15, 2016","format":false,"excerpt":"Oficina de prensa del senador Jorge Enrique Robledo, Bogot\u00e1, noviembre 15 de 2016 El senador Jorge Enrique Robledo se pronunci\u00f3 sobre la intervenci\u00f3n de Electricaribe por parte del gobierno nacional. Robledo, quien ya hab\u00eda solicitado la intervenci\u00f3n de la trasnacional con miras a su liquidaci\u00f3n, alert\u00f3 desde su cuenta de\u2026","rel":"","context":"En \u00abEconom\u00eda\u00bb","block_context":{"text":"Econom\u00eda","link":"https:\/\/moir.com.co\/web\/category\/temas\/economia\/"},"img":{"alt_text":"","src":"https:\/\/i0.wp.com\/moir.com.co\/web\/wp-content\/uploads\/2016\/10\/robledosenado2016.jpg?fit=600%2C400&ssl=1&resize=350%2C200","width":350,"height":200,"srcset":"https:\/\/i0.wp.com\/moir.com.co\/web\/wp-content\/uploads\/2016\/10\/robledosenado2016.jpg?fit=600%2C400&ssl=1&resize=350%2C200 1x, https:\/\/i0.wp.com\/moir.com.co\/web\/wp-content\/uploads\/2016\/10\/robledosenado2016.jpg?fit=600%2C400&ssl=1&resize=525%2C300 1.5x"},"classes":[]},{"id":13865,"url":"https:\/\/moir.com.co\/web\/la-cuenta-del-desfalco-de-electricaribe-sigue-subiendo-robledo\/","url_meta":{"origin":14334,"position":2},"title":"La cuenta del desfalco de Electricaribe sigue subiendo: Robledo","author":"admin","date":"noviembre 18, 2017","format":false,"excerpt":"Oficina de prensa del senador y candidato presidencial del Polo Jorge Enrique Robledo, Bogot\u00e1, noviembre 18 de 2017 Contralor\u00eda descubre otros $200.000 millones que les tumb\u00f3 la multinacional espa\u00f1ola a sus usuarios. \u201cLos abusos de Electricaribe en contra de los coste\u00f1os no ten\u00edan l\u00edmites\u201d, se\u00f1al\u00f3 el candidato presidencial y senador\u2026","rel":"","context":"En \u00abEconom\u00eda\u00bb","block_context":{"text":"Econom\u00eda","link":"https:\/\/moir.com.co\/web\/category\/temas\/economia\/"},"img":{"alt_text":"","src":"https:\/\/i0.wp.com\/moir.com.co\/web\/wp-content\/uploads\/2017\/11\/electricaribenomas.png?fit=729%2C427&ssl=1&resize=350%2C200","width":350,"height":200,"srcset":"https:\/\/i0.wp.com\/moir.com.co\/web\/wp-content\/uploads\/2017\/11\/electricaribenomas.png?fit=729%2C427&ssl=1&resize=350%2C200 1x, https:\/\/i0.wp.com\/moir.com.co\/web\/wp-content\/uploads\/2017\/11\/electricaribenomas.png?fit=729%2C427&ssl=1&resize=525%2C300 1.5x, https:\/\/i0.wp.com\/moir.com.co\/web\/wp-content\/uploads\/2017\/11\/electricaribenomas.png?fit=729%2C427&ssl=1&resize=700%2C400 2x"},"classes":[]},{"id":10927,"url":"https:\/\/moir.com.co\/web\/gobierno-debe-intervenir-a-electricaribe-para-evitar-apagon-robledo\/","url_meta":{"origin":14334,"position":3},"title":"Gobierno debe intervenir a Electricaribe para evitar apag\u00f3n: Robledo","author":"admin","date":"noviembre 8, 2016","format":"audio","excerpt":"El senador y precandidato presidencial Jorge Enrique Robledo se\u00f1ala que es inadmisible que se presente un apag\u00f3n en la costa caribe, la afirmaci\u00f3n la hace en una carta que le env\u00eda al presidente Santos sobre la grave situaci\u00f3n de Electricaribe. Para Robledo el gobierno de Santos debe intervenir a Electricaribe\u2026","rel":"","context":"En \u00abEconom\u00eda\u00bb","block_context":{"text":"Econom\u00eda","link":"https:\/\/moir.com.co\/web\/category\/temas\/economia\/"},"img":{"alt_text":"","src":"https:\/\/i0.wp.com\/moir.com.co\/web\/wp-content\/uploads\/2016\/10\/robledocandidato2018_2.jpg?fit=800%2C420&ssl=1&resize=350%2C200","width":350,"height":200,"srcset":"https:\/\/i0.wp.com\/moir.com.co\/web\/wp-content\/uploads\/2016\/10\/robledocandidato2018_2.jpg?fit=800%2C420&ssl=1&resize=350%2C200 1x, https:\/\/i0.wp.com\/moir.com.co\/web\/wp-content\/uploads\/2016\/10\/robledocandidato2018_2.jpg?fit=800%2C420&ssl=1&resize=525%2C300 1.5x, https:\/\/i0.wp.com\/moir.com.co\/web\/wp-content\/uploads\/2016\/10\/robledocandidato2018_2.jpg?fit=800%2C420&ssl=1&resize=700%2C400 2x"},"classes":[]},{"id":10922,"url":"https:\/\/moir.com.co\/web\/carta-del-senador-robledo-al-presidente-santos-inadmisible-apagon-de-electricaribe-en-la-costa\/","url_meta":{"origin":14334,"position":4},"title":"Carta del senador Robledo al presidente Santos: inadmisible apag\u00f3n de Electricaribe en la costa","author":"admin","date":"noviembre 8, 2016","format":false,"excerpt":"Senador Jorge Enrique Robledo, Bogot\u00e1, noviembre 8 de 2016 Doctor JUAN MANUEL SANTOS Presidente de la Republica de Colombia Ciudad Ref. No puede permitirse que Electricaribe apague la Costa. Cordial salud: El gobierno debe tomar las determinaciones que sean del caso para impedir que, por culpa de la trasnacional Electricaribe\u2026","rel":"","context":"En \u00abEconom\u00eda\u00bb","block_context":{"text":"Econom\u00eda","link":"https:\/\/moir.com.co\/web\/category\/temas\/economia\/"},"img":{"alt_text":"","src":"","width":0,"height":0},"classes":[]},{"id":15649,"url":"https:\/\/moir.com.co\/web\/plata-de-regalias-y-del-estado-para-la-luz-en-la-costa-robledo\/","url_meta":{"origin":14334,"position":5},"title":"Plata de regal\u00edas y del Estado para la luz en la Costa: Robledo","author":"admin","date":"agosto 15, 2018","format":false,"excerpt":"Oficina de prensa del senador Jorge Enrique Robledo, Bogot\u00e1, agosto 15 de 2018 Electricaribe debe convertirse en una empresa p\u00fablica y eficiente.\u00a0En la ra\u00edz de los problemas del servicio de electricidad en la Costa Caribe est\u00e1n las malas pol\u00edticas de Uribe y Santos, y Carrasquilla (Duque) propone lo mismo. #ChaoElectricaribe\u00a0\u2026","rel":"","context":"En \u00abEconom\u00eda\u00bb","block_context":{"text":"Econom\u00eda","link":"https:\/\/moir.com.co\/web\/category\/temas\/economia\/"},"img":{"alt_text":"","src":"https:\/\/i0.wp.com\/moir.com.co\/web\/wp-content\/uploads\/2018\/08\/electricariberobledocomision2018.png?fit=481%2C380&ssl=1&resize=350%2C200","width":350,"height":200},"classes":[]}],"jetpack_sharing_enabled":true,"_links":{"self":[{"href":"https:\/\/moir.com.co\/web\/wp-json\/wp\/v2\/posts\/14334","targetHints":{"allow":["GET"]}}],"collection":[{"href":"https:\/\/moir.com.co\/web\/wp-json\/wp\/v2\/posts"}],"about":[{"href":"https:\/\/moir.com.co\/web\/wp-json\/wp\/v2\/types\/post"}],"author":[{"embeddable":true,"href":"https:\/\/moir.com.co\/web\/wp-json\/wp\/v2\/users\/1"}],"replies":[{"embeddable":true,"href":"https:\/\/moir.com.co\/web\/wp-json\/wp\/v2\/comments?post=14334"}],"version-history":[{"count":1,"href":"https:\/\/moir.com.co\/web\/wp-json\/wp\/v2\/posts\/14334\/revisions"}],"predecessor-version":[{"id":14335,"href":"https:\/\/moir.com.co\/web\/wp-json\/wp\/v2\/posts\/14334\/revisions\/14335"}],"wp:featuredmedia":[{"embeddable":true,"href":"https:\/\/moir.com.co\/web\/wp-json\/wp\/v2\/media\/14221"}],"wp:attachment":[{"href":"https:\/\/moir.com.co\/web\/wp-json\/wp\/v2\/media?parent=14334"}],"wp:term":[{"taxonomy":"category","embeddable":true,"href":"https:\/\/moir.com.co\/web\/wp-json\/wp\/v2\/categories?post=14334"},{"taxonomy":"post_tag","embeddable":true,"href":"https:\/\/moir.com.co\/web\/wp-json\/wp\/v2\/tags?post=14334"}],"curies":[{"name":"wp","href":"https:\/\/api.w.org\/{rel}","templated":true}]}}