{"id":14332,"date":"2018-01-24T17:00:45","date_gmt":"2018-01-24T17:00:45","guid":{"rendered":"https:\/\/moir.org.co\/web\/?p=14332"},"modified":"2018-01-24T17:00:45","modified_gmt":"2018-01-24T17:00:45","slug":"transportadores-del-valle-del-cauca-necesitan-una-salida-digna-robledo","status":"publish","type":"post","link":"https:\/\/moir.com.co\/web\/transportadores-del-valle-del-cauca-necesitan-una-salida-digna-robledo\/","title":{"rendered":"Transportadores del Valle del Cauca necesitan una salida digna: Robledo"},"content":{"rendered":"<p><strong>Oficina de prensa del senador Jorge Enrique Robledo, Bogot\u00e1, enero 24 de 2018<\/strong><\/p>\n<p><em>M\u00e1s de 200 transportadores se movilizan por el trabajo digno y una chatarrizaci\u00f3n digna<\/em><\/p>\n<p>El senador Jorge Enrique Robledo, cabeza de lista del Polo Democr\u00e1tico al Senado, manifest\u00f3 su solidaridad con los m\u00e1s de 200 transportadores propietarios de la Asociaci\u00f3n de Transporte Empresarial, Escolar y Turismo, ASONTET, quienes con sus veh\u00edculos se movilizan hoy en Cali en una protesta pac\u00edfica por el trabajo digno y por una salida digna a la desintegraci\u00f3n, es decir, la chatarrizaci\u00f3n sin indemnizaci\u00f3n.<\/p>\n<blockquote class=\"twitter-tweet twitter-tweet-error\" data-twitter-extracted-i1516802201083940137=\"true\">\n<p dir=\"ltr\" lang=\"es\">Im\u00e1genes de la protesta realizada por los transportadores de servicios especiales porque el gobierno determin\u00f3 que hay que chatarrizar buses con 15 a\u00f1os de servicios..y sin pagarles un peso a sus propietarios:\u00a0<a href=\"https:\/\/twitter.com\/PeriodistaFredy?ref_src=twsrc%5Etfw\">@PeriodistaFredy<\/a>\u00a0<a href=\"https:\/\/t.co\/iIVisiP9K3\">pic.twitter.com\/iIVisiP9K3<\/a><\/p>\n<p>\u2014 TWlTTEROS CALI (@TwiterosCali)\u00a0<a href=\"https:\/\/twitter.com\/TwiterosCali\/status\/955868431622049792?ref_src=twsrc%5Etfw\">January 23, 2018<\/a><\/p><\/blockquote>\n<p>Los transportadores afirman que la movilizaci\u00f3n se hace por la defensa de su derecho al trabajo y \u201clograr una indemnizaci\u00f3n digna por la perdida del patrimonio familiar y disponer de un programa de vinculaci\u00f3n laboral\u201d.<\/p>\n<p>Los veh\u00edculos que se van a chatarrizar sin indemnizaci\u00f3n hacen parte de la flota que transporta estudiantes en el plan de aumento de cobertura del departamento as\u00ed como a trabajadores de los municipios aleda\u00f1os a la capital vallecaucana.<\/p>\n<p>El senador Robledo exhort\u00f3 a las autoridades competentes a dar una salida digna a este sector de transportadores, quienes adem\u00e1s de cumplir una relevante funci\u00f3n social hacen parte de la clase media empresarial nacional.<\/p>\n","protected":false},"excerpt":{"rendered":"<p>Oficina de prensa del senador Jorge Enrique Robledo, Bogot\u00e1, enero 24 de 2018 M\u00e1s de 200 transportadores se movilizan por el trabajo digno y una chatarrizaci\u00f3n digna El senador Jorge Enrique Robledo, cabeza de lista del Polo Democr\u00e1tico al Senado, manifest\u00f3 su solidaridad con los m\u00e1s de 200 transportadores propietarios de la Asociaci\u00f3n de Transporte [&hellip;]<\/p>\n","protected":false},"author":1,"featured_media":13358,"comment_status":"open","ping_status":"open","sticky":false,"template":"","format":"standard","meta":{"advanced_seo_description":"","jetpack_seo_html_title":"","jetpack_seo_noindex":false,"_jetpack_memberships_contains_paid_content":false,"footnotes":""},"categories":[102,97,4,98,110],"tags":[],"class_list":["post-14332","post","type-post","status-publish","format-standard","has-post-thumbnail","hentry","category-economia","category-imperialismo-y-neoliberalismo","category-jorge-enrique-robledo","category-politica","category-vias-y-transporte"],"jetpack_featured_media_url":"https:\/\/i0.wp.com\/moir.com.co\/web\/wp-content\/uploads\/2017\/09\/robledokienyke2.png?fit=1024%2C600&ssl=1","jetpack-related-posts":[{"id":11706,"url":"https:\/\/moir.com.co\/web\/robledo-rechaza-criminalizacion-de-la-protesta-camionera\/","url_meta":{"origin":14332,"position":0},"title":"Robledo rechaza criminalizaci\u00f3n de la protesta camionera","author":"admin","date":"febrero 15, 2017","format":false,"excerpt":"Oficina de prensa del senador Jorge Enrique Robledo, Bogot\u00e1, febrero 15 de 2017 L\u00edderes del paro camionero fueron detenidos por la Fiscal\u00eda\u00a0 El senador Jorge Enrique Robledo rechaz\u00f3 la detenci\u00f3n de varios l\u00edderes del Paro Camionero por orden de la Fiscal\u00eda, en lo que calific\u00f3 como un acto m\u00e1s de\u2026","rel":"","context":"En \u00abEconom\u00eda\u00bb","block_context":{"text":"Econom\u00eda","link":"https:\/\/moir.com.co\/web\/category\/temas\/economia\/"},"img":{"alt_text":"","src":"","width":0,"height":0},"classes":[]},{"id":9158,"url":"https:\/\/moir.com.co\/web\/que-el-gobierno-atienda-las-peticiones-de-los-camioneros-senador-robledo\/","url_meta":{"origin":14332,"position":1},"title":"Que el gobierno atienda las peticiones de los camioneros: senador Robledo","author":"admin","date":"marzo 2, 2015","format":false,"excerpt":"Los reclamos de los camioneros son justos. La crisis es gigante. El gobierno Santos no cumple los acuerdos. Colombia tiene peajes car\u00edsimos. El Plan de Desarrollo 2014-2108 tambi\u00e9n afectar\u00e1 a los camioneros Desde el 23 de febrero pasado miles de empresarios y trabajadores del transporte se vieron obligados a salir\u2026","rel":"","context":"En \u00abJorge Enrique Robledo\u00bb","block_context":{"text":"Jorge Enrique Robledo","link":"https:\/\/moir.com.co\/web\/category\/jorge-enrique-robledo\/"},"img":{"alt_text":"","src":"","width":0,"height":0},"classes":[]},{"id":10198,"url":"https:\/\/moir.com.co\/web\/santos-y-parody-deben-cumplirle-al-magisterio-robledo\/","url_meta":{"origin":14332,"position":2},"title":"Santos y Parody deben cumplirle al magisterio: Robledo","author":"admin","date":"junio 4, 2016","format":false,"excerpt":"Salud digna y oportuna es requisito para una educaci\u00f3n de calidad. Los maestros hacen un Paro de 24 horas para exigir salud digna tras los incumplimientos del gobierno nacional El magisterio liderado por la Federaci\u00f3n Colombiana de Educadores realiza hoy un paro nacional por 24 horas para exigirle al gobierno\u2026","rel":"","context":"En \u00abJorge Enrique Robledo\u00bb","block_context":{"text":"Jorge Enrique Robledo","link":"https:\/\/moir.com.co\/web\/category\/jorge-enrique-robledo\/"},"img":{"alt_text":"","src":"","width":0,"height":0},"classes":[]},{"id":12352,"url":"https:\/\/moir.com.co\/web\/chocoanos-taxistas-y-maestros-tienen-la-razon-senador-robledo\/","url_meta":{"origin":14332,"position":3},"title":"Chocoanos, taxistas y maestros tienen la raz\u00f3n: Senador Robledo","author":"admin","date":"mayo 10, 2017","format":false,"excerpt":"Oficina de prensa del senador Jorge Enrique Robledo, Bogot\u00e1, mayo 10 de 2017 El gobierno Santos les incumple a sectores sociales que sufren por sus pol\u00edticas y su negligencia El senador Jorge Enrique Robledo expres\u00f3 su solidaridad y respaldo a las movilizaciones que realizar\u00e1n el pueblo de Choc\u00f3, los taxistas\u2026","rel":"","context":"En \u00abEconom\u00eda\u00bb","block_context":{"text":"Econom\u00eda","link":"https:\/\/moir.com.co\/web\/category\/temas\/economia\/"},"img":{"alt_text":"","src":"","width":0,"height":0},"classes":[]},{"id":12248,"url":"https:\/\/moir.com.co\/web\/que-el-sol-salga-para-todos-senador-jorge-robledo-a-los-medellinenses\/","url_meta":{"origin":14332,"position":4},"title":"Que el sol salga para todos: Senador Jorge Robledo a los medellinenses","author":"admin","date":"mayo 3, 2017","format":false,"excerpt":"Oficina de prensa del senador Jorge Enrique Robledo, Bogot\u00e1, mayo 2 de 2017 La propuesta del senador del Polo fue hecha ante los m\u00e1s de 700 medellinenses que ingresaron al auditorio de ADIDA para participar en la Audiencia P\u00fablica \u201cEncuentro de verdad-Medell\u00edn\u201d en la que, seg\u00fan palabras del dirigente colombiano,\u2026","rel":"","context":"En \u00abImperialismo y Neoliberalismo\u00bb","block_context":{"text":"Imperialismo y Neoliberalismo","link":"https:\/\/moir.com.co\/web\/category\/temas\/imperialismo-y-neoliberalismo\/"},"img":{"alt_text":"","src":"https:\/\/i0.wp.com\/moir.com.co\/web\/wp-content\/uploads\/2017\/05\/robledomedellin2017.png?fit=1138%2C442&ssl=1&resize=350%2C200","width":350,"height":200,"srcset":"https:\/\/i0.wp.com\/moir.com.co\/web\/wp-content\/uploads\/2017\/05\/robledomedellin2017.png?fit=1138%2C442&ssl=1&resize=350%2C200 1x, https:\/\/i0.wp.com\/moir.com.co\/web\/wp-content\/uploads\/2017\/05\/robledomedellin2017.png?fit=1138%2C442&ssl=1&resize=525%2C300 1.5x, https:\/\/i0.wp.com\/moir.com.co\/web\/wp-content\/uploads\/2017\/05\/robledomedellin2017.png?fit=1138%2C442&ssl=1&resize=700%2C400 2x, https:\/\/i0.wp.com\/moir.com.co\/web\/wp-content\/uploads\/2017\/05\/robledomedellin2017.png?fit=1138%2C442&ssl=1&resize=1050%2C600 3x"},"classes":[]},{"id":17745,"url":"https:\/\/moir.com.co\/web\/los-taxistas-tienen-la-razon-en-su-protesta-en-contra-de-la-ilegalidad-senador-robledo-y-concejal-manuel-sarmiento\/","url_meta":{"origin":14332,"position":5},"title":"Los taxistas tienen la raz\u00f3n en su protesta en contra de la ilegalidad: Senador Robledo y concejal Manuel Sarmiento","author":"admin","date":"julio 10, 2019","format":false,"excerpt":"Oficina de prensa del senador Jorge Enrique Robledo y del concejal Manuel Sarmiento, Bogot\u00e1, julio 10 de 2019 El paro adelantado por los taxistas es en contra de la ilegalidad de Uber, Beat, Picap y Didi. Para el senador Jorge Enrique Robledo y el concejal de Bogot\u00e1 Manuel Sarmiento estas\u2026","rel":"","context":"En \u00abEconom\u00eda\u00bb","block_context":{"text":"Econom\u00eda","link":"https:\/\/moir.com.co\/web\/category\/temas\/economia\/"},"img":{"alt_text":"","src":"https:\/\/i0.wp.com\/moir.com.co\/web\/wp-content\/uploads\/2019\/07\/robledotaxisuber.png?fit=768%2C434&ssl=1&resize=350%2C200","width":350,"height":200,"srcset":"https:\/\/i0.wp.com\/moir.com.co\/web\/wp-content\/uploads\/2019\/07\/robledotaxisuber.png?fit=768%2C434&ssl=1&resize=350%2C200 1x, https:\/\/i0.wp.com\/moir.com.co\/web\/wp-content\/uploads\/2019\/07\/robledotaxisuber.png?fit=768%2C434&ssl=1&resize=525%2C300 1.5x, https:\/\/i0.wp.com\/moir.com.co\/web\/wp-content\/uploads\/2019\/07\/robledotaxisuber.png?fit=768%2C434&ssl=1&resize=700%2C400 2x"},"classes":[]}],"jetpack_sharing_enabled":true,"_links":{"self":[{"href":"https:\/\/moir.com.co\/web\/wp-json\/wp\/v2\/posts\/14332","targetHints":{"allow":["GET"]}}],"collection":[{"href":"https:\/\/moir.com.co\/web\/wp-json\/wp\/v2\/posts"}],"about":[{"href":"https:\/\/moir.com.co\/web\/wp-json\/wp\/v2\/types\/post"}],"author":[{"embeddable":true,"href":"https:\/\/moir.com.co\/web\/wp-json\/wp\/v2\/users\/1"}],"replies":[{"embeddable":true,"href":"https:\/\/moir.com.co\/web\/wp-json\/wp\/v2\/comments?post=14332"}],"version-history":[{"count":1,"href":"https:\/\/moir.com.co\/web\/wp-json\/wp\/v2\/posts\/14332\/revisions"}],"predecessor-version":[{"id":14333,"href":"https:\/\/moir.com.co\/web\/wp-json\/wp\/v2\/posts\/14332\/revisions\/14333"}],"wp:featuredmedia":[{"embeddable":true,"href":"https:\/\/moir.com.co\/web\/wp-json\/wp\/v2\/media\/13358"}],"wp:attachment":[{"href":"https:\/\/moir.com.co\/web\/wp-json\/wp\/v2\/media?parent=14332"}],"wp:term":[{"taxonomy":"category","embeddable":true,"href":"https:\/\/moir.com.co\/web\/wp-json\/wp\/v2\/categories?post=14332"},{"taxonomy":"post_tag","embeddable":true,"href":"https:\/\/moir.com.co\/web\/wp-json\/wp\/v2\/tags?post=14332"}],"curies":[{"name":"wp","href":"https:\/\/api.w.org\/{rel}","templated":true}]}}