{"id":14313,"date":"2018-01-22T20:35:35","date_gmt":"2018-01-22T20:35:35","guid":{"rendered":"https:\/\/moir.org.co\/web\/?p=14313"},"modified":"2018-01-22T20:35:35","modified_gmt":"2018-01-22T20:35:35","slug":"y-colombia-no-repunto","status":"publish","type":"post","link":"https:\/\/moir.com.co\/web\/y-colombia-no-repunto\/","title":{"rendered":"Y Colombia no repunt\u00f3"},"content":{"rendered":"<p><strong>Mario Alejandro Valencia, Bogot\u00e1, enero 22 de 2018<\/strong><\/p>\n<p>\u00bfHan notado el optimismo desbordado del ministro Mauricio C\u00e1rdenas cuando comienza cada a\u00f1o, en contraste con su pesimismo cuando se negocia el salario m\u00ednimo en diciembre? No es extra\u00f1o, es su naturaleza: la de la astucia.<\/p>\n<p>Que Santos gobern\u00f3 para hacer felices a las transnacionales y a los organismos internacionales no es una ocurrencia. Sin embargo, es preocupante el estado econ\u00f3mico y social del pa\u00eds. Porque un buen desempe\u00f1o econ\u00f3mico no se logra con discursos de superaci\u00f3n personal, sino con resultados. En 2017 C\u00e1rdenas se invent\u00f3 Colombia Repunta y afirm\u00f3: \u201cla econom\u00eda vuelve a crecer m\u00e1s r\u00e1pidamente, la inflaci\u00f3n desciende, es decir, un a\u00f1o con una proyecci\u00f3n mejor en el 2017\u2026Empiezan las expectativas favorables, de confianza, optimismo\u201d. Despu\u00e9s agreg\u00f3: \u201cnuestro pa\u00eds est\u00e1 en una transici\u00f3n hacia una Nueva Econom\u00eda basada en la industria, el agro y el turismo\u201d.<\/p>\n<p>\u00bfCu\u00e1les fueron las medidas de pol\u00edtica econ\u00f3mica que acompa\u00f1aron este optimismo? i) reforma tributaria regresiva en 2016 que asalt\u00f3 la capacidad adquisitiva de los hogares, ii) profundizaci\u00f3n de acuerdos econ\u00f3micos internacionales lesivos a la producci\u00f3n y al empleo, iii) disminuci\u00f3n de aranceles a los productos importados, iv) presupuesto p\u00fablico destinado a la mermelada, v) dependencia de la extracci\u00f3n de recursos naturales, vi) aumento del endeudamiento externo y vii) agresi\u00f3n contra el ahorro nacional. Sin contar los impactos econ\u00f3micos y sociales de la corrupci\u00f3n. No hay un solo texto de econom\u00eda, ni un solo modelo matem\u00e1tico que pueda pronosticar resultados diferentes, si se hace lo que hace Colombia. El d\u00e9ficit fiscal m\u00e1s el de cuenta corriente fue 7,8 % del PIB en 2017. La industria manufacturera cay\u00f3 0,7 % entre enero a noviembre de 2017, el desempleo se ubic\u00f3 en 9,4 % en el mismo periodo, el comercio minorista cay\u00f3 0,2 % a octubre, la inversi\u00f3n extranjera cay\u00f3 3,1 % a septiembre, la moratoria de los hogares creci\u00f3 39 % a octubre, la confianza de los hogares complet\u00f3 24 meses seguidos en terreno negativo y Colombia volvi\u00f3 a ser el octavo pa\u00eds m\u00e1s desigual del planeta.\u00a0 Y todav\u00eda hay algunos candidatos que no se sonrojan al decir que si se cambia la orientaci\u00f3n \u201char\u00e1 inviable a Colombia como Naci\u00f3n\u201d. \u00bfM\u00e1s?<\/p>\n<p>Que 2018 va a ser un mejor a\u00f1o que el anterior est\u00e1 por verse. Si son los mismos con las mismas, haciendo MAL de lo mismo, no es posible esperar resultados positivos. Por eso la econom\u00eda es una ciencia, pero manejada en Colombia por charlatanes.<\/p>\n","protected":false},"excerpt":{"rendered":"<p>Mario Alejandro Valencia, Bogot\u00e1, enero 22 de 2018 \u00bfHan notado el optimismo desbordado del ministro Mauricio C\u00e1rdenas cuando comienza cada a\u00f1o, en contraste con su pesimismo cuando se negocia el salario m\u00ednimo en diciembre? No es extra\u00f1o, es su naturaleza: la de la astucia. Que Santos gobern\u00f3 para hacer felices a las transnacionales y a [&hellip;]<\/p>\n","protected":false},"author":1,"featured_media":14314,"comment_status":"open","ping_status":"open","sticky":false,"template":"","format":"standard","meta":{"advanced_seo_description":"","jetpack_seo_html_title":"","jetpack_seo_noindex":false,"_jetpack_memberships_contains_paid_content":false,"footnotes":""},"categories":[102,97,98],"tags":[],"class_list":["post-14313","post","type-post","status-publish","format-standard","has-post-thumbnail","hentry","category-economia","category-imperialismo-y-neoliberalismo","category-politica"],"jetpack_featured_media_url":"https:\/\/i0.wp.com\/moir.com.co\/web\/wp-content\/uploads\/2018\/01\/economiarecuperacion.jpeg?fit=310%2C163&ssl=1","jetpack-related-posts":[{"id":11739,"url":"https:\/\/moir.com.co\/web\/el-desastre-de-cardenas-repunta\/","url_meta":{"origin":14313,"position":0},"title":"El desastre de C\u00e1rdenas, repunta","author":"admin","date":"febrero 20, 2017","format":false,"excerpt":"Mario Alejandro Valencia, Las2orillas, febrero 20 de 2017 El 15 de enero de 2016, con presidente del Banco Mundial y presidente Santos a bordo, el ministro Mauricio C\u00e1rdenas \u2013sin sonrojarse\u2013 se atrevi\u00f3 a pronosticar que el sector industrial crecer\u00eda 7,5 % en 2016 y ser\u00eda el motor que jalonar\u00eda las\u2026","rel":"","context":"En \u00abEconom\u00eda\u00bb","block_context":{"text":"Econom\u00eda","link":"https:\/\/moir.com.co\/web\/category\/temas\/economia\/"},"img":{"alt_text":"","src":"","width":0,"height":0},"classes":[]},{"id":9664,"url":"https:\/\/moir.com.co\/web\/salvar-a-isagen-tarea-de-todos\/","url_meta":{"origin":14313,"position":1},"title":"Salvar a Isag\u00e9n, tarea de todos","author":"admin","date":"septiembre 21, 2015","format":false,"excerpt":"Es necesario persistir en la defensa de la empresa hasta salvarla definitivamente de la voracidad del presidente Santos y el ministro C\u00e1rdenas. A pesar del fallo adverso del Consejo de Estado, que da v\u00eda libre a la privatizaci\u00f3n de Isag\u00e9n, es importante recordar que la decisi\u00f3n de la venta recae\u2026","rel":"","context":"En \u00abTemas\u00bb","block_context":{"text":"Temas","link":"https:\/\/moir.com.co\/web\/category\/temas\/"},"img":{"alt_text":"","src":"","width":0,"height":0},"classes":[]},{"id":10793,"url":"https:\/\/moir.com.co\/web\/el-ataque-de-santos-y-cardenas-a-las-clases-medias-y-bajas\/","url_meta":{"origin":14313,"position":2},"title":"El ataque de Santos y C\u00e1rdenas a las clases medias y bajas","author":"admin","date":"octubre 27, 2016","format":false,"excerpt":"Dar\u00edo Arenas Villegas, La Patria, Manizales, octubre 27 de 2016 El Ministro de Hacienda, Mauricio C\u00e1rdenas, radic\u00f3 en el Congreso de la Rep\u00fablica la reforma tributaria n\u00famero 14 desde 1990, periodo en el que los gobiernos han adecuado la vida de la naci\u00f3n a un modelo econ\u00f3mico basado en el\u2026","rel":"","context":"En \u00abEconom\u00eda\u00bb","block_context":{"text":"Econom\u00eda","link":"https:\/\/moir.com.co\/web\/category\/temas\/economia\/"},"img":{"alt_text":"","src":"","width":0,"height":0},"classes":[]},{"id":10308,"url":"https:\/\/moir.com.co\/web\/mano-invisible-salvanos\/","url_meta":{"origin":14313,"position":3},"title":"Mano invisible \u00a1s\u00e1lvanos!","author":"admin","date":"agosto 13, 2016","format":false,"excerpt":"Adam Smith escribi\u00f3 que \u201clos ricos escogen del mont\u00f3n solo lo m\u00e1s preciado y agradable. Consumen poco m\u00e1s que el pobre, y a pesar de su ego\u00edsmo y rapacidad natural (\u2026) dividen con el pobre el producto de todos sus progresos. Son conducidos por una mano invisible que los hace\u2026","rel":"","context":"En \u00abTemas\u00bb","block_context":{"text":"Temas","link":"https:\/\/moir.com.co\/web\/category\/temas\/"},"img":{"alt_text":"","src":"","width":0,"height":0},"classes":[]},{"id":11935,"url":"https:\/\/moir.com.co\/web\/de-salida\/","url_meta":{"origin":14313,"position":4},"title":"De salida","author":"admin","date":"marzo 21, 2017","format":false,"excerpt":"Mario Alejandro Valencia, Las2orillas, marzo 21 de\u00a02017 La \u00fanica posibilidad real de cambio para Colombia es lograr que quienes han gobernado mal durante d\u00e9cadas, que son los mismos, se retiren. Pero como esta dirigencia est\u00e1 feliz enriqueci\u00e9ndose con lo que los colombianos pagamos en impuestos y aplicando su dogma fallido,\u2026","rel":"","context":"En \u00abEconom\u00eda\u00bb","block_context":{"text":"Econom\u00eda","link":"https:\/\/moir.com.co\/web\/category\/temas\/economia\/"},"img":{"alt_text":"","src":"https:\/\/i0.wp.com\/moir.com.co\/web\/wp-content\/uploads\/2017\/03\/corrupcionlosmismos.jpg?fit=1200%2C1060&ssl=1&resize=350%2C200","width":350,"height":200,"srcset":"https:\/\/i0.wp.com\/moir.com.co\/web\/wp-content\/uploads\/2017\/03\/corrupcionlosmismos.jpg?fit=1200%2C1060&ssl=1&resize=350%2C200 1x, https:\/\/i0.wp.com\/moir.com.co\/web\/wp-content\/uploads\/2017\/03\/corrupcionlosmismos.jpg?fit=1200%2C1060&ssl=1&resize=525%2C300 1.5x, https:\/\/i0.wp.com\/moir.com.co\/web\/wp-content\/uploads\/2017\/03\/corrupcionlosmismos.jpg?fit=1200%2C1060&ssl=1&resize=700%2C400 2x, https:\/\/i0.wp.com\/moir.com.co\/web\/wp-content\/uploads\/2017\/03\/corrupcionlosmismos.jpg?fit=1200%2C1060&ssl=1&resize=1050%2C600 3x"},"classes":[]},{"id":13676,"url":"https:\/\/moir.com.co\/web\/en-economia-no-a-los-mismos-con-las-mismas\/","url_meta":{"origin":14313,"position":5},"title":"En econom\u00eda, no a los mismos con las mismas","author":"admin","date":"octubre 30, 2017","format":false,"excerpt":"Aurelio Su\u00e1rez Montoya, El Tiempo, Bogot\u00e1, octubre 30 de 2017 El 7 de agosto, hace casi tres meses, al cumplir siete a\u00f1os el mandato de Juan Manuel Santos, el ministro de Hacienda, Mauricio C\u00e1rdenas, public\u00f3 un documento denominado \u2018Colombia en cifras\u2019, en el que muestra la evoluci\u00f3n de algunas variables\u2026","rel":"","context":"En \u00abAurelio Su\u00e1rez Montoya\u00bb","block_context":{"text":"Aurelio Su\u00e1rez Montoya","link":"https:\/\/moir.com.co\/web\/category\/bitacoras\/aurelio-suarez-montoya\/"},"img":{"alt_text":"","src":"https:\/\/i0.wp.com\/moir.com.co\/web\/wp-content\/uploads\/2017\/09\/aureliosuarezblu.jpg?fit=650%2C466&ssl=1&resize=350%2C200","width":350,"height":200,"srcset":"https:\/\/i0.wp.com\/moir.com.co\/web\/wp-content\/uploads\/2017\/09\/aureliosuarezblu.jpg?fit=650%2C466&ssl=1&resize=350%2C200 1x, https:\/\/i0.wp.com\/moir.com.co\/web\/wp-content\/uploads\/2017\/09\/aureliosuarezblu.jpg?fit=650%2C466&ssl=1&resize=525%2C300 1.5x"},"classes":[]}],"jetpack_sharing_enabled":true,"_links":{"self":[{"href":"https:\/\/moir.com.co\/web\/wp-json\/wp\/v2\/posts\/14313","targetHints":{"allow":["GET"]}}],"collection":[{"href":"https:\/\/moir.com.co\/web\/wp-json\/wp\/v2\/posts"}],"about":[{"href":"https:\/\/moir.com.co\/web\/wp-json\/wp\/v2\/types\/post"}],"author":[{"embeddable":true,"href":"https:\/\/moir.com.co\/web\/wp-json\/wp\/v2\/users\/1"}],"replies":[{"embeddable":true,"href":"https:\/\/moir.com.co\/web\/wp-json\/wp\/v2\/comments?post=14313"}],"version-history":[{"count":1,"href":"https:\/\/moir.com.co\/web\/wp-json\/wp\/v2\/posts\/14313\/revisions"}],"predecessor-version":[{"id":14315,"href":"https:\/\/moir.com.co\/web\/wp-json\/wp\/v2\/posts\/14313\/revisions\/14315"}],"wp:featuredmedia":[{"embeddable":true,"href":"https:\/\/moir.com.co\/web\/wp-json\/wp\/v2\/media\/14314"}],"wp:attachment":[{"href":"https:\/\/moir.com.co\/web\/wp-json\/wp\/v2\/media?parent=14313"}],"wp:term":[{"taxonomy":"category","embeddable":true,"href":"https:\/\/moir.com.co\/web\/wp-json\/wp\/v2\/categories?post=14313"},{"taxonomy":"post_tag","embeddable":true,"href":"https:\/\/moir.com.co\/web\/wp-json\/wp\/v2\/tags?post=14313"}],"curies":[{"name":"wp","href":"https:\/\/api.w.org\/{rel}","templated":true}]}}