{"id":14306,"date":"2018-01-22T16:41:16","date_gmt":"2018-01-22T16:41:16","guid":{"rendered":"https:\/\/moir.org.co\/web\/?p=14306"},"modified":"2018-01-22T16:41:16","modified_gmt":"2018-01-22T16:41:16","slug":"se-les-cae-la-estanteria","status":"publish","type":"post","link":"https:\/\/moir.com.co\/web\/se-les-cae-la-estanteria\/","title":{"rendered":"Se les cae la estanter\u00eda"},"content":{"rendered":"<p><strong>Jos\u00e9 Arlex Arias, Cartagena, enero 22 de 2018<\/strong><\/p>\n<p>El dilema sobre la guerra o paz mantiene a los colombianos con una venda en los ojos que les evita ver la cruel realidad de nuestro pa\u00eds, afectada por el centenario fen\u00f3meno de la corrupci\u00f3n, que volvi\u00f3 normales los desfalcos m\u00e1s asombrosos de la historia nacional. Hoy, cuando la poblaci\u00f3n tiene m\u00e1s posibilidades de expresarse y de reaccionar a trav\u00e9s de las redes sociales \u2013puesto que los grandes medios contin\u00faan cuidando las espaldas a los gobernantes\u2013, se conocen hechos que demuestran el grado de descomposici\u00f3n de una mayor\u00eda de la dirigencia, quienes son caracterizados como \u201clos mismos con las mismas\u201d. Uno de los nichos preferidos para la corrupci\u00f3n son las obras de infraestructura, en las cuales, v\u00eda licitaciones ama\u00f1adas, entregan concesiones y &#8220;billonarios&#8221; contratos, con los que las multinacionales y algunos empresarios nacionales tumban el erario e incluso atentan contra la vida e integridad de sus habitantes. La degradaci\u00f3n es tal que en el Congreso &#8220;arman&#8221; legislaciones casi que con nombre propio, complementadas por decretos y normas ejecutivas, para facilitar ese saqueo. La corrupci\u00f3n, valorada por la Contralor\u00eda General en $50 billones anuales, es la mermelada que aceita las m\u00e1quinas para elegir gobiernos y legisladores, tal como qued\u00f3 demostrado con el caso de Odebrecht. Esa es una lectura de la decisi\u00f3n del presidente Santos de asignar la principal funci\u00f3n de su vicepresidente, Vargas Lleras, de construir viviendas y obras de infraestructura.<\/p>\n<p>&nbsp;<\/p>\n<p>El pasado 15 de enero se desplom\u00f3 el costado occidental del puente conocido como Chirajara, levantado en\u00a0una zona monta\u00f1osa donde se construye la doble calzada de la carretera Bogot\u00e1-Villavicencio, que a lo largo de sus 120 kil\u00f3metros incluye decenas de\u00a0puentes y t\u00faneles. Este viaducto es del tipo\u00a0atirantado, con una longitud de 446 metros y a 286 metros de altura; estaba previsto que fuera entregado en junio de este a\u00f1o, como parte de la\u00a0v\u00eda 4G adjudicada al consorcio Coviandes por $3,1 billones. Su desplome dej\u00f3 9 obreros muertos, 5 desaparecidos y 8 heridos y se cay\u00f3 por &#8220;causas que a\u00fan se desconocen\u00a0y ser\u00e1n materia de investigaci\u00f3n&#8221;, seg\u00fan inform\u00f3 Coviandes. El ministro de Transporte, Germ\u00e1n Cardona, asegur\u00f3 que\u00a0\u201cla empresa concesionaria (Coviandes) cuenta con todas las p\u00f3lizas de seguros y garant\u00edas para asumir el costo del puente, incluyendo el apoyo a las familias\u201d.<\/p>\n<p>&nbsp;<\/p>\n<p>Lo politiquero y sospechoso del hecho es que el pasado 17 de noviembre, el presidente Santos, el hombre m\u00e1s rico del pa\u00eds, Luis Carlos Sarmiento Angulo, el ministro de Transporte, Germ\u00e1n Cardona, el Presidente de la ANI, Dimitri Zaninovich y el gerente de Coviandes, Alberto Mari\u00f1o Samper, inauguraron el puente de Chirajara, y aseguraron que para el mes de marzo de 2018 todo el tramo estar\u00eda terminado. \u201cson similares a los que encuentra uno en los pa\u00edses desarrollados: en Suiza, en Alemania, en los Estados Unidos&#8230;\u201d, dijo Santos. En este gobierno, cuatro puentes se han desplomado en el pa\u00eds. Ya es hora que el gobierno y sus funcionarios asuman la responsabilidad econ\u00f3mica y pol\u00edtica por estos hechos. El a\u00f1o pasado murieron 21 obreros en Cartagena por el desplome de un edificio y 8 m\u00e1s por el incendio de dos barcazas. El pueblo clama se dicte pronta justicia. \u00a1As\u00ed como mueren obreros, hay que desplomarles la estanter\u00eda pol\u00edtica!<\/p>\n","protected":false},"excerpt":{"rendered":"<p>Jos\u00e9 Arlex Arias, Cartagena, enero 22 de 2018 El dilema sobre la guerra o paz mantiene a los colombianos con una venda en los ojos que les evita ver la cruel realidad de nuestro pa\u00eds, afectada por el centenario fen\u00f3meno de la corrupci\u00f3n, que volvi\u00f3 normales los desfalcos m\u00e1s asombrosos de la historia nacional. Hoy, [&hellip;]<\/p>\n","protected":false},"author":1,"featured_media":14307,"comment_status":"open","ping_status":"open","sticky":false,"template":"","format":"standard","meta":{"advanced_seo_description":"","jetpack_seo_html_title":"","jetpack_seo_noindex":false,"_jetpack_memberships_contains_paid_content":false,"footnotes":""},"categories":[102,97,98,110,111],"tags":[],"class_list":["post-14306","post","type-post","status-publish","format-standard","has-post-thumbnail","hentry","category-economia","category-imperialismo-y-neoliberalismo","category-politica","category-vias-y-transporte","category-vivienda-y-desarrollo-urbano"],"jetpack_featured_media_url":"https:\/\/i0.wp.com\/moir.com.co\/web\/wp-content\/uploads\/2018\/01\/chirajara.jpeg?fit=275%2C183&ssl=1","jetpack-related-posts":[{"id":19320,"url":"https:\/\/moir.com.co\/web\/no-son-empresarios-son-hampones\/","url_meta":{"origin":14306,"position":0},"title":"No son empresarios, son hampones","author":"admin","date":"octubre 9, 2021","format":false,"excerpt":"Jos\u00e9 Arlex Arias, Cartagena, octubre 4 de 2021 Uno de los graves problemas que han conducido a Colombia a la crisis econ\u00f3mica y social que hoy viven sus habitantes es el escaso desarrollo productivo que no permite la creaci\u00f3n de riqueza, la acumulaci\u00f3n de capital nacional y fuentes de generaci\u00f3n\u2026","rel":"","context":"En \u00abCorrupci\u00f3n\u00bb","block_context":{"text":"Corrupci\u00f3n","link":"https:\/\/moir.com.co\/web\/category\/temas\/corrupcion\/"},"img":{"alt_text":"","src":"https:\/\/i0.wp.com\/moir.com.co\/web\/wp-content\/uploads\/2021\/10\/CorrupcionyNeoliberalismo.jpg?fit=852%2C567&ssl=1&resize=350%2C200","width":350,"height":200,"srcset":"https:\/\/i0.wp.com\/moir.com.co\/web\/wp-content\/uploads\/2021\/10\/CorrupcionyNeoliberalismo.jpg?fit=852%2C567&ssl=1&resize=350%2C200 1x, https:\/\/i0.wp.com\/moir.com.co\/web\/wp-content\/uploads\/2021\/10\/CorrupcionyNeoliberalismo.jpg?fit=852%2C567&ssl=1&resize=525%2C300 1.5x, https:\/\/i0.wp.com\/moir.com.co\/web\/wp-content\/uploads\/2021\/10\/CorrupcionyNeoliberalismo.jpg?fit=852%2C567&ssl=1&resize=700%2C400 2x"},"classes":[]},{"id":13371,"url":"https:\/\/moir.com.co\/web\/robledo-proclamado-candidato-presidencial-del-polo-gran-debate-contra-la-corrupcion-en-el-poder\/","url_meta":{"origin":14306,"position":1},"title":"Robledo proclamado candidato presidencial del Polo. Gran debate contra la corrupci\u00f3n en el poder","author":"admin","date":"septiembre 26, 2017","format":false,"excerpt":"Oficina de prensa del senador Jorge Enrique Robledo, Bogot\u00e1, septiembre 26 de 2017 Frente a m\u00e1s 2000 dirigentes de todo el pa\u00eds Jorge Enrique Robledo fue proclamado candidato \u00fanico del Polo Democr\u00e1tico Alternativo a la Presidencia de la Rep\u00fablica. El Polo tambi\u00e9n present\u00f3 sus listas al Senado y a la\u2026","rel":"","context":"En \u00abEconom\u00eda\u00bb","block_context":{"text":"Econom\u00eda","link":"https:\/\/moir.com.co\/web\/category\/temas\/economia\/"},"img":{"alt_text":"","src":"https:\/\/i0.wp.com\/moir.com.co\/web\/wp-content\/uploads\/2017\/09\/robledoproclamacion2.jpeg?fit=937%2C667&ssl=1&resize=350%2C200","width":350,"height":200,"srcset":"https:\/\/i0.wp.com\/moir.com.co\/web\/wp-content\/uploads\/2017\/09\/robledoproclamacion2.jpeg?fit=937%2C667&ssl=1&resize=350%2C200 1x, https:\/\/i0.wp.com\/moir.com.co\/web\/wp-content\/uploads\/2017\/09\/robledoproclamacion2.jpeg?fit=937%2C667&ssl=1&resize=525%2C300 1.5x, https:\/\/i0.wp.com\/moir.com.co\/web\/wp-content\/uploads\/2017\/09\/robledoproclamacion2.jpeg?fit=937%2C667&ssl=1&resize=700%2C400 2x"},"classes":[]},{"id":14828,"url":"https:\/\/moir.com.co\/web\/el-remedio-peor-que-la-enfermedad\/","url_meta":{"origin":14306,"position":2},"title":"El remedio: \u00bfpeor que la enfermedad?","author":"admin","date":"abril 3, 2018","format":false,"excerpt":"Jos\u00e9 Arlex Arias, Cartagena, abril 2 de 2018 Colombia es un pa\u00eds de paradojas. Ahora resulta que los causantes de su desastre se declaran sus salvadores. Es incre\u00edble y asombroso que el pueblo se siga dejando manipular por los ostentadores del poder, quienes utilizando desde los m\u00e9todos m\u00e1s burdos hasta\u2026","rel":"","context":"En \u00abEconom\u00eda\u00bb","block_context":{"text":"Econom\u00eda","link":"https:\/\/moir.com.co\/web\/category\/temas\/economia\/"},"img":{"alt_text":"","src":"https:\/\/i0.wp.com\/moir.com.co\/web\/wp-content\/uploads\/2018\/04\/cartagenaquintoguerra.jpg?fit=1000%2C625&ssl=1&resize=350%2C200","width":350,"height":200,"srcset":"https:\/\/i0.wp.com\/moir.com.co\/web\/wp-content\/uploads\/2018\/04\/cartagenaquintoguerra.jpg?fit=1000%2C625&ssl=1&resize=350%2C200 1x, https:\/\/i0.wp.com\/moir.com.co\/web\/wp-content\/uploads\/2018\/04\/cartagenaquintoguerra.jpg?fit=1000%2C625&ssl=1&resize=525%2C300 1.5x, https:\/\/i0.wp.com\/moir.com.co\/web\/wp-content\/uploads\/2018\/04\/cartagenaquintoguerra.jpg?fit=1000%2C625&ssl=1&resize=700%2C400 2x"},"classes":[]},{"id":14362,"url":"https:\/\/moir.com.co\/web\/video-la-corrupcion-tiene-que-ver-con-usted-a-cada-uno-de-nosotros-nos-robaron-1-millon-de-pesos-jorge-enrique-robledo\/","url_meta":{"origin":14306,"position":3},"title":"Video: \u00a1La corrupci\u00f3n tiene que ver con usted! A cada uno de nosotros nos robaron 1 mill\u00f3n de pesos, Jorge Enrique Robledo","author":"admin","date":"enero 29, 2018","format":"video","excerpt":"\u00a1La corrupci\u00f3n tiene que ver con usted! A cada uno de nosotros nos robaron 1 mill\u00f3n de pesos. A todos los colombianos nos tumban al a\u00f1o $50 billones. Los culpables de esta corrupci\u00f3n son los mismos con las mismas y vamos a derrotarlos con la Coalici\u00f3n Colombia. #VotoRobledoPolo1#SePuede#EstePa\u00edsS\u00edTieneArreglo Bogot\u00e1, enero\u2026","rel":"","context":"En \u00abEconom\u00eda\u00bb","block_context":{"text":"Econom\u00eda","link":"https:\/\/moir.com.co\/web\/category\/temas\/economia\/"},"img":{"alt_text":"","src":"","width":0,"height":0},"classes":[]},{"id":10156,"url":"https:\/\/moir.com.co\/web\/7-actos-de-corrupcion-en-400-palabras\/","url_meta":{"origin":14306,"position":4},"title":"7 actos de corrupci\u00f3n en 400 palabras","author":"admin","date":"mayo 16, 2016","format":false,"excerpt":"Esta semana el presidente Juan Manuel Santos particip\u00f3 en la Cumbre Mundial Anticorrupci\u00f3n organizada en Reino Unido, pa\u00eds que fue el pionero en constituir para\u00edsos fiscales para que los m\u00e1s poderosos puedan esconder su dinero y as\u00ed no pagar impuestos. En Colombia se dejan de recaudar $18 billones en impuestos\u2026","rel":"","context":"En \u00abTemas\u00bb","block_context":{"text":"Temas","link":"https:\/\/moir.com.co\/web\/category\/temas\/"},"img":{"alt_text":"","src":"","width":0,"height":0},"classes":[]},{"id":13427,"url":"https:\/\/moir.com.co\/web\/gran-debate-la-corrupcion-en-el-poder-martes-3-de-octubre-5-pm-por-tv\/","url_meta":{"origin":14306,"position":5},"title":"Gran debate La corrupci\u00f3n en el poder \u2013 MARTES 3 DE OCTUBRE, 5 PM POR TV","author":"admin","date":"octubre 3, 2017","format":false,"excerpt":"Oficina de prensa del senador Jorge Enrique Robledo, Bogot\u00e1, octubre 2 de 2017 Los casos de Odebrecht, fiscal anticorrupci\u00f3n corrupto y los sobornos desde la Corte Suprema de Justicia en debate citado por el senador Jorge Enrique Robledo y la senadora Claudia L\u00f3pez el martes 3 de octubre desde las\u2026","rel":"","context":"En \u00abImperialismo y Neoliberalismo\u00bb","block_context":{"text":"Imperialismo y Neoliberalismo","link":"https:\/\/moir.com.co\/web\/category\/temas\/imperialismo-y-neoliberalismo\/"},"img":{"alt_text":"","src":"https:\/\/i0.wp.com\/moir.com.co\/web\/wp-content\/uploads\/2017\/08\/robledoaftosa.jpg?fit=768%2C403&ssl=1&resize=350%2C200","width":350,"height":200,"srcset":"https:\/\/i0.wp.com\/moir.com.co\/web\/wp-content\/uploads\/2017\/08\/robledoaftosa.jpg?fit=768%2C403&ssl=1&resize=350%2C200 1x, https:\/\/i0.wp.com\/moir.com.co\/web\/wp-content\/uploads\/2017\/08\/robledoaftosa.jpg?fit=768%2C403&ssl=1&resize=525%2C300 1.5x, https:\/\/i0.wp.com\/moir.com.co\/web\/wp-content\/uploads\/2017\/08\/robledoaftosa.jpg?fit=768%2C403&ssl=1&resize=700%2C400 2x"},"classes":[]}],"jetpack_sharing_enabled":true,"_links":{"self":[{"href":"https:\/\/moir.com.co\/web\/wp-json\/wp\/v2\/posts\/14306","targetHints":{"allow":["GET"]}}],"collection":[{"href":"https:\/\/moir.com.co\/web\/wp-json\/wp\/v2\/posts"}],"about":[{"href":"https:\/\/moir.com.co\/web\/wp-json\/wp\/v2\/types\/post"}],"author":[{"embeddable":true,"href":"https:\/\/moir.com.co\/web\/wp-json\/wp\/v2\/users\/1"}],"replies":[{"embeddable":true,"href":"https:\/\/moir.com.co\/web\/wp-json\/wp\/v2\/comments?post=14306"}],"version-history":[{"count":1,"href":"https:\/\/moir.com.co\/web\/wp-json\/wp\/v2\/posts\/14306\/revisions"}],"predecessor-version":[{"id":14308,"href":"https:\/\/moir.com.co\/web\/wp-json\/wp\/v2\/posts\/14306\/revisions\/14308"}],"wp:featuredmedia":[{"embeddable":true,"href":"https:\/\/moir.com.co\/web\/wp-json\/wp\/v2\/media\/14307"}],"wp:attachment":[{"href":"https:\/\/moir.com.co\/web\/wp-json\/wp\/v2\/media?parent=14306"}],"wp:term":[{"taxonomy":"category","embeddable":true,"href":"https:\/\/moir.com.co\/web\/wp-json\/wp\/v2\/categories?post=14306"},{"taxonomy":"post_tag","embeddable":true,"href":"https:\/\/moir.com.co\/web\/wp-json\/wp\/v2\/tags?post=14306"}],"curies":[{"name":"wp","href":"https:\/\/api.w.org\/{rel}","templated":true}]}}