{"id":14303,"date":"2018-01-22T15:58:21","date_gmt":"2018-01-22T15:58:21","guid":{"rendered":"https:\/\/moir.org.co\/web\/?p=14303"},"modified":"2018-01-22T15:58:21","modified_gmt":"2018-01-22T15:58:21","slug":"en-los-desalojos-de-las-construcciones-ilegales-la-actuacion-de-las-autoridades-va-contra-las-victimas","status":"publish","type":"post","link":"https:\/\/moir.com.co\/web\/en-los-desalojos-de-las-construcciones-ilegales-la-actuacion-de-las-autoridades-va-contra-las-victimas\/","title":{"rendered":"En los desalojos de las construcciones ilegales la actuaci\u00f3n de las autoridades va contra las v\u00edctimas"},"content":{"rendered":"<p><strong>Comit\u00e9 Ejecutivo Polo Bol\u00edvar, Cartagena, enero 21 de 2018<\/strong><\/p>\n<p class=\"gmail-yiv6249219759msonormal\"><span lang=\"ES\">Despu\u00e9s del desplome del edificio Blas de Lezo II, que dej\u00f3 un saldo de 21 personas muertas, v\u00edctimas inocentes de las actuaciones corruptas de funcionarios p\u00fablicos y algunos actores del sector privado, Cartagena fue invadido por las autoridades nacionales, en una especie de jaur\u00eda que buscaba encontrar los culpables de este crimen. De inmediato la Procuradur\u00eda General especific\u00f3 que en la ciudad exist\u00eda un &#8220;verdadero cartel de la construcci\u00f3n&#8221;, denotando con ello que la corrupci\u00f3n estaba en todos los niveles.<\/span><\/p>\n<p class=\"gmail-yiv6249219759msonormal\"><span lang=\"ES\">\u00a0<\/span><\/p>\n<p class=\"gmail-yiv6249219759msonormal\"><span lang=\"ES\">Producto de diversos estudios se ha venido comprobando que efectivamente se cuentan por decenas las construcciones que no cumplen con los requerimientos t\u00e9cnicos, colocando en peligro a centenares de personas. Con base en un estudio de la universidad de Cartagena la Fiscal\u00eda le notific\u00f3 al alcalde interino de Cartagena que deb\u00eda desalojar 16 edificaciones, de ellas 14 fueron construidas por la familia Quiroz, afectando en total a 108 familias, esto es m\u00e1s de 300 personas, con lo cual el alcalde de manera apresurada e improvisada &#8220;dio la orden de desalojo inmediato&#8221;, generando p\u00e1nico, angustia y desolaci\u00f3n a personas que se han gastado toda su vida por tratar de conseguir un apartamento de su propiedad.<\/span><\/p>\n<p class=\"gmail-yiv6249219759msonormal\"><span lang=\"ES\">\u00a0<\/span><\/p>\n<p class=\"gmail-yiv6249219759msonormal\"><span lang=\"ES\">Con el supuesto de resguardar la vida de las personas, la actuaci\u00f3n del alcalde fue\u00a0 irresponsable e improvisada, puesto que no les ha proporcionado una salida digna a esos centenares de personas, mientras que las autoridades judiciales siguen sin tomar verdaderas medidas ejemplares en contra de un &#8220;cartel de la construcci\u00f3n&#8221; que, como lo dijo el Procurador, est\u00e1 enquistado en los sectores p\u00fablico y privado, pero no existe voluntad pol\u00edtica para acabarlo, puesto que hace parte de quienes ostentan el poder y es inherente al modelo neoliberal.<\/span><\/p>\n<p class=\"gmail-yiv6249219759msonormal\"><span lang=\"ES\">\u00a0<\/span><\/p>\n<p class=\"gmail-yiv6249219759msonormal\"><span lang=\"ES\">Rechazo las actuaciones oficiales en contra de las v\u00edctimas y alerto al pueblo cartagenero sobre los costos que tendremos que pagar, por las multimillonarias indemnizaciones que tendr\u00e1 que reconocer el Distrito de Cartagena a los afectados, a consecuencias de los fallos de las autoridades judiciales, mientras que los integrantes del cartel de la construcci\u00f3n continuar\u00e1n frecuentando los elegantes clubes de la ciudad. \u00a0\u00a0\u00a0<\/span><\/p>\n<p class=\"gmail-yiv6249219759msonormal\" align=\"center\"><b><span lang=\"ES\">\u00a0<\/span><\/b><\/p>\n<p class=\"gmail-yiv6249219759msonormal\" align=\"center\"><b><i><span lang=\"ES\">\u00a0<\/span><\/i><\/b><\/p>\n<p class=\"gmail-yiv6249219759msonormal\" align=\"center\"><b><i><span lang=\"ES\">POLO DEMOCR\u00c1TICO ALTERNATIVO<\/span><\/i><\/b><\/p>\n<p class=\"gmail-yiv6249219759msonormal\" align=\"center\"><b><i><span lang=\"ES\">Comit\u00e9 Ejecutivo de Bol\u00edvar<\/span><\/i><\/b><\/p>\n<p class=\"gmail-yiv6249219759msonormal\"><b><i><span lang=\"ES\">\u00a0<\/span><\/i><\/b><\/p>\n<p class=\"gmail-yiv6249219759msonormal\"><b><i><span lang=\"ES\">\u00a0<\/span><\/i><\/b><\/p>\n<p class=\"gmail-yiv6249219759msonormal\"><b><i><span lang=\"ES\">DAVID M\u00daNERA CAVAD\u00cdA\u00a0\u00a0\u00a0\u00a0\u00a0\u00a0\u00a0\u00a0\u00a0\u00a0\u00a0\u00a0\u00a0\u00a0\u00a0\u00a0\u00a0\u00a0\u00a0\u00a0\u00a0\u00a0\u00a0\u00a0\u00a0\u00a0\u00a0\u00a0\u00a0\u00a0\u00a0\u00a0\u00a0\u00a0\u00a0\u00a0\u00a0\u00a0\u00a0\u00a0\u00a0\u00a0 <\/span><\/i><\/b><\/p>\n<p class=\"gmail-yiv6249219759msonormal\"><b><i><span lang=\"ES\">Presidente\u00a0\u00a0\u00a0\u00a0\u00a0\u00a0\u00a0\u00a0\u00a0\u00a0\u00a0\u00a0\u00a0\u00a0\u00a0\u00a0\u00a0\u00a0\u00a0\u00a0\u00a0\u00a0\u00a0\u00a0\u00a0\u00a0\u00a0\u00a0\u00a0\u00a0\u00a0\u00a0\u00a0\u00a0\u00a0 \u00a0\u00a0\u00a0\u00a0\u00a0\u00a0\u00a0\u00a0\u00a0\u00a0\u00a0\u00a0\u00a0\u00a0\u00a0\u00a0\u00a0\u00a0\u00a0\u00a0\u00a0\u00a0\u00a0\u00a0\u00a0\u00a0\u00a0\u00a0\u00a0\u00a0\u00a0\u00a0\u00a0\u00a0\u00a0<\/span><\/i><\/b><\/p>\n","protected":false},"excerpt":{"rendered":"<p>Comit\u00e9 Ejecutivo Polo Bol\u00edvar, Cartagena, enero 21 de 2018 Despu\u00e9s del desplome del edificio Blas de Lezo II, que dej\u00f3 un saldo de 21 personas muertas, v\u00edctimas inocentes de las actuaciones corruptas de funcionarios p\u00fablicos y algunos actores del sector privado, Cartagena fue invadido por las autoridades nacionales, en una especie de jaur\u00eda que buscaba [&hellip;]<\/p>\n","protected":false},"author":1,"featured_media":14304,"comment_status":"open","ping_status":"open","sticky":false,"template":"","format":"standard","meta":{"advanced_seo_description":"","jetpack_seo_html_title":"","jetpack_seo_noindex":false,"_jetpack_memberships_contains_paid_content":false,"footnotes":""},"categories":[102,97,98,111],"tags":[],"class_list":["post-14303","post","type-post","status-publish","format-standard","has-post-thumbnail","hentry","category-economia","category-imperialismo-y-neoliberalismo","category-politica","category-vivienda-y-desarrollo-urbano"],"jetpack_featured_media_url":"https:\/\/i0.wp.com\/moir.com.co\/web\/wp-content\/uploads\/2018\/01\/cartagenadesalojos.jpeg?fit=275%2C183&ssl=1","jetpack-related-posts":[{"id":14359,"url":"https:\/\/moir.com.co\/web\/otra-actuacion-contra-las-victimas-desalojos\/","url_meta":{"origin":14303,"position":0},"title":"Otra actuaci\u00f3n contra las v\u00edctimas. Desalojos","author":"admin","date":"enero 29, 2018","format":false,"excerpt":"Jos\u00e9 Arlex Arias, Cartagena, enero 29 de 2018 La decisi\u00f3n caus\u00f3 gran impacto entre las v\u00edctimas, quiz\u00e1s tan fuerte como el que sintieron los familiares de las 21 v\u00edctimas fatales del desplome del edificio Blas de Lezo II, impacto del cual no se recuperan, sin recibir resarcimiento de sus victimarios\u2026","rel":"","context":"En \u00abEconom\u00eda\u00bb","block_context":{"text":"Econom\u00eda","link":"https:\/\/moir.com.co\/web\/category\/temas\/economia\/"},"img":{"alt_text":"","src":"","width":0,"height":0},"classes":[]},{"id":12314,"url":"https:\/\/moir.com.co\/web\/modelo-corrupcion-vidas-inmoladas\/","url_meta":{"origin":14303,"position":1},"title":"Modelo + corrupci\u00f3n = vidas inmoladas","author":"admin","date":"mayo 8, 2017","format":false,"excerpt":"Jos\u00e9 Arlex Arias, La Verdad, Cartagena, mayo 8 de 2017 En el marco de la conmemoraci\u00f3n del D\u00eda Universal de los Trabajadores, que toma como referencia las protestas de los obreros de Chicago en 1886, por la consecuci\u00f3n de un r\u00e9gimen de ocho horas de trabajo, ocho horas de descanso\u2026","rel":"","context":"En \u00abEconom\u00eda\u00bb","block_context":{"text":"Econom\u00eda","link":"https:\/\/moir.com.co\/web\/category\/temas\/economia\/"},"img":{"alt_text":"","src":"","width":0,"height":0},"classes":[]},{"id":5407,"url":"https:\/\/moir.com.co\/web\/la-corrupcion-no-es-solo-en-bogota-quien-se-atreve-a-denunciar-en-cartagena\/","url_meta":{"origin":14303,"position":2},"title":"\u201cLa corrupci\u00f3n no es s\u00f3lo en bogot\u00e1: \u00bfQui\u00e9n se atreve a denunciar en Cartagena?\u201d","author":"admin","date":"marzo 15, 2011","format":false,"excerpt":"Con o sin raz\u00f3n, se demostrar\u00e1 en estrados judiciales, el gobierno y sus entes de control, utilizando sus medios de comunicaci\u00f3n, lanzaron una \u201ccruzada\u201d comandada por el Procurador, Alejandro Ordo\u00f1ez, contra la administraci\u00f3n de Bogot\u00e1. Su labor ser\u00eda loable si no se marcara en la intenci\u00f3n un \u201ctufillo\u201d pol\u00edtico, trat\u00e1ndose\u2026","rel":"","context":"En \u00abTemas\u00bb","block_context":{"text":"Temas","link":"https:\/\/moir.com.co\/web\/category\/temas\/"},"img":{"alt_text":"","src":"","width":0,"height":0},"classes":[]},{"id":8583,"url":"https:\/\/moir.com.co\/web\/alcalde-de-cartagena-faltonea-a-los-beisbolistas-de-cartagena\/","url_meta":{"origin":14303,"position":3},"title":"Alcalde de Cartagena faltonea a los beisbolistas de Cartagena","author":"admin","date":"julio 27, 2014","format":false,"excerpt":"\u201cDos mil ni\u00f1os y adolescentes de Cartagena no tienen donde practicar beisbol porque tanto el Alcalde, Dionisio V\u00e9lez, como el gobernador, Juan Carlos Gossa\u00edn, se han puesto a pelear entre s\u00ed y han sido negligentes para construir su estadio\u201d, dijo el concejal del Polo Democr\u00e1tico Alternativo, David M\u00fanera Cavad\u00eda El\u2026","rel":"","context":"En \u00abPolo Democr\u00e1tico Alternativo\u00bb","block_context":{"text":"Polo Democr\u00e1tico Alternativo","link":"https:\/\/moir.com.co\/web\/category\/polo-democratico-alternativo\/"},"img":{"alt_text":"","src":"","width":0,"height":0},"classes":[]},{"id":12581,"url":"https:\/\/moir.com.co\/web\/carta-abierta-de-david-munera-cavadia-al-alcalde-encargado-de-cartagena\/","url_meta":{"origin":14303,"position":4},"title":"Carta abierta de David M\u00fanera Cavad\u00eda al alcalde encargado de Cartagena","author":"admin","date":"junio 1, 2017","format":false,"excerpt":"Cartagena, mayo 30 de 2017 Se\u00f1or SERGIO LONDO\u00d1O ZUREK ALCALDE MAYOR CARTAGENA DE INDIAS La ciudad Atento Saludo DAVID ALFONSO MUNERA CAVADIA, identificado con la c\u00e9dula de ciudadan\u00eda No 9.090.782 de Cartagena me permito solicitarle, en su calidad de Alcalde (E), se permita revisar y redireccionar, en materia de contrataci\u00f3n,\u2026","rel":"","context":"En \u00abEconom\u00eda\u00bb","block_context":{"text":"Econom\u00eda","link":"https:\/\/moir.com.co\/web\/category\/temas\/economia\/"},"img":{"alt_text":"","src":"https:\/\/i0.wp.com\/moir.com.co\/web\/wp-content\/uploads\/2017\/06\/Cartagenaciudadheroica.jpg?fit=600%2C300&ssl=1&resize=350%2C200","width":350,"height":200,"srcset":"https:\/\/i0.wp.com\/moir.com.co\/web\/wp-content\/uploads\/2017\/06\/Cartagenaciudadheroica.jpg?fit=600%2C300&ssl=1&resize=350%2C200 1x, https:\/\/i0.wp.com\/moir.com.co\/web\/wp-content\/uploads\/2017\/06\/Cartagenaciudadheroica.jpg?fit=600%2C300&ssl=1&resize=525%2C300 1.5x"},"classes":[]},{"id":9222,"url":"https:\/\/moir.com.co\/web\/santos-impone-obras-en-concesion-a-cartagena-con-complicidad-del-alcalde\/","url_meta":{"origin":14303,"position":5},"title":"Santos impone obras en concesi\u00f3n a Cartagena con complicidad del alcalde","author":"admin","date":"marzo 20, 2015","format":false,"excerpt":"\u201cCON EL SILENCIO C\u00d3MPLICE DEL ALCALDE, DIONISIO V\u00c9LEZ TRUJILLO, EL GOBIERNO DE SANTOS NOS SIGUE IMPONIENDO OBRAS EN CONCESI\u00d3N, CUYA FINANCIACI\u00d3N CORRE POR LOS CARTAGENEROS, A TRAV\u00c9S DE PAGO DE PEAJES\u201d: concejal David M\u00fanera Los medios de comunicaci\u00f3n han denunciado la construcci\u00f3n de un nuevo peaje en el per\u00edmetro urbano\u2026","rel":"","context":"En \u00abTemas\u00bb","block_context":{"text":"Temas","link":"https:\/\/moir.com.co\/web\/category\/temas\/"},"img":{"alt_text":"","src":"","width":0,"height":0},"classes":[]}],"jetpack_sharing_enabled":true,"_links":{"self":[{"href":"https:\/\/moir.com.co\/web\/wp-json\/wp\/v2\/posts\/14303","targetHints":{"allow":["GET"]}}],"collection":[{"href":"https:\/\/moir.com.co\/web\/wp-json\/wp\/v2\/posts"}],"about":[{"href":"https:\/\/moir.com.co\/web\/wp-json\/wp\/v2\/types\/post"}],"author":[{"embeddable":true,"href":"https:\/\/moir.com.co\/web\/wp-json\/wp\/v2\/users\/1"}],"replies":[{"embeddable":true,"href":"https:\/\/moir.com.co\/web\/wp-json\/wp\/v2\/comments?post=14303"}],"version-history":[{"count":1,"href":"https:\/\/moir.com.co\/web\/wp-json\/wp\/v2\/posts\/14303\/revisions"}],"predecessor-version":[{"id":14305,"href":"https:\/\/moir.com.co\/web\/wp-json\/wp\/v2\/posts\/14303\/revisions\/14305"}],"wp:featuredmedia":[{"embeddable":true,"href":"https:\/\/moir.com.co\/web\/wp-json\/wp\/v2\/media\/14304"}],"wp:attachment":[{"href":"https:\/\/moir.com.co\/web\/wp-json\/wp\/v2\/media?parent=14303"}],"wp:term":[{"taxonomy":"category","embeddable":true,"href":"https:\/\/moir.com.co\/web\/wp-json\/wp\/v2\/categories?post=14303"},{"taxonomy":"post_tag","embeddable":true,"href":"https:\/\/moir.com.co\/web\/wp-json\/wp\/v2\/tags?post=14303"}],"curies":[{"name":"wp","href":"https:\/\/api.w.org\/{rel}","templated":true}]}}