{"id":14288,"date":"2018-01-20T15:12:27","date_gmt":"2018-01-20T15:12:27","guid":{"rendered":"https:\/\/moir.org.co\/web\/?p=14288"},"modified":"2018-01-20T15:12:27","modified_gmt":"2018-01-20T15:12:27","slug":"multar-a-los-ciudadanos-que-les-compran-a-los-informales-otro-abuso-de-los-mismos-con-las-mismas-robledo","status":"publish","type":"post","link":"https:\/\/moir.com.co\/web\/multar-a-los-ciudadanos-que-les-compran-a-los-informales-otro-abuso-de-los-mismos-con-las-mismas-robledo\/","title":{"rendered":"Multar a los ciudadanos que les compran a los informales, otro abuso de los mismos con las mismas: Robledo"},"content":{"rendered":"<p><strong>Oficina de prensa del senador Jorge Enrique Robledo, Bogot\u00e1, enero 19 de 2018<\/strong><\/p>\n<p><em>El Alcalde de Armenia orden\u00f3 imponer multas por 833.325 pesos a los ciudadanos que les compren a los vendedores informales no carnetizados; la informalidad es una realidad social que no se resuelve con medidas policivas; ojal\u00e1 nadie siga el mal camino del doctor Carlos Mario \u00c1lvarez<\/em><\/p>\n<p>&nbsp;<\/p>\n<p><strong>$833.325, una multa de ruina<\/strong><\/p>\n<p>\u201cImponerles una multa a una se\u00f1ora o a un se\u00f1or que porque en la calle le compran un aguacate o una mandarina a un vendedor ambulante es muy abusivo. Incluso voy a usar una palabra que no acostumbro emplear, es una medida fascistoide,\u201d expres\u00f3 el senador Jorge Enrique Robledo al referirse a la decisi\u00f3n de Carlos Mario \u00c1lvarez, alcalde de Armenia elegido con el aval del Partido Liberal, de aplicar el numeral sexto del art\u00edculo 140 del C\u00f3digo de Polic\u00eda y sancionar con una multa de 833.325 pesos a los ciudadanos que les compren a los informales que les falte un papel de la Alcald\u00eda.<\/p>\n<p><strong>En defensa del trabajo digno<\/strong><\/p>\n<p>La jurisprudencia de la Corte Constitucional protege el derecho al trabajo de los vendedores informales. Ellos ocupan el espacio p\u00fablico porque las condiciones socioecon\u00f3micas del pa\u00eds los obligan. Y a la gente no le est\u00e1 prohibido comprarles a los informales, luego sancionarlos por hacer algo que les permite la Constituci\u00f3n es violatorio de cualquier garant\u00eda democr\u00e1tica. \u201c\u00bfSe puede autodenominar como democr\u00e1tico un Estado que maltrata de tantas formas a sus ciudadanos?\u201d, se pregunt\u00f3 por \u00faltimo Robledo.<\/p>\n<p>Vea la audiencia p\u00fablica sobre los vendedores informales:<\/p>\n<div class=\"jetpack-video-wrapper\"><span class=\"embed-youtube\"><iframe class=\"youtube-player\" src=\"https:\/\/www.youtube.com\/embed\/videoseries?list=PLjVsRw94xV_CSqEB0DQCpjCojMBUtJjTC&amp;hl=en_US\" width=\"300\" height=\"150\" allowfullscreen=\"allowfullscreen\" data-ratio=\"0.609375\" data-width=\"640\" data-height=\"390\" data-mce-fragment=\"1\"><\/iframe><\/span><\/div>\n","protected":false},"excerpt":{"rendered":"<p>Oficina de prensa del senador Jorge Enrique Robledo, Bogot\u00e1, enero 19 de 2018 El Alcalde de Armenia orden\u00f3 imponer multas por 833.325 pesos a los ciudadanos que les compren a los vendedores informales no carnetizados; la informalidad es una realidad social que no se resuelve con medidas policivas; ojal\u00e1 nadie siga el mal camino del [&hellip;]<\/p>\n","protected":false},"author":1,"featured_media":14289,"comment_status":"open","ping_status":"open","sticky":false,"template":"","format":"standard","meta":{"advanced_seo_description":"","jetpack_seo_html_title":"","jetpack_seo_noindex":false,"_jetpack_memberships_contains_paid_content":false,"footnotes":""},"categories":[102,97,4,98,109],"tags":[],"class_list":["post-14288","post","type-post","status-publish","format-standard","has-post-thumbnail","hentry","category-economia","category-imperialismo-y-neoliberalismo","category-jorge-enrique-robledo","category-politica","category-sindical"],"jetpack_featured_media_url":"https:\/\/i0.wp.com\/moir.com.co\/web\/wp-content\/uploads\/2018\/01\/vendedoresambulantes2.jpg?fit=650%2C300&ssl=1","jetpack-related-posts":[{"id":13893,"url":"https:\/\/moir.com.co\/web\/vendedores-informales-entre-el-rebusque-y-la-persecucion-robledo\/","url_meta":{"origin":14288,"position":0},"title":"Video: Vendedores informales, entre el rebusque y la persecuci\u00f3n: Robledo","author":"admin","date":"noviembre 20, 2017","format":"video","excerpt":"Intervenci\u00f3n del senador Jorge Enrique Robledo en la Audiencia P\u00fablica sobre la situaci\u00f3n de los vendedores ambulantes, Comisi\u00f3n Quinta del Senado, 20 de noviembre de 2017","rel":"","context":"En \u00abEconom\u00eda\u00bb","block_context":{"text":"Econom\u00eda","link":"https:\/\/moir.com.co\/web\/category\/temas\/economia\/"},"img":{"alt_text":"","src":"","width":0,"height":0},"classes":[]},{"id":13895,"url":"https:\/\/moir.com.co\/web\/video-conclusiones-vendedores-informales-entre-el-rebusque-y-la-persecucion-robledo\/","url_meta":{"origin":14288,"position":1},"title":"Video: Conclusiones: Vendedores informales, entre el rebusque y la persecuci\u00f3n: Robledo","author":"admin","date":"noviembre 20, 2017","format":"video","excerpt":"Conclusiones senador Jorge Enrique Robledo en la Audiencia P\u00fablica sobre la situaci\u00f3n de los vendedores ambulantes, Comisi\u00f3n Quinta del Senado, 20 de noviembre de 2017","rel":"","context":"En \u00abEconom\u00eda\u00bb","block_context":{"text":"Econom\u00eda","link":"https:\/\/moir.com.co\/web\/category\/temas\/economia\/"},"img":{"alt_text":"","src":"","width":0,"height":0},"classes":[]},{"id":12782,"url":"https:\/\/moir.com.co\/web\/senador-robledo-y-concejal-manuel-sarmiento-presentaron-demanda-para-proteger-derechos-de-vendedores-informales\/","url_meta":{"origin":14288,"position":2},"title":"Senador Robledo y concejal Manuel Sarmiento presentaron demanda para proteger derechos de vendedores informales","author":"admin","date":"junio 29, 2017","format":false,"excerpt":"Oficina de prensa del senador Jorge Enrique Robledo, Bogot\u00e1, junio 22 de \u00a02017 El Senador Robledo y el Concejal Manuel Sarmiento, del Polo Democr\u00e1tico Alternativo, presentaron una demanda contra normas distritales que desconocen los derechos de los vendedores informales. Cada vez hay m\u00e1s vendedores en la calle producto de la\u2026","rel":"","context":"En \u00abBogot\u00e1\u00bb","block_context":{"text":"Bogot\u00e1","link":"https:\/\/moir.com.co\/web\/category\/temas\/bogota\/"},"img":{"alt_text":"","src":"https:\/\/i0.wp.com\/moir.com.co\/web\/wp-content\/uploads\/2017\/06\/bogotavendedoresambulantes.png?fit=500%2C374&ssl=1&resize=350%2C200","width":350,"height":200},"classes":[]},{"id":3820,"url":"https:\/\/moir.com.co\/web\/la-concesion-o-privatizacion-de-playas-como-las-de-cartagena-hace-parte-del-modelo-plutocratico-de-uribe-asegura-el-senador-jorge-enrique-robledo\/","url_meta":{"origin":14288,"position":3},"title":"La concesi\u00f3n o privatizaci\u00f3n de playas como las de Cartagena hace parte del modelo plutocr\u00e1tico de Uribe, asegura el senador Jorge Enrique Robledo","author":"admin","date":"noviembre 30, 2009","format":false,"excerpt":"Cartagena es una de las ciudades con m\u00e1s desigualdades del pa\u00eds. Cerca del 75% de su poblaci\u00f3n deambula entre la indigencia y la pobreza, v\u00edctima del modelo econ\u00f3mico neoliberal que genera un desempleo estructural e impulsa a la poblaci\u00f3n a la informalidad, popularmente conocida como la \u201cindustria\u201d del rebusque. Precisamente\u2026","rel":"","context":"En \u00abJorge Enrique Robledo\u00bb","block_context":{"text":"Jorge Enrique Robledo","link":"https:\/\/moir.com.co\/web\/category\/jorge-enrique-robledo\/"},"img":{"alt_text":"","src":"","width":0,"height":0},"classes":[]},{"id":17089,"url":"https:\/\/moir.com.co\/web\/un-codigo-para-ricos-en-un-pais-subdesarrollado\/","url_meta":{"origin":14288,"position":4},"title":"Un c\u00f3digo para ricos en un pa\u00eds subdesarrollado","author":"admin","date":"marzo 11, 2019","format":false,"excerpt":"Jos\u00e9 Arlex Arias, Cartagena, marzo 11 de 2019 Si no fuera por lo tr\u00e1gico y dram\u00e1tico que es para un vendedor ambulante o estacionario, ubicado en el espacio p\u00fablico, que le decomisen unas empanadas o se las fumiguen con cloro \u2013tal como si fueran cucarachas o rociando un cultivo de\u2026","rel":"","context":"En \u00abEconom\u00eda\u00bb","block_context":{"text":"Econom\u00eda","link":"https:\/\/moir.com.co\/web\/category\/temas\/economia\/"},"img":{"alt_text":"","src":"","width":0,"height":0},"classes":[]},{"id":8710,"url":"https:\/\/moir.com.co\/web\/el-gobierno-nacional-y-el-distrito-deben-atender-los-reclamos-de-los-residentes-y-comerciantes-del-centro-robledo\/","url_meta":{"origin":14288,"position":5},"title":"El gobierno nacional y el Distrito deben atender los reclamos de los residentes y comerciantes del centro: Robledo","author":"admin","date":"septiembre 11, 2014","format":false,"excerpt":"Varias organizaciones de residentes, comerciantes y vendedores ambulantes del centro de Bogot\u00e1 adelantan una movilizaci\u00f3n en rechazo al Plan Centro que promueven el gobierno nacional y el Distrito. De acuerdo con los organizadores de la movilizaci\u00f3n, el Plan Centro desplazar\u00e1 a la gran mayor\u00eda de residentes y comerciantes de esta\u2026","rel":"","context":"En \u00abJorge Enrique Robledo\u00bb","block_context":{"text":"Jorge Enrique Robledo","link":"https:\/\/moir.com.co\/web\/category\/jorge-enrique-robledo\/"},"img":{"alt_text":"","src":"","width":0,"height":0},"classes":[]}],"jetpack_sharing_enabled":true,"_links":{"self":[{"href":"https:\/\/moir.com.co\/web\/wp-json\/wp\/v2\/posts\/14288","targetHints":{"allow":["GET"]}}],"collection":[{"href":"https:\/\/moir.com.co\/web\/wp-json\/wp\/v2\/posts"}],"about":[{"href":"https:\/\/moir.com.co\/web\/wp-json\/wp\/v2\/types\/post"}],"author":[{"embeddable":true,"href":"https:\/\/moir.com.co\/web\/wp-json\/wp\/v2\/users\/1"}],"replies":[{"embeddable":true,"href":"https:\/\/moir.com.co\/web\/wp-json\/wp\/v2\/comments?post=14288"}],"version-history":[{"count":1,"href":"https:\/\/moir.com.co\/web\/wp-json\/wp\/v2\/posts\/14288\/revisions"}],"predecessor-version":[{"id":14290,"href":"https:\/\/moir.com.co\/web\/wp-json\/wp\/v2\/posts\/14288\/revisions\/14290"}],"wp:featuredmedia":[{"embeddable":true,"href":"https:\/\/moir.com.co\/web\/wp-json\/wp\/v2\/media\/14289"}],"wp:attachment":[{"href":"https:\/\/moir.com.co\/web\/wp-json\/wp\/v2\/media?parent=14288"}],"wp:term":[{"taxonomy":"category","embeddable":true,"href":"https:\/\/moir.com.co\/web\/wp-json\/wp\/v2\/categories?post=14288"},{"taxonomy":"post_tag","embeddable":true,"href":"https:\/\/moir.com.co\/web\/wp-json\/wp\/v2\/tags?post=14288"}],"curies":[{"name":"wp","href":"https:\/\/api.w.org\/{rel}","templated":true}]}}