{"id":14285,"date":"2018-01-20T15:07:25","date_gmt":"2018-01-20T15:07:25","guid":{"rendered":"https:\/\/moir.org.co\/web\/?p=14285"},"modified":"2018-01-20T15:07:25","modified_gmt":"2018-01-20T15:07:25","slug":"la-desigualdad-no-es-inevitable","status":"publish","type":"post","link":"https:\/\/moir.com.co\/web\/la-desigualdad-no-es-inevitable\/","title":{"rendered":"La desigualdad no es inevitable"},"content":{"rendered":"<p><strong>Amaury N\u00fa\u00f1ez, Medell\u00edn, enero 19 de 2018<\/strong><\/p>\n<p>El Laboratorio sobre la Desigualdad Global public\u00f3 su informe sobre esa materia y las conclusiones son escandalosas. All\u00ed plantean la conjunci\u00f3n de fen\u00f3menos macroecon\u00f3micos con fen\u00f3menos microecon\u00f3micos respecto a la desigualdad de ingresos. Tambi\u00e9n que se precisa de pol\u00edticas impositivas nacionales y globales para enfrentarla, de la mano de reformulaciones en los campos educativo y salarial.<\/p>\n<p>En otras palabras, se trata de encontrar el hilo conductor entre procesos de nacionalizaci\u00f3n y privatizaci\u00f3n con los ingresos de las personas, la acumulaci\u00f3n de capital con la riqueza, la deuda p\u00fablica con las deudas personales.<\/p>\n<p>Y una gran conclusi\u00f3n, que podr\u00eda parecer obvia, es que la evoluci\u00f3n de la desigualdad est\u00e1 imbuida por decisiones de car\u00e1cter pol\u00edtico. As\u00ed, las variables institucionales se materializan a la hora de estimar la evoluci\u00f3n de las desigualdades de ingreso en el mundo.<\/p>\n<p>Los indicadores son variados. Por ejemplo, en el conjunto de la riqueza nacional cuanto corresponde a riqueza privada y cuanto a riqueza p\u00fablica. La tendencia que se encuentra es que, mientras aumenta la riqueza privada neta y disminuye la riqueza p\u00fablica neta como parte de la riqueza nacional, los gobiernos se debilitan y disminuyen sus capacidades para combatir la desigualdad.<\/p>\n<p>Otro indicador es la transferencia de riqueza del sector p\u00fablico al sector privado, es decir, las privatizaciones, que traen como consecuencia el aumento de la concentraci\u00f3n de ingresos.<\/p>\n<p>Las distintas velocidades en la variaci\u00f3n de la desigualdad sustentan el factor crucial que juegan las variables pol\u00edticas e institucionales.<\/p>\n<p>Mientras en los pa\u00edses de Europa en su conjunto el 10% de las personas m\u00e1s ricas se hicieron con el 37%\u00a0 de los ingresos en el a\u00f1o 2016, en el Medio Oriente, la regi\u00f3n m\u00e1s desigual del planeta, esa misma proporci\u00f3n de personas se hacen con el 61% de los ingresos. Entre otros, Estados Unidos el 47%, Brasil el 55%.<\/p>\n<p>El caso estadounidense sirve para ilustrar el declive de la riqueza p\u00fablica. De acuerdo con c\u00e1lculos de los economistas Thomas Piketty, Li Yang y Gabriel Zucman, en el a\u00f1o 1980 la participaci\u00f3n de la riqueza p\u00fablica en los ingresos era del 13%. En 2015 fue de menos 3,6%. En el mismo periodo, la riqueza privada como proporci\u00f3n de la riqueza nacional pas\u00f3 de 15 a menos de 4%.<\/p>\n<p>Entre 1970 y 2015, la proporci\u00f3n de la riqueza privada neta (sin deuda) como porcentaje del ingreso nacional neto (sin deuda p\u00fablica y privada), pas\u00f3 de 326% a 500%. Esto significa que antes la riqueza privada equival\u00eda a 3,26 a\u00f1os de ingresos nacionales y hoy equivale a 5 a\u00f1os.<\/p>\n<p>Durante las d\u00e9cadas de 1970 y 1980 las pol\u00edticas previas de asistencia social, estatizaci\u00f3n de los renglones estrat\u00e9gicos de las econom\u00edas desarrolladas, as\u00ed como las pol\u00edticas sociales para la reducci\u00f3n de brechas entre ricos y pobres, tuvieron su relevo.<\/p>\n<p>En el mundo se produjo una contrarrevoluci\u00f3n conservadora que copiosamente se convirti\u00f3 en literatura econ\u00f3mica y manuales t\u00e9cnicos. A partir de la d\u00e9cada de 1970 estas pol\u00edticas produjeron un aumento en la participaci\u00f3n en la riqueza por parte del 10% m\u00e1s rico en occidente.<\/p>\n<p>Los nuevos papeles asignados fueron entonces, al Estado, garantizar la estabilidad macroecon\u00f3mica y abandonar la pol\u00edtica social para enfocarse en la disciplina presupuestal y fiscal, y a las agencias financieras y organismos multilaterales formular y evaluar las pol\u00edticas que llevar\u00e1n a esa estabilidad.<\/p>\n<p>\u201cMientras la riqueza nacional (p\u00fablica m\u00e1s privada) ha crecido de manera notable, la riqueza p\u00fablica se ha hecho negativa o cercana a cero en los pa\u00edses ricos (las deudas superan a los activos). Esto limita la capacidad de los gobiernos para reducir la desigualdad, y ciertamente tiene implicaciones importantes para la desigualdad de riqueza entre los individuos\u201d, se lee en el informe.<\/p>\n<p>La desigualdad de ingresos (capital y trabajo) una vez m\u00e1s lo confirma. El 10% de los m\u00e1s ricos se hacen con la mitad de los ingresos (el 1% m\u00e1s rico con el 20, y el 9 con el 30% de los ingresos). La mitad m\u00e1s pobre de la poblaci\u00f3n se hace con el 12% de los ingresos. Esto sin contar las desigualdades m\u00e1s agudas por sectores econ\u00f3micos, grupos ocupacionales, g\u00e9nero, edad y regiones del pa\u00eds.<\/p>\n<p>Para los profesores Jairo Villabona y Carlos Quimbay, en Colombia, hay un uso excesivo de los beneficios tributarios como instrumento de pol\u00edtica econ\u00f3mica, lo que reproduce las inequidades en el sistema tributario. En el pa\u00eds sectores como el minero y el financiero son los que presentan los mayores montos de beneficios tributarios, a pesar de no ser tan relevantes en generaci\u00f3n de empleo.<\/p>\n<p>No es cierto, como afirman \u00e1ulicos de financistas y multinacionales, que en Colombia paguen altos impuestos ni que el impuesto de renta a las empresas sea el tercero m\u00e1s alto del mundo.<\/p>\n<p>La tasa efectiva del impuesto de renta para sectores de la econom\u00eda colombiana entre el 2011 y el 2015 cay\u00f3 del 19,9 al 13,7 por ciento, lo que redujo los recaudos en casi una tercera parte. La consecuencia es que fueron menores los ingresos percibidos por el Gobierno nacional para atender obligaciones sociales. El promedio de dicha tasa no es de entre 50 y 70%, como han afirmado sectores econ\u00f3micos del pa\u00eds, sino del 17,3%.<\/p>\n<p>Tan solo los beneficios tributarios de los sectores financiero y bancario sumaron 125,5 billones de pesos. Como dicen en su estudio Villabona y Quimbay: \u201cno se est\u00e1 incentivando el desarrollo de los sectores, que, a largo plazo, pueden garantizar un crecimiento sostenido y aut\u00f3nomo de la econom\u00eda\u201d.<\/p>\n<p>Pero el crecimiento de la desigualdad no es inevitable. Esta tendencia podr\u00eda revertirse con progresividad en las pol\u00edticas de impuestos, un registro financiero contra la evasi\u00f3n tributaria, salarios m\u00e1s altos y tasas efectivas de impuesto de renta para sectores de la econom\u00eda que pueden pagar m\u00e1s y que, como en el caso colombiano, no lo hacen.<\/p>\n","protected":false},"excerpt":{"rendered":"<p>Amaury N\u00fa\u00f1ez, Medell\u00edn, enero 19 de 2018 El Laboratorio sobre la Desigualdad Global public\u00f3 su informe sobre esa materia y las conclusiones son escandalosas. All\u00ed plantean la conjunci\u00f3n de fen\u00f3menos macroecon\u00f3micos con fen\u00f3menos microecon\u00f3micos respecto a la desigualdad de ingresos. Tambi\u00e9n que se precisa de pol\u00edticas impositivas nacionales y globales para enfrentarla, de la mano [&hellip;]<\/p>\n","protected":false},"author":1,"featured_media":14286,"comment_status":"open","ping_status":"open","sticky":false,"template":"","format":"standard","meta":{"advanced_seo_description":"","jetpack_seo_html_title":"","jetpack_seo_noindex":false,"_jetpack_memberships_contains_paid_content":false,"footnotes":""},"categories":[102,97,98],"tags":[],"class_list":["post-14285","post","type-post","status-publish","format-standard","has-post-thumbnail","hentry","category-economia","category-imperialismo-y-neoliberalismo","category-politica"],"jetpack_featured_media_url":"https:\/\/i0.wp.com\/moir.com.co\/web\/wp-content\/uploads\/2018\/01\/desigualdad.jpeg?fit=288%2C175&ssl=1","jetpack-related-posts":[{"id":15114,"url":"https:\/\/moir.com.co\/web\/corrupcion-desigualdad-y-educacion-en-colombia\/","url_meta":{"origin":14285,"position":0},"title":"Corrupci\u00f3n, desigualdad y educaci\u00f3n en Colombia","author":"admin","date":"mayo 16, 2018","format":false,"excerpt":"Aurelio Su\u00e1rez Montoya, Bogot\u00e1, mayo 15 de 2018 Colombia perdi\u00f3 6 puestos en el\u00a0ranking del \u00cdndice de Percepci\u00f3n de Corrupci\u00f3n de Transparencia Internacional (CPI)\u00a0de 2016 a 2017. La calificaci\u00f3n de 37 puntos sobre 100, el nivel \u00f3ptimo, ubica al pa\u00eds en el puesto 96, por debajo del promedio mundial de\u2026","rel":"","context":"En \u00abAurelio Su\u00e1rez Montoya\u00bb","block_context":{"text":"Aurelio Su\u00e1rez Montoya","link":"https:\/\/moir.com.co\/web\/category\/bitacoras\/aurelio-suarez-montoya\/"},"img":{"alt_text":"","src":"https:\/\/i0.wp.com\/moir.com.co\/web\/wp-content\/uploads\/2018\/04\/fajardopresidente.png?fit=390%2C390&ssl=1&resize=350%2C200","width":350,"height":200},"classes":[]},{"id":6603,"url":"https:\/\/moir.com.co\/web\/el-socialismo-santista-o-los-programas-hojas-de-parra\/","url_meta":{"origin":14285,"position":1},"title":"El \u201csocialismo\u201d santista o los programas-\u201chojas de parra\u201d","author":"admin","date":"junio 14, 2012","format":false,"excerpt":"El debate sobre la restituci\u00f3n de tierras del senador Robledo y los representantes Arias y Cepeda, del Polo, devel\u00f3 que la \u201crevoluci\u00f3n agr\u00edcola santita\u201d carece de metas y logros. Ese proyecto, que como dijo alguien, \u201c\u2026 donde el gobierno tendr\u00e1 que jugarse a fondo\u201d, est\u00e1 en ceros y con inciertas\u2026","rel":"","context":"En \u00abAurelio Su\u00e1rez Montoya\u00bb","block_context":{"text":"Aurelio Su\u00e1rez Montoya","link":"https:\/\/moir.com.co\/web\/category\/bitacoras\/aurelio-suarez-montoya\/"},"img":{"alt_text":"","src":"","width":0,"height":0},"classes":[]},{"id":13890,"url":"https:\/\/moir.com.co\/web\/la-gran-desigualdad-del-pais-es-producto-de-las-malas-politicas-economicas\/","url_meta":{"origin":14285,"position":2},"title":"\u201cLa gran desigualdad del pa\u00eds es producto de las malas pol\u00edticas econ\u00f3micas\u201d","author":"admin","date":"noviembre 20, 2017","format":false,"excerpt":"Entrevista de Luisa Davila a Aurelio Su\u00e1rez Montoya, La Naci\u00f3n, Neiva, noviembre 20 de 2017 El analista econ\u00f3mico y pol\u00edtico Aurelio Su\u00e1rez Montoya estuvo en el Diario LA NACI\u00d3N hablando de su posible aspiraci\u00f3n al Senado de la Rep\u00fablica, tema que a\u00fan no define. Su\u00e1rez quien actualmente es columnista en\u2026","rel":"","context":"En \u00abAgro\u00bb","block_context":{"text":"Agro","link":"https:\/\/moir.com.co\/web\/category\/temas\/agro\/"},"img":{"alt_text":"","src":"https:\/\/i0.wp.com\/moir.com.co\/web\/wp-content\/uploads\/2017\/11\/aureliosuarezlanacionneiva.jpg?fit=677%2C600&ssl=1&resize=350%2C200","width":350,"height":200,"srcset":"https:\/\/i0.wp.com\/moir.com.co\/web\/wp-content\/uploads\/2017\/11\/aureliosuarezlanacionneiva.jpg?fit=677%2C600&ssl=1&resize=350%2C200 1x, https:\/\/i0.wp.com\/moir.com.co\/web\/wp-content\/uploads\/2017\/11\/aureliosuarezlanacionneiva.jpg?fit=677%2C600&ssl=1&resize=525%2C300 1.5x"},"classes":[]},{"id":9917,"url":"https:\/\/moir.com.co\/web\/indigna-tanta-desigualdad\/","url_meta":{"origin":14285,"position":3},"title":"Indigna tanta desigualdad","author":"admin","date":"febrero 1, 2016","format":false,"excerpt":"Los contradictores del modelo neoliberal han afirmado que \u00e9ste termina por concentrar las riquezas en pocas manos, puesto que su objetivo es la recomposici\u00f3n de la Tasa Interna de Retorno con lo que garantizan la m\u00e1s alta rentabilidad a sus inversiones. Es la respuesta que el capitalismo encontr\u00f3 a la\u2026","rel":"","context":"En \u00abTemas\u00bb","block_context":{"text":"Temas","link":"https:\/\/moir.com.co\/web\/category\/temas\/"},"img":{"alt_text":"","src":"","width":0,"height":0},"classes":[]},{"id":10233,"url":"https:\/\/moir.com.co\/web\/monologo-economico-mundial-en-medellin\/","url_meta":{"origin":14285,"position":4},"title":"Mon\u00f3logo econ\u00f3mico mundial en Medell\u00edn","author":"admin","date":"junio 23, 2016","format":false,"excerpt":"El FEM es un veh\u00edculo para socializar y 'vender' la agenda de la globalizaci\u00f3n moderna neoliberal, el Consenso de Washington. Pero con esta agenda no se desarrollaron las potencias de hoy. El Foro Econ\u00f3mico Mundial (FEM), cap\u00edtulo Latinoam\u00e9rica, realizado la semana pasada en Medell\u00edn -la ciudad m\u00e1s desigual en distribuci\u00f3n\u2026","rel":"","context":"En \u00abRevista de Prensa\u00bb","block_context":{"text":"Revista de Prensa","link":"https:\/\/moir.com.co\/web\/category\/prensa\/revista-de-prensa\/"},"img":{"alt_text":"","src":"","width":0,"height":0},"classes":[]},{"id":10279,"url":"https:\/\/moir.com.co\/web\/de-los-salarios-la-desigualdad-y-otros-demonios\/","url_meta":{"origin":14285,"position":5},"title":"De los salarios, la desigualdad y otros demonios","author":"admin","date":"julio 26, 2016","format":false,"excerpt":"Seg\u00fan un estudio reciente de la OCDE, Colombia es el segundo pa\u00eds donde su gente trabaja m\u00e1s, con 2.496 horas al a\u00f1o. Muy lejos de pa\u00edses como Espa\u00f1a, Reino Unido o Chile, que registran 1.691, 1.674, y 1988 horas anuales respectivamente, y precisa que entre m\u00e1s desarrollado el pa\u00eds, menos\u2026","rel":"","context":"En \u00abTemas\u00bb","block_context":{"text":"Temas","link":"https:\/\/moir.com.co\/web\/category\/temas\/"},"img":{"alt_text":"","src":"","width":0,"height":0},"classes":[]}],"jetpack_sharing_enabled":true,"_links":{"self":[{"href":"https:\/\/moir.com.co\/web\/wp-json\/wp\/v2\/posts\/14285","targetHints":{"allow":["GET"]}}],"collection":[{"href":"https:\/\/moir.com.co\/web\/wp-json\/wp\/v2\/posts"}],"about":[{"href":"https:\/\/moir.com.co\/web\/wp-json\/wp\/v2\/types\/post"}],"author":[{"embeddable":true,"href":"https:\/\/moir.com.co\/web\/wp-json\/wp\/v2\/users\/1"}],"replies":[{"embeddable":true,"href":"https:\/\/moir.com.co\/web\/wp-json\/wp\/v2\/comments?post=14285"}],"version-history":[{"count":1,"href":"https:\/\/moir.com.co\/web\/wp-json\/wp\/v2\/posts\/14285\/revisions"}],"predecessor-version":[{"id":14287,"href":"https:\/\/moir.com.co\/web\/wp-json\/wp\/v2\/posts\/14285\/revisions\/14287"}],"wp:featuredmedia":[{"embeddable":true,"href":"https:\/\/moir.com.co\/web\/wp-json\/wp\/v2\/media\/14286"}],"wp:attachment":[{"href":"https:\/\/moir.com.co\/web\/wp-json\/wp\/v2\/media?parent=14285"}],"wp:term":[{"taxonomy":"category","embeddable":true,"href":"https:\/\/moir.com.co\/web\/wp-json\/wp\/v2\/categories?post=14285"},{"taxonomy":"post_tag","embeddable":true,"href":"https:\/\/moir.com.co\/web\/wp-json\/wp\/v2\/tags?post=14285"}],"curies":[{"name":"wp","href":"https:\/\/api.w.org\/{rel}","templated":true}]}}