{"id":14275,"date":"2018-01-19T16:40:20","date_gmt":"2018-01-19T16:40:20","guid":{"rendered":"https:\/\/moir.org.co\/web\/?p=14275"},"modified":"2018-01-19T16:40:20","modified_gmt":"2018-01-19T16:40:20","slug":"en-su-manizales-del-alma-robledo-continuo-gira-nacional-con-la-coalicion-colombia","status":"publish","type":"post","link":"https:\/\/moir.com.co\/web\/en-su-manizales-del-alma-robledo-continuo-gira-nacional-con-la-coalicion-colombia\/","title":{"rendered":"En su Manizales del alma Robledo continu\u00f3 gira nacional con la Coalici\u00f3n Colombia"},"content":{"rendered":"<p><strong>Oficina de prensa del senador Jorge Enrique Robledo, Bogot\u00e1, enero 18 de 2018<\/strong><\/p>\n<p>En compa\u00f1\u00eda de Claudia L\u00f3pez y los candidatos de la Coalici\u00f3n Colombia a la C\u00e1mara de Representantes por Caldas, el senador y cabeza de lista del Polo Jorge Enrique Robledo visit\u00f3 Manizales, la ciudad donde trabaj\u00f3 como profesor universitario por 26 a\u00f1os en la Universidad Nacional de Colombia.<\/p>\n<p>Durante la visita a la capital caldense, Robledo, Claudia y los candidatos de la Coalici\u00f3n dialogaron con los medios de comunicaci\u00f3n de la regi\u00f3n y visitaron el diario La Patria, peri\u00f3dico para el cual Robledo ha escrito cerca de 1.300 columnas durante su carrera. En horas de la tarde el equipo de la #Coalici\u00f3nColombiaEnCaldas junto a Claudia y Robledo caminaron por las calles de Manizales conversando con los ciudadanos y presentando las propuestas de cambio y esperanza de la Coalici\u00f3n.<\/p>\n<blockquote class=\"twitter-tweet twitter-tweet-error\" data-twitter-extracted-i1516369835162431017=\"true\">\n<p dir=\"ltr\" lang=\"es\">En mi Manizales del alma hasta los d\u00edas fr\u00edos son bellos. Me resulta muy grato estar con la\u00a0<a href=\"https:\/\/twitter.com\/hashtag\/Coalici%C3%B3nColombiaEnCaldas?src=hash&amp;ref_src=twsrc%5Etfw\">#Coalici\u00f3nColombiaEnCaldas<\/a>. Bienvenidos los colombianos que quieren sacar este pa\u00eds adelante derrotando a los mismos con las mismas.\u00a0<a href=\"https:\/\/twitter.com\/hashtag\/SePuede?src=hash&amp;ref_src=twsrc%5Etfw\">#SePuede<\/a>\u00a0<a href=\"https:\/\/twitter.com\/hashtag\/EstePaisSiTieneArreglo?src=hash&amp;ref_src=twsrc%5Etfw\">#EstePaisSiTieneArreglo<\/a>\u00a0<a href=\"https:\/\/twitter.com\/hashtag\/VotoRobledoPolo1?src=hash&amp;ref_src=twsrc%5Etfw\">#VotoRobledoPolo1<\/a>\u00a0<a href=\"https:\/\/t.co\/0ehGCk5DyF\">pic.twitter.com\/0ehGCk5DyF<\/a><\/p>\n<p>\u2014 Jorge Robledo (@JERobledo)\u00a0<a href=\"https:\/\/twitter.com\/JERobledo\/status\/954119374977282048?ref_src=twsrc%5Etfw\">January 18, 2018<\/a><\/p><\/blockquote>\n<p>El d\u00eda concluy\u00f3 con un exitoso evento en la Torre del Cable en el que se presentaron los candidatos de la C\u00e1mara de Representantes por Caldas. Robledo exalt\u00f3 las virtudes de las listas de la coalici\u00f3n y las del cabeza de lista, el joven Dar\u00edo Arenas (Polo #101), quien adem\u00e1s es la f\u00f3rmula de Robledo en el departamento.<\/p>\n<blockquote class=\"twitter-tweet twitter-tweet-error\" data-twitter-extracted-i1516369835162431017=\"true\">\n<p dir=\"ltr\" lang=\"es\">Exitosa rueda de prensa de presentaci\u00f3n de las listas a C\u00e1mara pro Caldas con los senadores Jorge Robledo y Claudia L\u00f3pez.<\/p>\n<p>\u00a1Vamos a derrotar la desesperanza!<a href=\"https:\/\/twitter.com\/hashtag\/VotoDar%C3%ADoPolo101?src=hash&amp;ref_src=twsrc%5Etfw\">#VotoDar\u00edoPolo101<\/a>\u00a0<a href=\"https:\/\/twitter.com\/hashtag\/VotoRobledoPolo1?src=hash&amp;ref_src=twsrc%5Etfw\">#VotoRobledoPolo1<\/a>\u00a0<a href=\"https:\/\/twitter.com\/hashtag\/EsAhora?src=hash&amp;ref_src=twsrc%5Etfw\">#EsAhora<\/a>\u00a0<a href=\"https:\/\/twitter.com\/hashtag\/EstePa%C3%ADsS%C3%ADTieneArreglo?src=hash&amp;ref_src=twsrc%5Etfw\">#EstePa\u00edsS\u00edTieneArreglo<\/a>\u00a0<a href=\"https:\/\/twitter.com\/hashtag\/SePuede?src=hash&amp;ref_src=twsrc%5Etfw\">#SePuede<\/a>\u00a0<a href=\"https:\/\/t.co\/POE14wOCR2\">pic.twitter.com\/POE14wOCR2<\/a><\/p>\n<p>\u2014 Dar\u00edo Arenas (@darioarenasv)\u00a0<a href=\"https:\/\/twitter.com\/darioarenasv\/status\/954041271324168192?ref_src=twsrc%5Etfw\">January 18, 2018<\/a><\/p><\/blockquote>\n<p>En su discurso Robledo afirm\u00f3 que los corruptos nos est\u00e1n robando 50 billones de pesos al a\u00f1o, lo que equivale a 1 mill\u00f3n de pesos por cada colombiano situaci\u00f3n que calific\u00f3 de inamisible. As\u00ed mismo, Robledo invit\u00f3 a los caldenses a sumarse como volutnarios de la #Coalici\u00f3nColombia para derrotar a los mismos con las mismas en las pr\u00f3ximas elecciones.<\/p>\n<p>\u201cVamos a sacar un excelente resultado el pr\u00f3ximo 11 de marzo en las elecciones al Congreso para as\u00ed pavimentar el contundente triunfo de Sergio Fajardo en la primera vuelta presidencial del 27 de mayo y demostrar que Caldas y este pa\u00eds, s\u00ed tienen arreglo\u201d sentenci\u00f3 Robledo.<\/p>\n","protected":false},"excerpt":{"rendered":"<p>Oficina de prensa del senador Jorge Enrique Robledo, Bogot\u00e1, enero 18 de 2018 En compa\u00f1\u00eda de Claudia L\u00f3pez y los candidatos de la Coalici\u00f3n Colombia a la C\u00e1mara de Representantes por Caldas, el senador y cabeza de lista del Polo Jorge Enrique Robledo visit\u00f3 Manizales, la ciudad donde trabaj\u00f3 como profesor universitario por 26 a\u00f1os [&hellip;]<\/p>\n","protected":false},"author":1,"featured_media":14276,"comment_status":"open","ping_status":"open","sticky":false,"template":"","format":"standard","meta":{"advanced_seo_description":"","jetpack_seo_html_title":"","jetpack_seo_noindex":false,"_jetpack_memberships_contains_paid_content":false,"footnotes":""},"categories":[102,97,4,98],"tags":[],"class_list":["post-14275","post","type-post","status-publish","format-standard","has-post-thumbnail","hentry","category-economia","category-imperialismo-y-neoliberalismo","category-jorge-enrique-robledo","category-politica"],"jetpack_featured_media_url":"https:\/\/i0.wp.com\/moir.com.co\/web\/wp-content\/uploads\/2018\/01\/coalicioncolombiamanizales2018.jpeg?fit=768%2C512&ssl=1","jetpack-related-posts":[{"id":15156,"url":"https:\/\/moir.com.co\/web\/en-segunda-vuelta-le-ganamos-a-cualquiera-jorge-enrique-robledo-castillo\/","url_meta":{"origin":14275,"position":0},"title":"&#8220;En segunda vuelta le ganamos a cualquiera&#8221;: Jorge Enrique Robledo Castillo","author":"admin","date":"mayo 24, 2018","format":false,"excerpt":"La Patria, Manizales, mayo 24 de 2018 Jorge Enrique Robledo\u00a0Castillo, senador del Polo Democr\u00e1tico Alternativo, sostiene que un candidato sin sentido del humor no puede ganar la Presidencia. Jorge Enrique Robledo\u00a0Castillo, senador del Polo Democr\u00e1tico Alternativo, sostiene que un candidato sin sentido del humor no puede ganar la Presidencia. Lo\u2026","rel":"","context":"En \u00abJorge Enrique Robledo\u00bb","block_context":{"text":"Jorge Enrique Robledo","link":"https:\/\/moir.com.co\/web\/category\/jorge-enrique-robledo\/"},"img":{"alt_text":"","src":"https:\/\/i0.wp.com\/moir.com.co\/web\/wp-content\/uploads\/2018\/05\/robledomanillasfajardo.jpg?fit=620%2C592&ssl=1&resize=350%2C200","width":350,"height":200,"srcset":"https:\/\/i0.wp.com\/moir.com.co\/web\/wp-content\/uploads\/2018\/05\/robledomanillasfajardo.jpg?fit=620%2C592&ssl=1&resize=350%2C200 1x, https:\/\/i0.wp.com\/moir.com.co\/web\/wp-content\/uploads\/2018\/05\/robledomanillasfajardo.jpg?fit=620%2C592&ssl=1&resize=525%2C300 1.5x"},"classes":[]},{"id":13954,"url":"https:\/\/moir.com.co\/web\/si-es-posible-coalicion-colombia-obtiene-su-primer-triunfo-electoral-y-gana-la-alcaldia-de-yopal\/","url_meta":{"origin":14275,"position":1},"title":"\u00a1S\u00ed es posible! Coalici\u00f3n Colombia obtiene su primer triunfo electoral y gana la alcald\u00eda de Yopal","author":"admin","date":"noviembre 27, 2017","format":false,"excerpt":"Oficina de prensa del senador y candidato presidencial del Polo Jorge Enrique Robledo, Bogot\u00e1, noviembre 27 de 2017 Con el respaldo de Jorge Robledo, Sergio Fajardo y Claudia L\u00f3pez de la Coalici\u00f3n Colombia este domingo con 16.522 votos Leonardo Puentes fue elegido como nuevo alcalde de Yopal en las elecciones\u2026","rel":"","context":"En \u00abJorge Enrique Robledo\u00bb","block_context":{"text":"Jorge Enrique Robledo","link":"https:\/\/moir.com.co\/web\/category\/jorge-enrique-robledo\/"},"img":{"alt_text":"","src":"https:\/\/i0.wp.com\/moir.com.co\/web\/wp-content\/uploads\/2017\/11\/casanarecoalicionyopal.png?fit=768%2C510&ssl=1&resize=350%2C200","width":350,"height":200,"srcset":"https:\/\/i0.wp.com\/moir.com.co\/web\/wp-content\/uploads\/2017\/11\/casanarecoalicionyopal.png?fit=768%2C510&ssl=1&resize=350%2C200 1x, https:\/\/i0.wp.com\/moir.com.co\/web\/wp-content\/uploads\/2017\/11\/casanarecoalicionyopal.png?fit=768%2C510&ssl=1&resize=525%2C300 1.5x, https:\/\/i0.wp.com\/moir.com.co\/web\/wp-content\/uploads\/2017\/11\/casanarecoalicionyopal.png?fit=768%2C510&ssl=1&resize=700%2C400 2x"},"classes":[]},{"id":13328,"url":"https:\/\/moir.com.co\/web\/palabras-del-candidato-presidencial-jorge-robledo-en-el-primer-paso-de-la-gran-coalicion-ciudadana-por-colombia\/","url_meta":{"origin":14275,"position":2},"title":"Audio: Palabras del candidato presidencial Jorge Robledo en el primer paso de la Gran Coalici\u00f3n Ciudadana por Colombia","author":"admin","date":"septiembre 19, 2017","format":"audio","excerpt":"Palabras de Jorge Enrique Robledo, candidato presidencial del Polo Democr\u00e1tico en el llamado primero paso de la Gran Coalici\u00f3n Ciudadana por Colombia en compa\u00f1\u00eda de la candidata Claudia L\u00f3pez del Partido Verde y el candidato Sergio Fajardo de Compromiso Ciudadano quienes expresaron su voluntad de consolidar una coalici\u00f3n que decida\u2026","rel":"","context":"En \u00abEconom\u00eda\u00bb","block_context":{"text":"Econom\u00eda","link":"https:\/\/moir.com.co\/web\/category\/temas\/economia\/"},"img":{"alt_text":"","src":"https:\/\/i0.wp.com\/moir.com.co\/web\/wp-content\/uploads\/2017\/09\/coalicionlanzamiento.jpg?fit=1200%2C600&ssl=1&resize=350%2C200","width":350,"height":200,"srcset":"https:\/\/i0.wp.com\/moir.com.co\/web\/wp-content\/uploads\/2017\/09\/coalicionlanzamiento.jpg?fit=1200%2C600&ssl=1&resize=350%2C200 1x, https:\/\/i0.wp.com\/moir.com.co\/web\/wp-content\/uploads\/2017\/09\/coalicionlanzamiento.jpg?fit=1200%2C600&ssl=1&resize=525%2C300 1.5x, https:\/\/i0.wp.com\/moir.com.co\/web\/wp-content\/uploads\/2017\/09\/coalicionlanzamiento.jpg?fit=1200%2C600&ssl=1&resize=700%2C400 2x, https:\/\/i0.wp.com\/moir.com.co\/web\/wp-content\/uploads\/2017\/09\/coalicionlanzamiento.jpg?fit=1200%2C600&ssl=1&resize=1050%2C600 3x"},"classes":[]},{"id":13333,"url":"https:\/\/moir.com.co\/web\/video-intervencion-de-jorge-robledo-en-el-primer-paso-de-la-coalicion-colombia\/","url_meta":{"origin":14275,"position":3},"title":"Video: Intervenci\u00f3n de Jorge Robledo en el primer paso de la Coalici\u00f3n Colombia","author":"admin","date":"septiembre 19, 2017","format":"video","excerpt":"Rueda de prensa con los candidatos presidenciales de la Coalici\u00f3n Colombia, Jorge Enrique Robledo, Claudia L\u00f3pez y Sergio Fajardo dando el primer paso para derrotar a los mismos con las mismas en el 2018 e iniciar la transformaci\u00f3n que necesita Colombia. Bogot\u00e1, septiembre 18 de 2017","rel":"","context":"En \u00abJorge Enrique Robledo\u00bb","block_context":{"text":"Jorge Enrique Robledo","link":"https:\/\/moir.com.co\/web\/category\/jorge-enrique-robledo\/"},"img":{"alt_text":"","src":"","width":0,"height":0},"classes":[]},{"id":13715,"url":"https:\/\/moir.com.co\/web\/jorge-robledo-candidato-presidencial-del-polo-elegido-por-sexta-vez-mejor-senador-del-pais\/","url_meta":{"origin":14275,"position":4},"title":"Jorge Robledo candidato presidencial del Polo elegido por sexta vez mejor senador del Pa\u00eds","author":"admin","date":"noviembre 3, 2017","format":false,"excerpt":"Bogot\u00e1, noviembre 2 de 2017 6 congresistas del Polo Democr\u00e1tico Alternativo y Alianza Verde entre los 10 mejores, avanza la Coalici\u00f3n por Colombia. La consultora Cifras & Conceptos que preside el ex director del DANE C\u00e9sar Caballero, realiza anualmente este estudio con el concurso de 2.500 l\u00edderes de opini\u00f3n del\u2026","rel":"","context":"En \u00abJorge Enrique Robledo\u00bb","block_context":{"text":"Jorge Enrique Robledo","link":"https:\/\/moir.com.co\/web\/category\/jorge-enrique-robledo\/"},"img":{"alt_text":"","src":"https:\/\/i0.wp.com\/moir.com.co\/web\/wp-content\/uploads\/2017\/10\/robledocolprensa2017.jpeg?fit=565%2C405&ssl=1&resize=350%2C200","width":350,"height":200,"srcset":"https:\/\/i0.wp.com\/moir.com.co\/web\/wp-content\/uploads\/2017\/10\/robledocolprensa2017.jpeg?fit=565%2C405&ssl=1&resize=350%2C200 1x, https:\/\/i0.wp.com\/moir.com.co\/web\/wp-content\/uploads\/2017\/10\/robledocolprensa2017.jpeg?fit=565%2C405&ssl=1&resize=525%2C300 1.5x"},"classes":[]},{"id":14903,"url":"https:\/\/moir.com.co\/web\/la-palabra-del-polo-esta-empenada-con-fajardo-jorge-enrique-robledo\/","url_meta":{"origin":14275,"position":5},"title":"\u2018La palabra del Polo est\u00e1 empe\u00f1ada con Fajardo\u2019: Jorge Enrique Robledo","author":"admin","date":"abril 14, 2018","format":false,"excerpt":"Entrevista de\u00a0la Redacci\u00f3n Pol\u00edtica a Jorge Enrique Robledo, El Tiempo, Bogot\u00e1, abril 14 de 2018 El senador\u00a0Jorge Enrique Robledo\u00a0(Polo), quien con el respaldo de su partido ayud\u00f3 a construir la Coalici\u00f3n Colombia para apoyar la candidatura presidencial de\u00a0Sergio Fajardo, en di\u00e1logo con EL TIEMPO, asegur\u00f3 que esa alianza ser\u00e1 ratificada\u2026","rel":"","context":"En \u00abJorge Enrique Robledo\u00bb","block_context":{"text":"Jorge Enrique Robledo","link":"https:\/\/moir.com.co\/web\/category\/jorge-enrique-robledo\/"},"img":{"alt_text":"","src":"https:\/\/i0.wp.com\/moir.com.co\/web\/wp-content\/uploads\/2018\/04\/robledoet140418.jpeg?fit=640%2C428&ssl=1&resize=350%2C200","width":350,"height":200,"srcset":"https:\/\/i0.wp.com\/moir.com.co\/web\/wp-content\/uploads\/2018\/04\/robledoet140418.jpeg?fit=640%2C428&ssl=1&resize=350%2C200 1x, https:\/\/i0.wp.com\/moir.com.co\/web\/wp-content\/uploads\/2018\/04\/robledoet140418.jpeg?fit=640%2C428&ssl=1&resize=525%2C300 1.5x"},"classes":[]}],"jetpack_sharing_enabled":true,"_links":{"self":[{"href":"https:\/\/moir.com.co\/web\/wp-json\/wp\/v2\/posts\/14275","targetHints":{"allow":["GET"]}}],"collection":[{"href":"https:\/\/moir.com.co\/web\/wp-json\/wp\/v2\/posts"}],"about":[{"href":"https:\/\/moir.com.co\/web\/wp-json\/wp\/v2\/types\/post"}],"author":[{"embeddable":true,"href":"https:\/\/moir.com.co\/web\/wp-json\/wp\/v2\/users\/1"}],"replies":[{"embeddable":true,"href":"https:\/\/moir.com.co\/web\/wp-json\/wp\/v2\/comments?post=14275"}],"version-history":[{"count":1,"href":"https:\/\/moir.com.co\/web\/wp-json\/wp\/v2\/posts\/14275\/revisions"}],"predecessor-version":[{"id":14277,"href":"https:\/\/moir.com.co\/web\/wp-json\/wp\/v2\/posts\/14275\/revisions\/14277"}],"wp:featuredmedia":[{"embeddable":true,"href":"https:\/\/moir.com.co\/web\/wp-json\/wp\/v2\/media\/14276"}],"wp:attachment":[{"href":"https:\/\/moir.com.co\/web\/wp-json\/wp\/v2\/media?parent=14275"}],"wp:term":[{"taxonomy":"category","embeddable":true,"href":"https:\/\/moir.com.co\/web\/wp-json\/wp\/v2\/categories?post=14275"},{"taxonomy":"post_tag","embeddable":true,"href":"https:\/\/moir.com.co\/web\/wp-json\/wp\/v2\/tags?post=14275"}],"curies":[{"name":"wp","href":"https:\/\/api.w.org\/{rel}","templated":true}]}}