{"id":14261,"date":"2018-01-18T16:24:40","date_gmt":"2018-01-18T16:24:40","guid":{"rendered":"https:\/\/moir.org.co\/web\/?p=14261"},"modified":"2018-01-18T16:24:40","modified_gmt":"2018-01-18T16:24:40","slug":"la-enyucada","status":"publish","type":"post","link":"https:\/\/moir.com.co\/web\/la-enyucada\/","title":{"rendered":"La enyucada"},"content":{"rendered":"<p><strong>Eudoro Alvarez Cohecha, Villavicencio, enero 17 de 2018<\/strong><\/p>\n<p>Miles de agricultores de yuca fueron convocados el pasado 15 de agosto por el ministro de agricultura, Juan Guillermo Zuluaga, seg\u00fan lo afirm\u00f3 \u00e9l mismo, para resolver la grave crisis por la que atraviesan los productores de la Euphorbiacea, al punto que algunos han optado por pasar el rastra e incorporar la totalidad del cultivo, ante los ruinosos precios que ofrecen en el mercado una bien montada cadena de intermediarios que se quedan con la mayor parte del valor que los consumidores pagan por este producto de consumo popular.<\/p>\n<p>Las cifras presentadas por los voceros agropecuarios en tal reuni\u00f3n, se\u00f1alaban que 4000 hect\u00e1reas esperaban una soluci\u00f3n ante la grav\u00edsima emergencia; muy altisonante en un discurso recibido con enorme expectativa por los campesinos, el ministro anunci\u00f3 que se iniciaba Colombia compra, para complementar el fallido Colombia siembra de su antecesor y para ello determin\u00f3 que se destinar\u00edan 1.100 millones de pesos, que ser\u00edan otorgados a raz\u00f3n de 250 pesos por kilo de yuca comercializado, lo cual sumado a los precios pagados en el mercado, significaban un alivio para los sufridos productores. La esperanza de una soluci\u00f3n se vio reflejada en las enormes colas de los campesinos inscribi\u00e9ndose para acceder al beneficio ofrecido.<\/p>\n<p>Consultados algunos agricultores de yuca presentes en la mencionada reuni\u00f3n, hechos los c\u00e1lculos de productividad por hect\u00e1rea, se concluy\u00f3 que el precio as\u00ed constituido, aliviar\u00eda la situaci\u00f3n de los expectantes productores al filo de la ruina. El aterrizaje forzoso se dio cuando procedimos a calcular el \u00e1rea que cubrir\u00eda el subsidio anunciado: escas\u00edsimas 204 hect\u00e1reas, lo cual solo cubrir\u00eda el 5% del \u00e1rea en peligro.<\/p>\n<p>Los padecimientos no culminaron all\u00ed; seguidamente, con alg\u00fan retraso, justificado por los funcionarios del ministerio de agricultura en las aclaraciones jur\u00eddicas dentro de la entidad, sali\u00f3 la resoluci\u00f3n respetiva reglamentando el otorgamiento del subsidio, la cual conten\u00eda m\u00e1s \u201ccondiciones que un tute\u201d y con plazos tan apretados que solo unos poqu\u00edsimos d\u00edas ten\u00edan los aspirantes al subsidio para cumplir con los perentorios plazos impuestos, pues, \u201clos pagos se har\u00edan antes del 29 de diciembre\u201d, d\u00eda del cierre fiscal del gobierno. Fue tal el corre-corre impuesto que muchos agricultores se vieron conminados a dedicar eternas horas al lleno de los requisitos exigidos, superando en las inscripciones ampliamente el \u00e1rea calculada, seg\u00fan el monto anunciado y establecido en la resoluci\u00f3n respectiva. De la precariedad del monto del subsidio estaban advertidos los bur\u00f3cratas del ministerio, sin embargo se hicieron nuevas reuniones para motivar la inscripci\u00f3n de campesinos a quienes ilusionaron con las promesas del min agricultura en persona.<\/p>\n<p>El resultado de esta \u201coperaci\u00f3n\u201d no ha podido ser m\u00e1s decepcionante: ni un solo subsidio pagado a la fecha; miles de agricultores frustrados por la expectativa generada a prop\u00f3sito y una p\u00e9rdida de credibilidad en una instituci\u00f3n como el ministerio de agricultura , supuestamente especializada en resolver este tipo de entuertos.<\/p>\n<p>Mucho me temo que a los yuqueros les puede ocurrir id\u00e9ntico a lo sucedido con las deudas del arroz, con los reclamos sobre la calificaci\u00f3n fraudulenta de sus productos, con los precios ruinosos que se les pag\u00f3 en la cosecha que culmin\u00f3, con los altos costos de producci\u00f3n que tienen que soportar, con el \u201ccosto pa\u00eds\u201d por el cual debiera responder y no lo hace el gobierno; con los fallidos laboratorios de referencia para evitar el saqueo que hace la moliner\u00eda del ingreso de los arroceros; con los anuncios altisonantes de intervenir el precio del arroz que se qued\u00f3 en eso\u2026 en anuncios. Mal lo est\u00e1 haciendo el ministro paisano; tan solo nos queda recordar que se cumple aquello de que \u201cun ministro es alguien a quien le dan un instrumento para que toque en una orquesta, le asignan una partitura predeterminada, con un director de orquesta que no tiene la intenci\u00f3n de cambiarla y que si se sale de la canci\u00f3n escogida, lo echan de la orquesta\u201d. Muy temprano est\u00e1 agotando la capacidad de enga\u00f1o con que arrancan los ministros en su estreno.<\/p>\n","protected":false},"excerpt":{"rendered":"<p>Eudoro Alvarez Cohecha, Villavicencio, enero 17 de 2018 Miles de agricultores de yuca fueron convocados el pasado 15 de agosto por el ministro de agricultura, Juan Guillermo Zuluaga, seg\u00fan lo afirm\u00f3 \u00e9l mismo, para resolver la grave crisis por la que atraviesan los productores de la Euphorbiacea, al punto que algunos han optado por pasar [&hellip;]<\/p>\n","protected":false},"author":1,"featured_media":14262,"comment_status":"open","ping_status":"open","sticky":false,"template":"","format":"standard","meta":{"advanced_seo_description":"","jetpack_seo_html_title":"","jetpack_seo_noindex":false,"_jetpack_memberships_contains_paid_content":false,"footnotes":""},"categories":[114,102,97,98],"tags":[],"class_list":["post-14261","post","type-post","status-publish","format-standard","has-post-thumbnail","hentry","category-agro","category-economia","category-imperialismo-y-neoliberalismo","category-politica"],"jetpack_featured_media_url":"https:\/\/i0.wp.com\/moir.com.co\/web\/wp-content\/uploads\/2018\/01\/yuca.jpeg?fit=276%2C183&ssl=1","jetpack-related-posts":[{"id":7960,"url":"https:\/\/moir.com.co\/web\/el-ministro-lizarralde-no-puede-negarse-a-explicar-sus-actos-del-pasado-senador-robledo\/","url_meta":{"origin":14261,"position":0},"title":"El ministro Lizarralde no puede negarse a explicar sus actos del pasado: senador Robledo","author":"admin","date":"octubre 2, 2013","format":false,"excerpt":"El pr\u00f3ximo martes 8 de octubre se realizar\u00e1 el debate de control pol\u00edtico en la Comisi\u00f3n Quinta, y el Ministro se niega a suministrar la informaci\u00f3n. El ministro Rub\u00e9n Dar\u00edo Lizarralde le neg\u00f3 al senador Robledo la informaci\u00f3n solicitada sobre los negocios de Indupalma que \u00e9l promovi\u00f3 como gerente de\u2026","rel":"","context":"En \u00abJorge Enrique Robledo\u00bb","block_context":{"text":"Jorge Enrique Robledo","link":"https:\/\/moir.com.co\/web\/category\/jorge-enrique-robledo\/"},"img":{"alt_text":"","src":"","width":0,"height":0},"classes":[]},{"id":2095,"url":"https:\/\/moir.com.co\/web\/a-este-paso-el-ministro-de-la-defensa-va-a-terminar-siendo-apodado-falso-positivo-santos-dice-robledo\/","url_meta":{"origin":14261,"position":1},"title":"A ESTE PASO, EL MINISTRO DE LA DEFENSA VA A TERMINAR SIENDO APODADO \u201cFALSO POSITIVO SANTOS\u201d, DICE ROBLEDO","author":"admin","date":"octubre 30, 2007","format":false,"excerpt":"Oficina de Prensa Senador Jorge Enrique Robledo, Bogot\u00e1, octubre 30 de 2007 Para tapar la derrota sufrida en Bogot\u00e1 por el presidente Uribe V\u00e9lez, el ministro de la Defensa y el Alto Comisionado de Paz salieron a lanzar otro falso positivo contra el doctor Carlos Gaviria, denunci\u00f3 el senador Jorge\u2026","rel":"","context":"En \u00abJorge Enrique Robledo\u00bb","block_context":{"text":"Jorge Enrique Robledo","link":"https:\/\/moir.com.co\/web\/category\/jorge-enrique-robledo\/"},"img":{"alt_text":"","src":"","width":0,"height":0},"classes":[]},{"id":7476,"url":"https:\/\/moir.com.co\/web\/dos-cartas-sobre-el-impedimento-del-ministro-de-salud\/","url_meta":{"origin":14261,"position":2},"title":"Dos cartas sobre el impedimento del Ministro de Salud","author":"admin","date":"abril 17, 2013","format":false,"excerpt":"Doctor ALEJANDRO GAVIRIA URIBE Ministro de Salud y de la Protecci\u00f3n Social Ciudad Ref.: \u00bfYa le present\u00f3 su impedimento al Consejo de Ministros? Cordial saludo, El pasado 3 de abril le solicit\u00e9 que tramitara ante el Consejo de Ministros su posible impedimento para actuar en los debates de la reforma\u2026","rel":"","context":"En \u00abJorge Enrique Robledo\u00bb","block_context":{"text":"Jorge Enrique Robledo","link":"https:\/\/moir.com.co\/web\/category\/jorge-enrique-robledo\/"},"img":{"alt_text":"","src":"","width":0,"height":0},"classes":[]},{"id":8136,"url":"https:\/\/moir.com.co\/web\/respuesta-a-declaraciones-del-ministro-mauricio-cardenas-2\/","url_meta":{"origin":14261,"position":3},"title":"Respuesta a declaraciones del Ministro Mauricio C\u00e1rdenas","author":"admin","date":"diciembre 17, 2013","format":false,"excerpt":"El s\u00e1bado 14 de diciembre el Ministro de Hacienda, Dr. Mauricio C\u00e1rdenas Santamar\u00eda, lanz\u00f3 un trino diciendo: \u201cJusticia Tributaria sigue enga\u00f1ando. Lamentable que algunos medios hagan eco y no verifiquen ni exijan cifras para sustentar puntos de vista\u201d. La Red por la Justicia Tributaria es una iniciativa de acad\u00e9micos, en\u2026","rel":"","context":"En \u00abPronunciamientos de Organizaciones Sociales\u00bb","block_context":{"text":"Pronunciamientos de Organizaciones Sociales","link":"https:\/\/moir.com.co\/web\/category\/pronunciamientos-de-organizaciones-sociales\/"},"img":{"alt_text":"","src":"","width":0,"height":0},"classes":[]},{"id":7855,"url":"https:\/\/moir.com.co\/web\/para-santos-aqui-no-pasa-nada\/","url_meta":{"origin":14261,"position":4},"title":"Para Santos, aqu\u00ed no pasa nada","author":"admin","date":"agosto 30, 2013","format":false,"excerpt":"Para el Presidente autista que tenemos, en Colombia nada pasa. Vivimos en un mundo feliz. Mire, viene Starbucks porque este el mejor de los pa\u00edses. Se atreve a decir que Colombia es un ejemplo de desarrollo, cuando las cifras y los paros muestran lo contrario. Es como dice el pueblo,\u2026","rel":"","context":"En \u00abPolo Democr\u00e1tico Alternativo\u00bb","block_context":{"text":"Polo Democr\u00e1tico Alternativo","link":"https:\/\/moir.com.co\/web\/category\/polo-democratico-alternativo\/"},"img":{"alt_text":"","src":"","width":0,"height":0},"classes":[]},{"id":5688,"url":"https:\/\/moir.com.co\/web\/robledo-pide-la-renuncia-del-ministro-de-comercio\/","url_meta":{"origin":14261,"position":5},"title":"Robledo pide la renuncia del ministro de Comercio","author":"admin","date":"junio 7, 2011","format":false,"excerpt":"El senador Jorge Enrique Robledo le pidi\u00f3 la renuncia al ministro de Comercio Sergio D\u00edaz-Granados, tras conocerse que su esposa, Paola Vergara, es asesora de Saludcoop. La exigencia la hizo el congresista del Polo Democr\u00e1tico durante el debate de control pol\u00edtico a los ministros de Minas y de Protecci\u00f3n Social\u2026","rel":"","context":"En \u00abJorge Enrique Robledo\u00bb","block_context":{"text":"Jorge Enrique Robledo","link":"https:\/\/moir.com.co\/web\/category\/jorge-enrique-robledo\/"},"img":{"alt_text":"","src":"","width":0,"height":0},"classes":[]}],"jetpack_sharing_enabled":true,"_links":{"self":[{"href":"https:\/\/moir.com.co\/web\/wp-json\/wp\/v2\/posts\/14261","targetHints":{"allow":["GET"]}}],"collection":[{"href":"https:\/\/moir.com.co\/web\/wp-json\/wp\/v2\/posts"}],"about":[{"href":"https:\/\/moir.com.co\/web\/wp-json\/wp\/v2\/types\/post"}],"author":[{"embeddable":true,"href":"https:\/\/moir.com.co\/web\/wp-json\/wp\/v2\/users\/1"}],"replies":[{"embeddable":true,"href":"https:\/\/moir.com.co\/web\/wp-json\/wp\/v2\/comments?post=14261"}],"version-history":[{"count":1,"href":"https:\/\/moir.com.co\/web\/wp-json\/wp\/v2\/posts\/14261\/revisions"}],"predecessor-version":[{"id":14263,"href":"https:\/\/moir.com.co\/web\/wp-json\/wp\/v2\/posts\/14261\/revisions\/14263"}],"wp:featuredmedia":[{"embeddable":true,"href":"https:\/\/moir.com.co\/web\/wp-json\/wp\/v2\/media\/14262"}],"wp:attachment":[{"href":"https:\/\/moir.com.co\/web\/wp-json\/wp\/v2\/media?parent=14261"}],"wp:term":[{"taxonomy":"category","embeddable":true,"href":"https:\/\/moir.com.co\/web\/wp-json\/wp\/v2\/categories?post=14261"},{"taxonomy":"post_tag","embeddable":true,"href":"https:\/\/moir.com.co\/web\/wp-json\/wp\/v2\/tags?post=14261"}],"curies":[{"name":"wp","href":"https:\/\/api.w.org\/{rel}","templated":true}]}}