{"id":14258,"date":"2018-01-18T16:15:48","date_gmt":"2018-01-18T16:15:48","guid":{"rendered":"https:\/\/moir.org.co\/web\/?p=14258"},"modified":"2018-01-18T16:15:48","modified_gmt":"2018-01-18T16:15:48","slug":"gobierno-de-santos-ordeno-acabar-los-subsidios-de-energia-y-gas","status":"publish","type":"post","link":"https:\/\/moir.com.co\/web\/gobierno-de-santos-ordeno-acabar-los-subsidios-de-energia-y-gas\/","title":{"rendered":"Gobierno de Santos orden\u00f3 acabar los subsidios de energ\u00eda y gas"},"content":{"rendered":"<p><strong>Norman Alarc\u00f3n Rodas, Barranquilla, enero 16 de 2018<\/strong><\/p>\n<p>El a\u00f1o 2018 empez\u00f3 bien complicado para los usuarios de los servicios p\u00fablicos de la Costa y de todo el pa\u00eds ya que Juan Manuel Santos se quiere despedir de los colombianos golpeando duramente a los sectores m\u00e1s d\u00e9biles de la poblaci\u00f3n. El Ministerio de Minas y Energ\u00eda dio a conocer un proyecto de decreto por medio del cual se les recorta los subsidios a los estratos uno y dos en los servicios de energ\u00eda y gas cuando excedan \u201cen un 50% el consumo b\u00e1sico o de subsistencia establecido por el gobierno nacional\u201d. Este consumo de subsistencia para el servicio de energ\u00eda el\u00e9ctrica es de 173 kilovatios hora mensual para los usuarios de los municipios que est\u00e9n situados por debajo de los mil metros sobre el nivel del mar, como es el caso de la Costa Atl\u00e1ntica y tiene un subsidio de hasta 60% para el estrato 1 y hasta 50% para el estrato 2. Por encima de este consumo, al respectivo usuario le corresponde pagar la tarifa plena m\u00e1s una prima de cartera (tarifa mayor que el estrato 4, 5 y 6). El consumo de subsistencia para municipios situados por encima de los mil metros sobre el nivel del mar es de 130 kilovatios hora. (Resoluci\u00f3n UPME 0355 de 2004).<\/p>\n<p>Seg\u00fan el proyecto de resoluci\u00f3n del Minminas, si un usuario de estrato 1 consume 260 kilovatios hora, como elev\u00f3 el consumo en m\u00e1s del 50% de 173 (consumo de subsistencia), entonces pierde la totalidad de subsidio y la tarifa se le eleva, por tanto, en un 60%, lo que har\u00eda impagable la nueva tarifa.<\/p>\n<p>Pero la mayor gravedad del asunto es que el presidente Santos hizo aprobar de las mayor\u00edas parlamentarias el Plan de Desarrollo 2014-2018 contenido en la ley 1753 de 2015, que en su art\u00edculo 17\u00b0 determina que los subsidios de energ\u00eda el\u00e9ctrica y gas solo tienen vigencia \u201ccomo m\u00e1ximo, hasta el 31 de diciembre de 2018\u201d, es decir, que hasta el final de este a\u00f1o llegan dichos subsidios. A continuaci\u00f3n se rese\u00f1a el art\u00edculo referido subrayado.<\/p>\n<p>&nbsp;<\/p>\n<p><u>\u201cArt\u00edculo 17\u00b0 de la ley 1753 de 2015. Subsidios de energ\u00eda el\u00e9ctrica y gas. Los subsidios establecidos en el art\u00edculo 3\u00b0 de la Ley 1117 de 2006, prorrogados a su vez por el art\u00edculo 1\u00b0 de la Ley 1428 de 2010 y por el art\u00edculo 76\u00b0 de la Ley 1739 de 2014, se prorrogan, como m\u00e1ximo, hasta el 31 de diciembre de 2018\u201d.<\/u><\/p>\n<p>Los congresistas del Polo Democr\u00e1tico Alternativo rechazaron este engendro neoliberal. Se debe tener en cuenta esta situaci\u00f3n en las elecciones parlamentarias del 11 de marzo pr\u00f3ximas y no respaldar a quienes se prestaron a apoyar una ley que golpea al ochenta por ciento de la poblaci\u00f3n que componen los estratos uno y dos. Adem\u00e1s, se debe exigir que se mantengan los subsidios, que el decreto propuesto por el Ministerio de Minas para recortar los subsidios sea desechado y que se implementen unos servicios p\u00fablicos de calidad a precios m\u00f3dicos.<\/p>\n<p>En 2018 continuismo o CAMBIO<\/p>\n","protected":false},"excerpt":{"rendered":"<p>Norman Alarc\u00f3n Rodas, Barranquilla, enero 16 de 2018 El a\u00f1o 2018 empez\u00f3 bien complicado para los usuarios de los servicios p\u00fablicos de la Costa y de todo el pa\u00eds ya que Juan Manuel Santos se quiere despedir de los colombianos golpeando duramente a los sectores m\u00e1s d\u00e9biles de la poblaci\u00f3n. El Ministerio de Minas y [&hellip;]<\/p>\n","protected":false},"author":1,"featured_media":0,"comment_status":"open","ping_status":"open","sticky":false,"template":"","format":"standard","meta":{"advanced_seo_description":"","jetpack_seo_html_title":"","jetpack_seo_noindex":false,"_jetpack_memberships_contains_paid_content":false,"footnotes":""},"categories":[102,97,98,108],"tags":[],"class_list":["post-14258","post","type-post","status-publish","format-standard","hentry","category-economia","category-imperialismo-y-neoliberalismo","category-politica","category-servicios-publicos-articulos-de-actualidad"],"jetpack_featured_media_url":"","jetpack-related-posts":[{"id":15792,"url":"https:\/\/moir.com.co\/web\/deficit-cronico-en-subsidios-para-servicios-publicos-una-irresponsabilidad-estatal\/","url_meta":{"origin":14258,"position":0},"title":"\u00a1D\u00e9ficit cr\u00f3nico en subsidios para servicios p\u00fablicos: una irresponsabilidad estatal!","author":"admin","date":"agosto 29, 2018","format":false,"excerpt":"Norman Alarc\u00f3n Rodas, Barranquilla, agosto 29 de 2018 La historia de los subsidios en los servicios p\u00fablicos domiciliarios para atender a millones de usuarios de sectores populares se ha convertido en una tragedia que se repite en forma de una espiral ascendente. La pel\u00edcula arranca con la aprobaci\u00f3n de la\u2026","rel":"","context":"En \u00abEconom\u00eda\u00bb","block_context":{"text":"Econom\u00eda","link":"https:\/\/moir.com.co\/web\/category\/temas\/economia\/"},"img":{"alt_text":"","src":"","width":0,"height":0},"classes":[]},{"id":1725,"url":"https:\/\/moir.com.co\/web\/reduccion-de-consumos-basicos-nuevas-alzas-en-las-tarifas\/","url_meta":{"origin":14258,"position":1},"title":"REDUCCI\u00d3N DE CONSUMOS B\u00c1SICOS, NUEVAS ALZAS EN LAS TARIFAS","author":"admin","date":"agosto 25, 2004","format":false,"excerpt":"La Ley 142 de 1994 defini\u00f3 que los estratos 1, 2 y 3 recibir\u00edan un subsidio hasta de 50%, 40% y 15% sobre los consumos de subsistencia; para el estrato 3, se condicion\u00f3 su entrega a que los fondos de solidaridad y redistribuci\u00f3n dispusieran de los recursos suficientes, y de\u2026","rel":"","context":"En \u00abEL USUARIO N\u00ba9 JULIO-AGOSTO 2004\u00bb","block_context":{"text":"EL USUARIO N\u00ba9 JULIO-AGOSTO 2004","link":"https:\/\/moir.com.co\/web\/category\/temas\/servicios-publicos-articulos-de-actualidad\/el-usuario\/el-usuario-no9-julio-agosto-2004\/"},"img":{"alt_text":"","src":"","width":0,"height":0},"classes":[]},{"id":7502,"url":"https:\/\/moir.com.co\/web\/nace-movimiento-por-la-dignidad-de-los-usuarios-de-energia-social-de-la-costa-atlantica\/","url_meta":{"origin":14258,"position":2},"title":"Nace Movimiento por la Dignidad de los Usuarios de Energ\u00eda Social de la Costa Atl\u00e1ntica","author":"admin","date":"abril 27, 2013","format":false,"excerpt":"PRINCIPALES DEMANDAS: CONDONACI\u00d3N DE DEUDAS Y CONSUMO M\u00cdNIMO VITAL GRATUITO DE ENERG\u00cdA El viernes 26 de abril se reuni\u00f3 un centenar de dirigentes de los usuarios de Electricaribe del servicio de Energ\u00eda Social de todos los departamentos de la Costa Atl\u00e1ntica que cubre los barrios subnormales, las zonas de dif\u00edcil\u2026","rel":"","context":"En \u00abPronunciamientos de Organizaciones Sociales\u00bb","block_context":{"text":"Pronunciamientos de Organizaciones Sociales","link":"https:\/\/moir.com.co\/web\/category\/pronunciamientos-de-organizaciones-sociales\/"},"img":{"alt_text":"","src":"","width":0,"height":0},"classes":[]},{"id":14220,"url":"https:\/\/moir.com.co\/web\/coalicion-colombia-rechaza-recorte-de-subsidios-y-regreso-de-gas-natural-fenosa-a-electricaribe\/","url_meta":{"origin":14258,"position":3},"title":"Coalici\u00f3n Colombia rechaza recorte de subsidios y regreso de Gas Natural Fenosa a Electricaribe","author":"admin","date":"enero 11, 2018","format":false,"excerpt":"Coalici\u00f3n Colombia del Atl\u00e1ntico, Barranquilla, enero 11 de 2018 En el inicio del a\u00f1o 2018 se ciernen nubarrones sobre el servicio el\u00e9ctrico de la Costa Atl\u00e1ntica, cuando lo que se requiere es encontrar soluciones favorables a los m\u00e1s de diez millones de habitantes de la regi\u00f3n y de su sector\u2026","rel":"","context":"En \u00abEconom\u00eda\u00bb","block_context":{"text":"Econom\u00eda","link":"https:\/\/moir.com.co\/web\/category\/temas\/economia\/"},"img":{"alt_text":"","src":"","width":0,"height":0},"classes":[]},{"id":18766,"url":"https:\/\/moir.com.co\/web\/cero-pesos-de-gobierno-nacional-para-usuarios-de-servicios-publicos-en-la-pandemia\/","url_meta":{"origin":14258,"position":4},"title":"Cero pesos de Gobierno Nacional para usuarios de servicios p\u00fablicos en la pandemia","author":"admin","date":"julio 29, 2020","format":false,"excerpt":"Norman Alarc\u00f3n Rodas, Barranquilla, julio 28 de 2020 La Corte Constitucional declar\u00f3 inexequible el Decreto Legislativo 580 de 15 de abril de 2020 por vicios de forma, ya que a dicha norma de Emergencia Econ\u00f3mica le faltaban las firmas de dos ministros. El Decreto 580 aumentaba los subsidios de agua,\u2026","rel":"","context":"En \u00abEconom\u00eda\u00bb","block_context":{"text":"Econom\u00eda","link":"https:\/\/moir.com.co\/web\/category\/temas\/economia\/"},"img":{"alt_text":"","src":"https:\/\/i0.wp.com\/moir.com.co\/web\/wp-content\/uploads\/2019\/04\/agua3.jpg?fit=358%2C262&ssl=1&resize=350%2C200","width":350,"height":200},"classes":[]},{"id":1011,"url":"https:\/\/moir.com.co\/web\/por-la-defensa-de-la-nacion-y-los-usuarios-vamos-al-paro-nacional\/","url_meta":{"origin":14258,"position":5},"title":"\u00a1POR LA DEFENSA DE LA NACION Y LOS USUARIOS VAMOS AL PARO NACIONAL!","author":"admin","date":"septiembre 18, 2004","format":false,"excerpt":"Millones de colombianos sufren, hoy m\u00e1s que nunca, la agresi\u00f3n de la pol\u00edtica neoliberal en la prestaci\u00f3n de los servicios p\u00fablicos domiciliarios. Esta pol\u00edtica, basada en las modificaciones constitucionales de 1991 y en las leyes 142 y 143 de 1994, promovi\u00f3 la privatizaci\u00f3n de las empresas de servicios p\u00fablicos, la\u2026","rel":"","context":"En \u00abPronunciamientos de Organizaciones Sociales\u00bb","block_context":{"text":"Pronunciamientos de Organizaciones Sociales","link":"https:\/\/moir.com.co\/web\/category\/pronunciamientos-de-organizaciones-sociales\/"},"img":{"alt_text":"","src":"","width":0,"height":0},"classes":[]}],"jetpack_sharing_enabled":true,"_links":{"self":[{"href":"https:\/\/moir.com.co\/web\/wp-json\/wp\/v2\/posts\/14258","targetHints":{"allow":["GET"]}}],"collection":[{"href":"https:\/\/moir.com.co\/web\/wp-json\/wp\/v2\/posts"}],"about":[{"href":"https:\/\/moir.com.co\/web\/wp-json\/wp\/v2\/types\/post"}],"author":[{"embeddable":true,"href":"https:\/\/moir.com.co\/web\/wp-json\/wp\/v2\/users\/1"}],"replies":[{"embeddable":true,"href":"https:\/\/moir.com.co\/web\/wp-json\/wp\/v2\/comments?post=14258"}],"version-history":[{"count":1,"href":"https:\/\/moir.com.co\/web\/wp-json\/wp\/v2\/posts\/14258\/revisions"}],"predecessor-version":[{"id":14259,"href":"https:\/\/moir.com.co\/web\/wp-json\/wp\/v2\/posts\/14258\/revisions\/14259"}],"wp:attachment":[{"href":"https:\/\/moir.com.co\/web\/wp-json\/wp\/v2\/media?parent=14258"}],"wp:term":[{"taxonomy":"category","embeddable":true,"href":"https:\/\/moir.com.co\/web\/wp-json\/wp\/v2\/categories?post=14258"},{"taxonomy":"post_tag","embeddable":true,"href":"https:\/\/moir.com.co\/web\/wp-json\/wp\/v2\/tags?post=14258"}],"curies":[{"name":"wp","href":"https:\/\/api.w.org\/{rel}","templated":true}]}}