{"id":14245,"date":"2018-01-16T04:25:55","date_gmt":"2018-01-16T04:25:55","guid":{"rendered":"https:\/\/moir.org.co\/web\/?p=14245"},"modified":"2018-01-16T04:25:55","modified_gmt":"2018-01-16T04:25:55","slug":"la-justicia-nos-da-la-razon-uber-es-ilegal-luchar-si-sirve-robledo","status":"publish","type":"post","link":"https:\/\/moir.com.co\/web\/la-justicia-nos-da-la-razon-uber-es-ilegal-luchar-si-sirve-robledo\/","title":{"rendered":"La justicia nos da la raz\u00f3n. Uber es ilegal. Luchar s\u00ed sirve: Robledo"},"content":{"rendered":"<p>El senador Jorge Enrique Robledo comenta las ultimas decisiones judiciales que les dan la raz\u00f3n a quienes han reclamado que Uber es un servicio ilegal y que deber\u00e1 constituirse como empresa de transporte si quiere operar legalmente en el pa\u00eds. Bogot\u00e1, enero 15 de 2018<\/p>\n","protected":false},"excerpt":{"rendered":"<p>El senador Jorge Enrique Robledo comenta las ultimas decisiones judiciales que les dan la raz\u00f3n a quienes han reclamado que Uber es un servicio ilegal y que deber\u00e1 constituirse como empresa de transporte si quiere operar legalmente en el pa\u00eds. Bogot\u00e1, enero 15 de 2018<\/p>\n","protected":false},"author":1,"featured_media":14246,"comment_status":"open","ping_status":"open","sticky":false,"template":"","format":"audio","meta":{"advanced_seo_description":"","jetpack_seo_html_title":"","jetpack_seo_noindex":false,"_jetpack_memberships_contains_paid_content":false,"footnotes":""},"categories":[102,97,98,108,110],"tags":[],"class_list":["post-14245","post","type-post","status-publish","format-audio","has-post-thumbnail","hentry","category-economia","category-imperialismo-y-neoliberalismo","category-politica","category-servicios-publicos-articulos-de-actualidad","category-vias-y-transporte","post_format-post-format-audio"],"jetpack_featured_media_url":"https:\/\/i0.wp.com\/moir.com.co\/web\/wp-content\/uploads\/2018\/01\/taxisvsuber.jpeg?fit=275%2C183&ssl=1","jetpack-related-posts":[{"id":17745,"url":"https:\/\/moir.com.co\/web\/los-taxistas-tienen-la-razon-en-su-protesta-en-contra-de-la-ilegalidad-senador-robledo-y-concejal-manuel-sarmiento\/","url_meta":{"origin":14245,"position":0},"title":"Los taxistas tienen la raz\u00f3n en su protesta en contra de la ilegalidad: Senador Robledo y concejal Manuel Sarmiento","author":"admin","date":"julio 10, 2019","format":false,"excerpt":"Oficina de prensa del senador Jorge Enrique Robledo y del concejal Manuel Sarmiento, Bogot\u00e1, julio 10 de 2019 El paro adelantado por los taxistas es en contra de la ilegalidad de Uber, Beat, Picap y Didi. Para el senador Jorge Enrique Robledo y el concejal de Bogot\u00e1 Manuel Sarmiento estas\u2026","rel":"","context":"En \u00abEconom\u00eda\u00bb","block_context":{"text":"Econom\u00eda","link":"https:\/\/moir.com.co\/web\/category\/temas\/economia\/"},"img":{"alt_text":"","src":"https:\/\/i0.wp.com\/moir.com.co\/web\/wp-content\/uploads\/2019\/07\/robledotaxisuber.png?fit=768%2C434&ssl=1&resize=350%2C200","width":350,"height":200,"srcset":"https:\/\/i0.wp.com\/moir.com.co\/web\/wp-content\/uploads\/2019\/07\/robledotaxisuber.png?fit=768%2C434&ssl=1&resize=350%2C200 1x, https:\/\/i0.wp.com\/moir.com.co\/web\/wp-content\/uploads\/2019\/07\/robledotaxisuber.png?fit=768%2C434&ssl=1&resize=525%2C300 1.5x, https:\/\/i0.wp.com\/moir.com.co\/web\/wp-content\/uploads\/2019\/07\/robledotaxisuber.png?fit=768%2C434&ssl=1&resize=700%2C400 2x"},"classes":[]},{"id":18355,"url":"https:\/\/moir.com.co\/web\/el-negocio-de-uber-es-la-ilegalidad-jorge-robledo\/","url_meta":{"origin":14245,"position":1},"title":"\u201cEl negocio de Uber es la ilegalidad\u201d: Jorge Robledo","author":"admin","date":"enero 14, 2020","format":false,"excerpt":"Entrevista de El Espectador a Jorge Enrique Robledo, Bogot\u00e1, enero 14 de 2020 El senador del Polo Democr\u00e1tico explica su postura frente a Uber. Se\u00f1ala que la empresa multinacional debe reconocer que es una empresa de servicio de transporte y acogerse a la normatividad que existe en el pa\u00eds. Asegura\u2026","rel":"","context":"En \u00abEconom\u00eda\u00bb","block_context":{"text":"Econom\u00eda","link":"https:\/\/moir.com.co\/web\/category\/temas\/economia\/"},"img":{"alt_text":"","src":"https:\/\/i0.wp.com\/moir.com.co\/web\/wp-content\/uploads\/2017\/02\/robledolanacion.jpg?fit=400%2C268&ssl=1&resize=350%2C200","width":350,"height":200},"classes":[]},{"id":9791,"url":"https:\/\/moir.com.co\/web\/los-trinos-de-robledo-sobre-uber-y-el-decreto-para-taxis-de-lujo\/","url_meta":{"origin":14245,"position":2},"title":"Los trinos de Robledo sobre Uber y el decreto para taxis de lujo","author":"admin","date":"noviembre 24, 2015","format":false,"excerpt":"Muy mal que Santos y Vargas Lleras respalden la ilegalidad de Uber. El servicio de taxis puede y debe mejorarse, pero no de manera ilegal. Problemas de movilidad y taxis son complejos. El senador Jorge Enrique Robledo, quien ha estado muy activo en la discusi\u00f3n sobre c\u00f3mo mejorar el servicio\u2026","rel":"","context":"En \u00abJorge Enrique Robledo\u00bb","block_context":{"text":"Jorge Enrique Robledo","link":"https:\/\/moir.com.co\/web\/category\/jorge-enrique-robledo\/"},"img":{"alt_text":"","src":"","width":0,"height":0},"classes":[]},{"id":9839,"url":"https:\/\/moir.com.co\/web\/senador-robledo-advierte-sobre-el-uber-negociado\/","url_meta":{"origin":14245,"position":3},"title":"Senador Robledo advierte sobre el \u201cUber-negociado\u201d","author":"admin","date":"diciembre 21, 2015","format":false,"excerpt":"Las constituciones, leyes y decretos, como marcos regulatorios de la sociedad, tienen sus consecuencias cuando se van materializando, por lo cual las advertencias que se hacen al momento de su expedici\u00f3n, muchas veces son ignoradas. El presidente Santos expidi\u00f3 el decreto 1079 de 2015, que establece el servicio de transporte\u2026","rel":"","context":"En \u00abTemas\u00bb","block_context":{"text":"Temas","link":"https:\/\/moir.com.co\/web\/category\/temas\/"},"img":{"alt_text":"","src":"","width":0,"height":0},"classes":[]},{"id":16464,"url":"https:\/\/moir.com.co\/web\/video-el-estado-colombiano-no-debe-seguir-siendo-complice-de-la-ilegalidad-y-corrupcion-de-uber-y-cabify-senador-robledo\/","url_meta":{"origin":14245,"position":4},"title":"Video: El Estado colombiano NO debe seguir siendo c\u00f3mplice de la ilegalidad y corrupci\u00f3n de Uber y Cabify, senador Robledo","author":"admin","date":"noviembre 22, 2018","format":"video","excerpt":"Carta a Ivan Duque sobre la ilegalidad de Uber y Cabify, Bogot\u00e1, noviembre 21 de 2018","rel":"","context":"En \u00abEconom\u00eda\u00bb","block_context":{"text":"Econom\u00eda","link":"https:\/\/moir.com.co\/web\/category\/temas\/economia\/"},"img":{"alt_text":"","src":"","width":0,"height":0},"classes":[]},{"id":13791,"url":"https:\/\/moir.com.co\/web\/procuraduria-debe-investigar-al-ministro-de-las-tic-por-promover-la-ilegalidad-en-el-transporte-robledo\/","url_meta":{"origin":14245,"position":5},"title":"Procuradur\u00eda debe investigar al Ministro de las TIC por promover la ilegalidad en el transporte: Robledo","author":"admin","date":"noviembre 13, 2017","format":false,"excerpt":"Oficina de prensas del senador y candidato presidencial del Polo Jorge Enrique Robledo, Bogot\u00e1, noviembre 9 de 2017 \u00a0El Senador y Candidato Presidencial del Polo radic\u00f3 una queja disciplinaria para que se investigue al Ministro de las TIC por las recientes declaraciones que dio en medios de comunicaci\u00f3n en favor\u2026","rel":"","context":"En \u00abBogot\u00e1\u00bb","block_context":{"text":"Bogot\u00e1","link":"https:\/\/moir.com.co\/web\/category\/temas\/bogota\/"},"img":{"alt_text":"","src":"https:\/\/i0.wp.com\/moir.com.co\/web\/wp-content\/uploads\/2017\/10\/robledodebatecorrupcion2017.png?fit=672%2C517&ssl=1&resize=350%2C200","width":350,"height":200,"srcset":"https:\/\/i0.wp.com\/moir.com.co\/web\/wp-content\/uploads\/2017\/10\/robledodebatecorrupcion2017.png?fit=672%2C517&ssl=1&resize=350%2C200 1x, https:\/\/i0.wp.com\/moir.com.co\/web\/wp-content\/uploads\/2017\/10\/robledodebatecorrupcion2017.png?fit=672%2C517&ssl=1&resize=525%2C300 1.5x"},"classes":[]}],"jetpack_sharing_enabled":true,"_links":{"self":[{"href":"https:\/\/moir.com.co\/web\/wp-json\/wp\/v2\/posts\/14245","targetHints":{"allow":["GET"]}}],"collection":[{"href":"https:\/\/moir.com.co\/web\/wp-json\/wp\/v2\/posts"}],"about":[{"href":"https:\/\/moir.com.co\/web\/wp-json\/wp\/v2\/types\/post"}],"author":[{"embeddable":true,"href":"https:\/\/moir.com.co\/web\/wp-json\/wp\/v2\/users\/1"}],"replies":[{"embeddable":true,"href":"https:\/\/moir.com.co\/web\/wp-json\/wp\/v2\/comments?post=14245"}],"version-history":[{"count":1,"href":"https:\/\/moir.com.co\/web\/wp-json\/wp\/v2\/posts\/14245\/revisions"}],"predecessor-version":[{"id":14247,"href":"https:\/\/moir.com.co\/web\/wp-json\/wp\/v2\/posts\/14245\/revisions\/14247"}],"wp:featuredmedia":[{"embeddable":true,"href":"https:\/\/moir.com.co\/web\/wp-json\/wp\/v2\/media\/14246"}],"wp:attachment":[{"href":"https:\/\/moir.com.co\/web\/wp-json\/wp\/v2\/media?parent=14245"}],"wp:term":[{"taxonomy":"category","embeddable":true,"href":"https:\/\/moir.com.co\/web\/wp-json\/wp\/v2\/categories?post=14245"},{"taxonomy":"post_tag","embeddable":true,"href":"https:\/\/moir.com.co\/web\/wp-json\/wp\/v2\/tags?post=14245"}],"curies":[{"name":"wp","href":"https:\/\/api.w.org\/{rel}","templated":true}]}}