{"id":14243,"date":"2018-01-16T04:17:47","date_gmt":"2018-01-16T04:17:47","guid":{"rendered":"https:\/\/moir.org.co\/web\/?p=14243"},"modified":"2018-01-16T04:17:47","modified_gmt":"2018-01-16T04:17:47","slug":"gobernar-para-crear-riqueza-el-reto-electoral-de-2018","status":"publish","type":"post","link":"https:\/\/moir.com.co\/web\/gobernar-para-crear-riqueza-el-reto-electoral-de-2018\/","title":{"rendered":"Gobernar para crear riqueza, el reto electoral de 2018"},"content":{"rendered":"<p><strong>Mario Alejandro Valencia, Bogot\u00e1, enero 15 de 2018<\/strong><\/p>\n<p>Algunos candidatos presidenciales en Colombia est\u00e1n realizando propuestas irresponsables como reducir los impuestos corporativos, siguiendo la l\u00ednea marcada por el gobierno de Trump en Estados Unidos. De hacerlo, implicar\u00eda un debilitamiento alarmante del Estado.<\/p>\n<p>En lo inmediato la contabilidad empresarial registrar\u00eda beneficios, pero en el largo plazo -que es lo m\u00e1s importante para una Naci\u00f3n- el mercado es incapaz por si solo de resolver las necesidades de mejorar la competitividad y productividad.<\/p>\n<p>La explicaci\u00f3n es sencilla: hay cosas que la riqueza individual no puede comprar. Para todo lo dem\u00e1s, existe el Estado. Por ejemplo, en 2017 Colombia desmejor\u00f3 en la calificaci\u00f3n del \u00cdndice Global de Competitividad y descendi\u00f3 5 posiciones. En calidad de carreteras ocup\u00f3 el puesto 110 entre 137 pa\u00edses, realidad tan vergonzosa como que el candidato del actual gobierno muestre esta labor como su mejor carta electoral.<\/p>\n<p>La \u00fanica forma de cambiar esta situaci\u00f3n es con inversi\u00f3n p\u00fablica, en este y muchos otros aspectos. Pero la dificultad para abordar de manera sensata el debate sobre la importancia del \u201csecretario del mercado\u201d, como llam\u00f3 Le\u00f3n Walras al Estado, es que estamos ante uno de los m\u00e1s corruptos e ineficientes del planeta. En el mismo \u00edndice de competitividad, en desv\u00edo de fondos p\u00fablicos Colombia ocupa el lugar 131. \u00a0No obstante, la soluci\u00f3n no puede ser debilitarlo m\u00e1s.<\/p>\n<p>El reto electoral de 2018 es comenzar a construir un gobierno que act\u00fae estimulando la ampliaci\u00f3n de la frontera de posibilidades de producci\u00f3n, es decir, promover un mejor aprovechamiento de los recursos disponibles para crear m\u00e1s riqueza. El \u00e9xito individual siempre estar\u00e1 determinado por su entorno social y en la medida en que el pa\u00eds sea capaz en conjunto de producir m\u00e1s, generar\u00e1 un c\u00edrculo virtuoso que beneficiar\u00e1 a empresarios y trabajadores, quienes tendr\u00e1n m\u00e1s ingresos disponibles con que contribuir al funcionamiento del Estado y \u00e9ste a su vez podr\u00e1 retribuir con m\u00e1s bienes p\u00fablicos.<\/p>\n<p>Con m\u00e1s riqueza, quedar\u00e1n sin piso argumentos grotescos como la destrucci\u00f3n urban\u00edstica de Bogot\u00e1 al negar un metro subterr\u00e1neo porque \u201cno hab\u00eda los recursos para hacerlo\u201d de Pe\u00f1alosa, o seguir permitiendo los paseos de la muerte en la salud porque \u201ccomo los recursos son escasos, la disyuntiva es m\u00e1s complicada: una vida por un lado, muchas vidas por el otro lado\u201d, de Alejandro Gaviria. \u00a0La falta de recursos es una excusa pueril que se resuelve generando m\u00e1s crecimiento.<\/p>\n<div id=\"ctl12_PauteFacil1\" class=\"Publicidad RobaPagina ui right floated SuTarget\"><\/div>\n<p>Es hora de pensar en el bienestar colectivo con un Estado m\u00e1s eficiente, que no est\u00e9 capturado por los intereses particulares de las mafias de la contrataci\u00f3n, ni bajo las orientaciones fallidas de los organismos internacionales, causantes intelectuales de las recientes crisis econ\u00f3micas globales. Recuerde que no es lo mismo gobernar para unos cuantos ricos, que gobernar para crear riqueza nacional.<\/p>\n","protected":false},"excerpt":{"rendered":"<p>Mario Alejandro Valencia, Bogot\u00e1, enero 15 de 2018 Algunos candidatos presidenciales en Colombia est\u00e1n realizando propuestas irresponsables como reducir los impuestos corporativos, siguiendo la l\u00ednea marcada por el gobierno de Trump en Estados Unidos. De hacerlo, implicar\u00eda un debilitamiento alarmante del Estado. En lo inmediato la contabilidad empresarial registrar\u00eda beneficios, pero en el largo plazo [&hellip;]<\/p>\n","protected":false},"author":1,"featured_media":13592,"comment_status":"open","ping_status":"open","sticky":false,"template":"","format":"standard","meta":{"advanced_seo_description":"","jetpack_seo_html_title":"","jetpack_seo_noindex":false,"_jetpack_memberships_contains_paid_content":false,"footnotes":""},"categories":[102,97,98],"tags":[],"class_list":["post-14243","post","type-post","status-publish","format-standard","has-post-thumbnail","hentry","category-economia","category-imperialismo-y-neoliberalismo","category-politica"],"jetpack_featured_media_url":"https:\/\/i0.wp.com\/moir.com.co\/web\/wp-content\/uploads\/2017\/10\/refineriabarranca2.jpg?fit=700%2C500&ssl=1","jetpack-related-posts":[{"id":17045,"url":"https:\/\/moir.com.co\/web\/emprendedores-quebrados\/","url_meta":{"origin":14243,"position":0},"title":"Emprendedores quebrados","author":"admin","date":"marzo 5, 2019","format":false,"excerpt":"Mario Alejandro Valencia, Bogot\u00e1, marzo 4 de 2019 La palabra de moda es emprendimiento. La repiten en las universidades, en las familias, en los medios y en el gobierno. Todo el mundo la dice sin saber exactamente qu\u00e9 es y cada quien la usa de acuerdo a sus intereses, incluso\u2026","rel":"","context":"En \u00abEconom\u00eda\u00bb","block_context":{"text":"Econom\u00eda","link":"https:\/\/moir.com.co\/web\/category\/temas\/economia\/"},"img":{"alt_text":"","src":"https:\/\/i0.wp.com\/moir.com.co\/web\/wp-content\/uploads\/2018\/07\/economianaranja.png?fit=352%2C352&ssl=1&resize=350%2C200","width":350,"height":200},"classes":[]},{"id":13458,"url":"https:\/\/moir.com.co\/web\/a-20-kmtshora-en-un-ferrari\/","url_meta":{"origin":14243,"position":1},"title":"A 20 kmts\/hora en un Ferrari","author":"admin","date":"octubre 9, 2017","format":false,"excerpt":"Mario Alejandro Valencia, Bogot\u00e1, octubre 9 de 2017 Hay cosas que se crean con un prop\u00f3sito: tener un Ferrari para no correr a alta velocidad ser\u00eda un desperdicio, una subutilizaci\u00f3n lamentable para quien lo compre. As\u00ed se ha comportado la econom\u00eda colombiana durante d\u00e9cadas, corriendo mucho menos de su verdadero\u2026","rel":"","context":"En \u00abEconom\u00eda\u00bb","block_context":{"text":"Econom\u00eda","link":"https:\/\/moir.com.co\/web\/category\/temas\/economia\/"},"img":{"alt_text":"","src":"https:\/\/i0.wp.com\/moir.com.co\/web\/wp-content\/uploads\/2017\/10\/ferrarisantoscardenas.jpg?fit=700%2C500&ssl=1&resize=350%2C200","width":350,"height":200,"srcset":"https:\/\/i0.wp.com\/moir.com.co\/web\/wp-content\/uploads\/2017\/10\/ferrarisantoscardenas.jpg?fit=700%2C500&ssl=1&resize=350%2C200 1x, https:\/\/i0.wp.com\/moir.com.co\/web\/wp-content\/uploads\/2017\/10\/ferrarisantoscardenas.jpg?fit=700%2C500&ssl=1&resize=525%2C300 1.5x, https:\/\/i0.wp.com\/moir.com.co\/web\/wp-content\/uploads\/2017\/10\/ferrarisantoscardenas.jpg?fit=700%2C500&ssl=1&resize=700%2C400 2x"},"classes":[]},{"id":16172,"url":"https:\/\/moir.com.co\/web\/mi-bolsillo-no-aguanta-mas\/","url_meta":{"origin":14243,"position":2},"title":"Mi bolsillo no aguanta m\u00e1s","author":"admin","date":"octubre 16, 2018","format":false,"excerpt":"Mario Alejandro Valencia, Bogot\u00e1, octubre 16 de 2018 La Ley de la gravedad parece no aplicar en Colombia. El debate acad\u00e9mico sobre las fuentes de creaci\u00f3n de riqueza est\u00e1 superado en el mundo desarrollado hace d\u00e9cadas, pero en Colombia, a pesar del fracaso en este aspecto, quienes han promovido el\u2026","rel":"","context":"En \u00abEconom\u00eda\u00bb","block_context":{"text":"Econom\u00eda","link":"https:\/\/moir.com.co\/web\/category\/temas\/economia\/"},"img":{"alt_text":"","src":"","width":0,"height":0},"classes":[]},{"id":13346,"url":"https:\/\/moir.com.co\/web\/en-2018-le-toca-a-colombia\/","url_meta":{"origin":14243,"position":3},"title":"En 2018 le toca a Colombia","author":"admin","date":"septiembre 23, 2017","format":false,"excerpt":"Jorge Enrique Robledo, Bogot\u00e1, septiembre 22 de 2017 Un d\u00eda en un ascensor, una se\u00f1ora me dijo: \u201cEstamos mamados, no, \u00a1remamados!\u201d, a lo que un joven agreg\u00f3 \u201cde los mismos con las mismas\u201d. Y por donde voy, entre coste\u00f1os y cachacos, trabajadores y empresarios y del estrato uno al veinte,\u2026","rel":"","context":"En \u00abAgro\u00bb","block_context":{"text":"Agro","link":"https:\/\/moir.com.co\/web\/category\/temas\/agro\/"},"img":{"alt_text":"","src":"https:\/\/i0.wp.com\/moir.com.co\/web\/wp-content\/uploads\/2017\/09\/letoca.png?fit=768%2C282&ssl=1&resize=350%2C200","width":350,"height":200,"srcset":"https:\/\/i0.wp.com\/moir.com.co\/web\/wp-content\/uploads\/2017\/09\/letoca.png?fit=768%2C282&ssl=1&resize=350%2C200 1x, https:\/\/i0.wp.com\/moir.com.co\/web\/wp-content\/uploads\/2017\/09\/letoca.png?fit=768%2C282&ssl=1&resize=525%2C300 1.5x, https:\/\/i0.wp.com\/moir.com.co\/web\/wp-content\/uploads\/2017\/09\/letoca.png?fit=768%2C282&ssl=1&resize=700%2C400 2x"},"classes":[]},{"id":9191,"url":"https:\/\/moir.com.co\/web\/desarrollo-colombiano-en-2018-y-el-plan-de-la-politiqueria\/","url_meta":{"origin":14243,"position":4},"title":"Desarrollo colombiano en 2018 y el plan de la politiquer\u00eda","author":"admin","date":"marzo 9, 2015","format":false,"excerpt":"Desde el Plan de Lleras Camargo en 1961 hasta Prosperidad para Todos de Santos en 2010, y a pesar de la enorme riqueza del pa\u00eds, Colombia todav\u00eda ocupa el puesto 98 entre 187 pa\u00edses en el \u00cdndice de Desarrollo Humano. Es superada en la regi\u00f3n por Jamaica, Per\u00fa, Panam\u00e1 y\u2026","rel":"","context":"En \u00abTemas\u00bb","block_context":{"text":"Temas","link":"https:\/\/moir.com.co\/web\/category\/temas\/"},"img":{"alt_text":"","src":"","width":0,"height":0},"classes":[]},{"id":14025,"url":"https:\/\/moir.com.co\/web\/el-precio-de-los-combustibles-un-lastre-para-el-consumo-y-la-competitividad-robledo\/","url_meta":{"origin":14243,"position":5},"title":"El precio de los combustibles, un lastre para el consumo y la competitividad: Robledo","author":"admin","date":"diciembre 5, 2017","format":false,"excerpt":"Oficina de prensa del senador y candidato presidencial del Polo Jorge Enrique Robledo, Bogot\u00e1, diciembre 5 de 2017 Los precios de los combustibles hace rato se comieron el aumento del salario m\u00ednimo; una decisi\u00f3n mala por donde se le mire; es necesario construir una nueva pol\u00edtica de precios de los\u2026","rel":"","context":"En \u00abEconom\u00eda\u00bb","block_context":{"text":"Econom\u00eda","link":"https:\/\/moir.com.co\/web\/category\/temas\/economia\/"},"img":{"alt_text":"","src":"https:\/\/i0.wp.com\/moir.com.co\/web\/wp-content\/uploads\/2017\/12\/gasolinaPRECIOCOMBUSTIBLES.jpg?fit=486%2C373&ssl=1&resize=350%2C200","width":350,"height":200},"classes":[]}],"jetpack_sharing_enabled":true,"_links":{"self":[{"href":"https:\/\/moir.com.co\/web\/wp-json\/wp\/v2\/posts\/14243","targetHints":{"allow":["GET"]}}],"collection":[{"href":"https:\/\/moir.com.co\/web\/wp-json\/wp\/v2\/posts"}],"about":[{"href":"https:\/\/moir.com.co\/web\/wp-json\/wp\/v2\/types\/post"}],"author":[{"embeddable":true,"href":"https:\/\/moir.com.co\/web\/wp-json\/wp\/v2\/users\/1"}],"replies":[{"embeddable":true,"href":"https:\/\/moir.com.co\/web\/wp-json\/wp\/v2\/comments?post=14243"}],"version-history":[{"count":1,"href":"https:\/\/moir.com.co\/web\/wp-json\/wp\/v2\/posts\/14243\/revisions"}],"predecessor-version":[{"id":14244,"href":"https:\/\/moir.com.co\/web\/wp-json\/wp\/v2\/posts\/14243\/revisions\/14244"}],"wp:featuredmedia":[{"embeddable":true,"href":"https:\/\/moir.com.co\/web\/wp-json\/wp\/v2\/media\/13592"}],"wp:attachment":[{"href":"https:\/\/moir.com.co\/web\/wp-json\/wp\/v2\/media?parent=14243"}],"wp:term":[{"taxonomy":"category","embeddable":true,"href":"https:\/\/moir.com.co\/web\/wp-json\/wp\/v2\/categories?post=14243"},{"taxonomy":"post_tag","embeddable":true,"href":"https:\/\/moir.com.co\/web\/wp-json\/wp\/v2\/tags?post=14243"}],"curies":[{"name":"wp","href":"https:\/\/api.w.org\/{rel}","templated":true}]}}