{"id":14239,"date":"2018-01-15T16:58:51","date_gmt":"2018-01-15T16:58:51","guid":{"rendered":"https:\/\/moir.org.co\/web\/?p=14239"},"modified":"2018-01-15T16:58:51","modified_gmt":"2018-01-15T16:58:51","slug":"las-esquivas-alianzas","status":"publish","type":"post","link":"https:\/\/moir.com.co\/web\/las-esquivas-alianzas\/","title":{"rendered":"Las esquivas alianzas"},"content":{"rendered":"<p><strong>Libardo G\u00f3mez S\u00e1nchez, Neiva, enero 15 de 2018<\/strong><\/p>\n<p>La coyuntura pol\u00edtica que se vive en la Colombia de hoy no tiene una situaci\u00f3n similar en su pasado y si la ciudadan\u00eda no tiene la capacidad de comprenderla a plenitud, podr\u00eda perderse esta oportunidad de cambiar las cosas, que no ser\u00e1 la \u00fanica, pero que de no aprovecharla podr\u00eda significarnos continuar en el camino de la pobreza, la injusticia y el menoscabo como Naci\u00f3n por mucho tiempo m\u00e1s.<\/p>\n<p>Hace\u00a0 un a\u00f1o la dirigencia de Alianza Verde, el Polo Democr\u00e1tico y Compromiso Ciudadano decidieron reunirse, para explorar la posibilidad de concretar un acuerdo que les permitiera juntar esfuerzos y buscar un mejor futuro para Colombia. Coincid\u00edan en su hast\u00edo por la manera como la corrupci\u00f3n se ha tomado las tres ramas del poder p\u00fablico en connivencia con el sector privado; la enga\u00f1osa polarizaci\u00f3n a que han conducido al pa\u00eds alrededor del s\u00ed y el no, como si el conflicto fuera el \u00fanico problema que nos aquejara, mientras se nos desmorona la econom\u00eda producto de equivocadas decisiones de pol\u00edtica y la quiebra afecta el derecho de la gente a disponer de trabajo e ingresos, gozar de salud, educaci\u00f3n de calidad y a una vida decente. El proceso de las conversaciones contemplaba tres elementos: un programa que corrija el rumbo y de soluci\u00f3n a los principales reclamos de los ciudadanos; unas listas al Congreso que permitan elegir personas comprometidas con un ejercicio pulcro del control pol\u00edtico y la funci\u00f3n legislativa\u00a0 y presentar un candidato presidencial comprometido con estos prop\u00f3sitos, con una hoja de vida intachable y con amplia favorabilidad para tener opciones reales de ganar la elecci\u00f3n.<\/p>\n<p>El camino no fue f\u00e1cil, porque se trataba de conciliar tres miradas que en muchos aspectos consideran rutas diferentes, a pesar de tener un prop\u00f3sito com\u00fan, luego de transitar un camino empedrado y no exento de dificultades, el pasado 20 de diciembre se anunci\u00f3 el pacto que concluy\u00f3 en un programa de gobierno, listas unificadas en varios departamentos y un candidato presidencial: Sergio Fajardo, que requiri\u00f3 la generosidad de Claudia L\u00f3pez y Jorge Robledo quienes aplazaron sus legitimas aspiraciones para concretar el acuerdo. A pesar de las continuas cr\u00edticas que otros sectores hicieron, al apreciar la fortaleza de esta unidad y ante la premura de las elecciones, ahora pretenden que a las volandas y de manera mec\u00e1nica, la Coalici\u00f3n Colombia ferie en una consulta en Marzo su proceso, con el discutible argumento de que si no se hace as\u00ed, en mayo ganaran los del no; si en verdad esto les preocupa, deber\u00edan tener la nobleza de emular el compromiso de Claudia y Robledo.<\/p>\n","protected":false},"excerpt":{"rendered":"<p>Libardo G\u00f3mez S\u00e1nchez, Neiva, enero 15 de 2018 La coyuntura pol\u00edtica que se vive en la Colombia de hoy no tiene una situaci\u00f3n similar en su pasado y si la ciudadan\u00eda no tiene la capacidad de comprenderla a plenitud, podr\u00eda perderse esta oportunidad de cambiar las cosas, que no ser\u00e1 la \u00fanica, pero que de [&hellip;]<\/p>\n","protected":false},"author":1,"featured_media":14142,"comment_status":"open","ping_status":"open","sticky":false,"template":"","format":"standard","meta":{"advanced_seo_description":"","jetpack_seo_html_title":"","jetpack_seo_noindex":false,"_jetpack_memberships_contains_paid_content":false,"footnotes":""},"categories":[102,97,98],"tags":[],"class_list":["post-14239","post","type-post","status-publish","format-standard","has-post-thumbnail","hentry","category-economia","category-imperialismo-y-neoliberalismo","category-politica"],"jetpack_featured_media_url":"https:\/\/i0.wp.com\/moir.com.co\/web\/wp-content\/uploads\/2017\/12\/coalicioncolombia4.jpeg?fit=300%2C168&ssl=1","jetpack-related-posts":[{"id":8223,"url":"https:\/\/moir.com.co\/web\/por-el-tlc-alianza-del-pacifico-robledo-denunciara-a-santos-por-traicion-a-la-patria\/","url_meta":{"origin":14239,"position":0},"title":"Por el TLC Alianza del Pac\u00edfico, Robledo denunciar\u00e1 a Santos por traici\u00f3n a la patria","author":"admin","date":"febrero 6, 2014","format":false,"excerpt":"Viola los art\u00edculos 455 y 457 del C\u00f3digo Penal. Gobierno pretende evadir el control pol\u00edtico y constitucional. Tras conocerse que el pr\u00f3ximo lunes el presidente Santos firmar\u00e1 el tratado que pone en pr\u00e1ctica el TLC de la Alianza del Pac\u00edfico, el senador Jorge Enrique Robledo anunci\u00f3 que denunciar\u00e1 al primer\u2026","rel":"","context":"En \u00abJorge Enrique Robledo\u00bb","block_context":{"text":"Jorge Enrique Robledo","link":"https:\/\/moir.com.co\/web\/category\/jorge-enrique-robledo\/"},"img":{"alt_text":"","src":"","width":0,"height":0},"classes":[]},{"id":8595,"url":"https:\/\/moir.com.co\/web\/sindicatos-partidos-y-organizaciones-sociales-crean-la-alianza-campo-rubiales-para-ecopetrol\/","url_meta":{"origin":14239,"position":1},"title":"Sindicatos, partidos y organizaciones sociales crean la alianza &#8220;Campo Rubiales para Ecopetrol&#8221;","author":"admin","date":"julio 31, 2014","format":false,"excerpt":"El presidente Santos no debe prorrogar el contrato de Pacific Rubiales. Cerca de 30 sindicatos, organizaciones sociales, acad\u00e9micos y partidos pol\u00edticos, se reunieron hoy para crear la Alianza Campo Rubiales para Ecopetrol, con el prop\u00f3sito de exigirle al presidente Santos que Ecopetrol asuma la operaci\u00f3n del principal campo petrolero del\u2026","rel":"","context":"En \u00abJorge Enrique Robledo\u00bb","block_context":{"text":"Jorge Enrique Robledo","link":"https:\/\/moir.com.co\/web\/category\/jorge-enrique-robledo\/"},"img":{"alt_text":"","src":"","width":0,"height":0},"classes":[]},{"id":572,"url":"https:\/\/moir.com.co\/web\/moir-fsp-ptc-y-movimiento-comunal-y-comunitario-pactaron-alianzas-en-el-huila-en-torno-a-listas-para-asamblea-y-alcaldia\/","url_meta":{"origin":14239,"position":2},"title":"MOIR, FSP, PTC Y MOVIMIENTO COMUNAL Y COMUNITARIO PACTARON ALIANZAS EN EL HUILA EN TORNO A LISTAS PARA ASAMBLEA Y ALCALD\u00cdA","author":"admin","date":"agosto 11, 2004","format":false,"excerpt":"El senador por la Unidad C\u00edvica y Agraria Moir- Jorge Enrique Robledo, vaticin\u00f3 que el Referendo del presidente Uribe ser\u00e1 derrotado, al celebrar la decisi\u00f3n del Partido Liberal de sumarse a la abstenci\u00f3n activa. El dirigente de la izquierda, quien particip\u00f3 ayer en esta ciudad en importantes conferencias sobre el\u2026","rel":"","context":"En \u00abPronunciamientos de Organizaciones Sociales\u00bb","block_context":{"text":"Pronunciamientos de Organizaciones Sociales","link":"https:\/\/moir.com.co\/web\/category\/pronunciamientos-de-organizaciones-sociales\/"},"img":{"alt_text":"","src":"","width":0,"height":0},"classes":[]},{"id":8251,"url":"https:\/\/moir.com.co\/web\/alianza-del-pacifico-gato-por-liebre\/","url_meta":{"origin":14239,"position":3},"title":"Alianza del Pac\u00edfico: gato por liebre","author":"admin","date":"febrero 18, 2014","format":false,"excerpt":"Vuelo de campanas y festones de feria rubricaron el lanzamiento de la Alianza del Pac\u00edfico como el para\u00edso so\u00f1ado de integraci\u00f3n latinoamericana, siendo, precisamente, su ant\u00edpoda: un torpedo contra el acariciado proyecto de uni\u00f3n aut\u00f3noma de pa\u00edses para buscar su desarrollo e incorporarse a la econom\u00eda del globo sin morir\u2026","rel":"","context":"En \u00ab\u00a1No a los TLC y al ALCA!\u00bb","block_context":{"text":"\u00a1No a los TLC y al ALCA!","link":"https:\/\/moir.com.co\/web\/category\/temas\/no-a-los-tlc-y-al-alca\/"},"img":{"alt_text":"","src":"","width":0,"height":0},"classes":[]},{"id":7610,"url":"https:\/\/moir.com.co\/web\/alianza-pacifico-pone-en-riesgo-unos-12-millones-de-empleos-robledo\/","url_meta":{"origin":14239,"position":4},"title":"Alianza Pac\u00edfico pone en riesgo unos 1,2 millones de empleos: Robledo","author":"admin","date":"junio 1, 2013","format":false,"excerpt":"La p\u00e9rdida de 1,2 millones de empleos y la afectaci\u00f3n de los sectores arroceros, del ma\u00edz blanco, de las leguminosas, c\u00e1rnicos y l\u00e1cteos, ser\u00edan las consecuencias de los acuerdos comerciales de la Alianza del Pac\u00edfico que se llev\u00f3 a cabo en Colombia la semana pasada. As\u00ed lo afirm\u00f3 el senador\u2026","rel":"","context":"En \u00abJorge Enrique Robledo\u00bb","block_context":{"text":"Jorge Enrique Robledo","link":"https:\/\/moir.com.co\/web\/category\/jorge-enrique-robledo\/"},"img":{"alt_text":"","src":"","width":0,"height":0},"classes":[]},{"id":14140,"url":"https:\/\/moir.com.co\/web\/bases-programaticas-de-la-coalicion-colombia-partido-alianza-verde-polo-democratico-alternativo-y-compromiso-ciudadano\/","url_meta":{"origin":14239,"position":5},"title":"Bases program\u00e1ticas de la Coalici\u00f3n Colombia: Partido Alianza Verde, Polo Democr\u00e1tico Alternativo y Compromiso Ciudadano","author":"admin","date":"diciembre 20, 2017","format":false,"excerpt":"Bogot\u00e1, diciembre 20 de 2017","rel":"","context":"En \u00abAgro\u00bb","block_context":{"text":"Agro","link":"https:\/\/moir.com.co\/web\/category\/temas\/agro\/"},"img":{"alt_text":"","src":"","width":0,"height":0},"classes":[]}],"jetpack_sharing_enabled":true,"_links":{"self":[{"href":"https:\/\/moir.com.co\/web\/wp-json\/wp\/v2\/posts\/14239","targetHints":{"allow":["GET"]}}],"collection":[{"href":"https:\/\/moir.com.co\/web\/wp-json\/wp\/v2\/posts"}],"about":[{"href":"https:\/\/moir.com.co\/web\/wp-json\/wp\/v2\/types\/post"}],"author":[{"embeddable":true,"href":"https:\/\/moir.com.co\/web\/wp-json\/wp\/v2\/users\/1"}],"replies":[{"embeddable":true,"href":"https:\/\/moir.com.co\/web\/wp-json\/wp\/v2\/comments?post=14239"}],"version-history":[{"count":1,"href":"https:\/\/moir.com.co\/web\/wp-json\/wp\/v2\/posts\/14239\/revisions"}],"predecessor-version":[{"id":14240,"href":"https:\/\/moir.com.co\/web\/wp-json\/wp\/v2\/posts\/14239\/revisions\/14240"}],"wp:featuredmedia":[{"embeddable":true,"href":"https:\/\/moir.com.co\/web\/wp-json\/wp\/v2\/media\/14142"}],"wp:attachment":[{"href":"https:\/\/moir.com.co\/web\/wp-json\/wp\/v2\/media?parent=14239"}],"wp:term":[{"taxonomy":"category","embeddable":true,"href":"https:\/\/moir.com.co\/web\/wp-json\/wp\/v2\/categories?post=14239"},{"taxonomy":"post_tag","embeddable":true,"href":"https:\/\/moir.com.co\/web\/wp-json\/wp\/v2\/tags?post=14239"}],"curies":[{"name":"wp","href":"https:\/\/api.w.org\/{rel}","templated":true}]}}