{"id":14234,"date":"2018-01-14T21:57:50","date_gmt":"2018-01-14T21:57:50","guid":{"rendered":"https:\/\/moir.org.co\/web\/?p=14234"},"modified":"2018-01-14T21:57:50","modified_gmt":"2018-01-14T21:57:50","slug":"lo-que-se-juega-colombia-en-el-2018-continuismo-o-cambio","status":"publish","type":"post","link":"https:\/\/moir.com.co\/web\/lo-que-se-juega-colombia-en-el-2018-continuismo-o-cambio\/","title":{"rendered":"Lo que se juega Colombia en el 2018: \u00bfcontinuismo o cambio?"},"content":{"rendered":"<p><strong>Andr\u00e9s Pach\u00f3n, Bogot\u00e1, enero 9 de 2018<\/strong><\/p>\n<p>2018 ser\u00e1 un a\u00f1o definitivo, no solo porque se jugar\u00e1 en Rusia la vig\u00e9simo primera edici\u00f3n del mundial de f\u00fatbol o porque Alemania podr\u00eda levantar su quinta copa, o Brasil alcanzar su sexto campeonato, o \u2013qui\u00e9n quita\u2013 Colombia dar la gran sorpresa.<\/p>\n<p>Pero 2018 va mucho m\u00e1s all\u00e1 del f\u00fatbol. Ser\u00e1 un a\u00f1o en el que los colombianos definiremos el rumbo de las pr\u00f3ximas generaciones. El pa\u00eds tendr\u00e1 que decidir si contin\u00faa por el mismo camino de hace d\u00e9cadas, plagado de corrupci\u00f3n, desigualdad y atraso productivo, o toma las riendas de su futuro y apuesta por un cambio.<\/p>\n<p>Ante dicho panorama, quienes nos han mal gobernado insisten en que en las elecciones de marzo al Congreso y de mayo a la Presidencia, vuelvan a decidir entre la guerra y la paz, entre los del S\u00ed y los del No, campo de juego en el que se sienten a gusto, pues ah\u00ed han jugado de locales durante d\u00e9cadas. Y lo peor: siempre han ganado.<\/p>\n<p>De ah\u00ed su obstinaci\u00f3n para que el centro del debate no sea la corrupci\u00f3n, el desempleo y la crisis econ\u00f3mica derivada de la desindustrializaci\u00f3n y la quiebra del agro que ellos con sus pol\u00edticas han causado.<\/p>\n<p>Al mantener la discusi\u00f3n sobre el conflicto, buscan atizar el bipartidismo, representado hoy por el Centro Democr\u00e1tico y la Unidad Nacional, reedici\u00f3n actual de la vieja disputa liberal-conservadora, en la que el pueblo, como barras bravas, se aniquila en las calles y en las redes sociales, mientras la dirigencia de uno y otro bando comparte festines y se reparte el bot\u00edn.<\/p>\n<p>Frente a tan oscuro horizonte, surge una luz de esperanza: la Coalici\u00f3n Colombia. Una convergencia de movimientos ciudadanos y fuerzas pol\u00edticas alternativas que a pesar de sus diferencias, logr\u00f3 construir consensos sobre los aspectos fundamentales que requiere con urgencia nuestra naci\u00f3n y definir un programa democr\u00e1tico, el eje del acuerdo.<\/p>\n<h2><strong>Coalici\u00f3n Ni-Ni<\/strong><\/h2>\n<p>La Coalici\u00f3n no se alinea Ni con el Centro Democr\u00e1tico Ni con la Unidad Nacional. No le hace el juego a la polarizaci\u00f3n y fractura de la sociedad. No apunta a construir otro frente nacional a la antigua. Por el contrario, le apuesta a una gran convergencia de todos los colombianos.<\/p>\n<p>Con una ventaja adicional, la Coalici\u00f3n logr\u00f3 superar el canto de sirena de siempre, el famoso llamado a \u201cla unidad de la izquierda\u201d, tan repetido como inviable, pues una propuesta que quiera tener posibilidades reales de ganar tiene que superar esas viejas divisiones, y lograr la unidad de diferentes sectores y espectros pol\u00edticos sobre la base de unos acuerdos program\u00e1ticos.<\/p>\n<p>Eso fue alcanzado por la Coalici\u00f3n, que le apuesta a un proyecto moderno, transparente e independiente \u201ccapaz de transformar a Colombia en los pr\u00f3ximos 15 a\u00f1os\u201d.<\/p>\n<h2><strong>La Coalici\u00f3n Colombia tiene un programa nacional y democr\u00e1tico<\/strong><\/h2>\n<p>El\u00a0<a href=\"http:\/\/bit.ly\/2EedaSE\" target=\"_blank\" rel=\"noopener\"><strong>programa de la Coalici\u00f3n<\/strong><\/a>\u00a0parte de una\u00a0<em>lucha frontal contra la corrupci\u00f3n<\/em>y el clientelismo, uno de los grandes problemas del pa\u00eds. La Coalici\u00f3n propone un gobierno transparente, con \u00e9nfasis en la rendici\u00f3n de cuentas a la ciudadan\u00eda y el acceso meritorio al empleo p\u00fablico: \u201cMuchos ojos y pocas manos en la contrataci\u00f3n estatal\u201d.<\/p>\n<p>Ahora, la mejor garant\u00eda de la Coalici\u00f3n en este punto es que Fajardo, Claudia y Robledo son reconocidos por ser abanderados en la lucha contra la corrupci\u00f3n y por hacer pol\u00edtica diferente, con argumentos y propuestas y no con tamales, lechona y contratos.<\/p>\n<p>La Coalici\u00f3n le apuesta a\u00a0<em>la educaci\u00f3n como derecho<\/em>\u00a0y no como privilegio. Una educaci\u00f3n de vanguardia y de calidad, \u201cdonde los maestros y maestras ser\u00e1n los protagonistas\u201d, y que apoya con decisi\u00f3n la educaci\u00f3n p\u00fablica, universal y gratuita. Se la juega adem\u00e1s por la ciencia, la tecnolog\u00eda y la innovaci\u00f3n como pol\u00edtica de Estado, importantes sectores sometidos al abandono hist\u00f3rico.<\/p>\n<p>La Coalici\u00f3n Colombia entiende\u00a0<em>la salud como derecho fundamental<\/em>\u00a0y como manifestaci\u00f3n de una vida digna. Hace \u00e9nfasis en la prevenci\u00f3n y destaca el papel del Estado para garantizar la salud p\u00fablica. Propone fortalecer la producci\u00f3n de medicamentos gen\u00e9ricos nacionales, para que haya mayor acceso a menor costo.<\/p>\n<p>Reconoce como elemento esencial para lograr el desarrollo la\u00a0<em>generaci\u00f3n de empleo formal y de calidad,<\/em>\u00a0fortaleciendo la industria, los encadenamientos productivos y la modernizaci\u00f3n del agro, sector en el que apoyar\u00e1 tanto a los trabajadores agrarios como a los empresarios del campo.<\/p>\n<p>Llama la atenci\u00f3n el compromiso de la Coalici\u00f3n Colombia con la\u00a0<em>biodiversidad y los recursos naturales<\/em>, y en especial la defensa del agua como eje central de la pol\u00edtica ambiental, la protecci\u00f3n de nuestros p\u00e1ramos y fuentes h\u00eddricas, la implementaci\u00f3n de energ\u00edas limpias y la negativa al\u00a0<em>fracking,<\/em>\u00a0aplicando el principio de precauci\u00f3n.<\/p>\n<p>El programa deja en claro que se respetar\u00e1n y aplicar\u00e1n los Acuerdos de Paz. Es hora de pasar la p\u00e1gina y acometer las grandes transformaciones que necesita Colombia. La Coalici\u00f3n asume el compromiso de consolidar la paz territorial con \u00e9nfasis en los lugares m\u00e1s afectados por el conflicto.<\/p>\n<p>Las 27 p\u00e1ginas que conforman las bases program\u00e1ticas tambi\u00e9n defienden el goce efectivo de los derechos de las mujeres, ind\u00edgenas, afros, ciudadanos LGBTI y personas en condici\u00f3n de vulnerabilidad. Proponen una estructura progresiva en los impuestos \u2013el que m\u00e1s tiene m\u00e1s paga\u2013 y una transici\u00f3n de impuestos indirectos a directos.<\/p>\n<p>La promoci\u00f3n de la cultura y el deporte como forma para democratizar la sociedad tambi\u00e9n son protagonistas.\u00a0<em>La seguridad rural y urbana,<\/em>acompa\u00f1ada del fortalecimiento de la administraci\u00f3n de justicia, pues si esta es pronta, efectiva y de calidad, se reducir\u00e1 la impunidad y se lograr\u00e1 el efecto disuasorio de las sanciones.<\/p>\n<h2><strong>La Coalici\u00f3n Colombia es la \u00fanica alternativa que puede derrotar a los mismos con las mismas<\/strong><\/h2>\n<p>La Coalici\u00f3n Colombia, con Sergio Fajardo como su candidato presidencial, es la alternativa que m\u00e1s unidad puede generar, la \u00fanica capaz de conseguir apoyo tanto en los trabajadores \u2013formales e informales\u2013, como en las gentes necesitadas, en las clases medias y empresariales, en la gente que vot\u00f3 por el s\u00ed y por el no pero que ya no quieren m\u00e1s polarizaci\u00f3n.<\/p>\n<p>La Coalici\u00f3n despierta la simpat\u00eda de todas las regiones. Entonces, ante las maquinarias y los r\u00edos de dinero del Centro Democr\u00e1tico y la Unidad Nacional, la Coalici\u00f3n Colombia es la \u00fanica alternativa capaz de derrotarlos,\u00a0<a href=\"http:\/\/bit.ly\/2BCW96M\" target=\"_blank\" rel=\"noopener\">como ha se\u00f1alado el\u00a0<strong>Senador Robledo<\/strong><\/a>.<\/p>\n<p>\u201cSomos la generaci\u00f3n a la que le lleg\u00f3 el turno para cambiar definitivamente nuestra historia\u201d. Est\u00e1 en nuestras manos dejar que Colombia siga cayendo hacia el abismo o le apueste a la transformaci\u00f3n pac\u00edfica, democr\u00e1tica y pluralista de nuestra sociedad. Eso es lo que nos jugamos en 2018. El Mundial viene despu\u00e9s. Y Colombia puede dar la sorpresa.<\/p>\n","protected":false},"excerpt":{"rendered":"<p>Andr\u00e9s Pach\u00f3n, Bogot\u00e1, enero 9 de 2018 2018 ser\u00e1 un a\u00f1o definitivo, no solo porque se jugar\u00e1 en Rusia la vig\u00e9simo primera edici\u00f3n del mundial de f\u00fatbol o porque Alemania podr\u00eda levantar su quinta copa, o Brasil alcanzar su sexto campeonato, o \u2013qui\u00e9n quita\u2013 Colombia dar la gran sorpresa. Pero 2018 va mucho m\u00e1s all\u00e1 [&hellip;]<\/p>\n","protected":false},"author":1,"featured_media":14129,"comment_status":"open","ping_status":"open","sticky":false,"template":"","format":"standard","meta":{"advanced_seo_description":"","jetpack_seo_html_title":"","jetpack_seo_noindex":false,"_jetpack_memberships_contains_paid_content":false,"footnotes":""},"categories":[102,103,97,98],"tags":[],"class_list":["post-14234","post","type-post","status-publish","format-standard","has-post-thumbnail","hentry","category-economia","category-educacion","category-imperialismo-y-neoliberalismo","category-politica"],"jetpack_featured_media_url":"https:\/\/i0.wp.com\/moir.com.co\/web\/wp-content\/uploads\/2017\/12\/coalicioncolombia5.jpeg?fit=275%2C183&ssl=1","jetpack-related-posts":[{"id":10873,"url":"https:\/\/moir.com.co\/web\/una-excelente-opcion-para-2018\/","url_meta":{"origin":14234,"position":0},"title":"Una excelente opci\u00f3n para 2018","author":"admin","date":"noviembre 4, 2016","format":false,"excerpt":"Juan Pablo Puentes Vargas, opanoticias, noviembre 4 de 2016 En tan solo a\u00f1o y medio el pa\u00eds deber\u00e1 elegir al pr\u00f3ximo presidente. Esta elecci\u00f3n ser\u00e1 fundamental. Una de las razones para ello es que por primera vez en mucho tiempo el tema del conflicto armado podr\u00eda no ser el determinante\u2026","rel":"","context":"En \u00abEconom\u00eda\u00bb","block_context":{"text":"Econom\u00eda","link":"https:\/\/moir.com.co\/web\/category\/temas\/economia\/"},"img":{"alt_text":"","src":"https:\/\/i0.wp.com\/moir.com.co\/web\/wp-content\/uploads\/2016\/10\/robledocandidato2018_2.jpg?fit=800%2C420&ssl=1&resize=350%2C200","width":350,"height":200,"srcset":"https:\/\/i0.wp.com\/moir.com.co\/web\/wp-content\/uploads\/2016\/10\/robledocandidato2018_2.jpg?fit=800%2C420&ssl=1&resize=350%2C200 1x, https:\/\/i0.wp.com\/moir.com.co\/web\/wp-content\/uploads\/2016\/10\/robledocandidato2018_2.jpg?fit=800%2C420&ssl=1&resize=525%2C300 1.5x, https:\/\/i0.wp.com\/moir.com.co\/web\/wp-content\/uploads\/2016\/10\/robledocandidato2018_2.jpg?fit=800%2C420&ssl=1&resize=700%2C400 2x"},"classes":[]},{"id":14275,"url":"https:\/\/moir.com.co\/web\/en-su-manizales-del-alma-robledo-continuo-gira-nacional-con-la-coalicion-colombia\/","url_meta":{"origin":14234,"position":1},"title":"En su Manizales del alma Robledo continu\u00f3 gira nacional con la Coalici\u00f3n Colombia","author":"admin","date":"enero 19, 2018","format":false,"excerpt":"Oficina de prensa del senador Jorge Enrique Robledo, Bogot\u00e1, enero 18 de 2018 En compa\u00f1\u00eda de Claudia L\u00f3pez y los candidatos de la Coalici\u00f3n Colombia a la C\u00e1mara de Representantes por Caldas, el senador y cabeza de lista del Polo Jorge Enrique Robledo visit\u00f3 Manizales, la ciudad donde trabaj\u00f3 como\u2026","rel":"","context":"En \u00abEconom\u00eda\u00bb","block_context":{"text":"Econom\u00eda","link":"https:\/\/moir.com.co\/web\/category\/temas\/economia\/"},"img":{"alt_text":"","src":"https:\/\/i0.wp.com\/moir.com.co\/web\/wp-content\/uploads\/2018\/01\/coalicioncolombiamanizales2018.jpeg?fit=768%2C512&ssl=1&resize=350%2C200","width":350,"height":200,"srcset":"https:\/\/i0.wp.com\/moir.com.co\/web\/wp-content\/uploads\/2018\/01\/coalicioncolombiamanizales2018.jpeg?fit=768%2C512&ssl=1&resize=350%2C200 1x, https:\/\/i0.wp.com\/moir.com.co\/web\/wp-content\/uploads\/2018\/01\/coalicioncolombiamanizales2018.jpeg?fit=768%2C512&ssl=1&resize=525%2C300 1.5x, https:\/\/i0.wp.com\/moir.com.co\/web\/wp-content\/uploads\/2018\/01\/coalicioncolombiamanizales2018.jpeg?fit=768%2C512&ssl=1&resize=700%2C400 2x"},"classes":[]},{"id":13346,"url":"https:\/\/moir.com.co\/web\/en-2018-le-toca-a-colombia\/","url_meta":{"origin":14234,"position":2},"title":"En 2018 le toca a Colombia","author":"admin","date":"septiembre 23, 2017","format":false,"excerpt":"Jorge Enrique Robledo, Bogot\u00e1, septiembre 22 de 2017 Un d\u00eda en un ascensor, una se\u00f1ora me dijo: \u201cEstamos mamados, no, \u00a1remamados!\u201d, a lo que un joven agreg\u00f3 \u201cde los mismos con las mismas\u201d. Y por donde voy, entre coste\u00f1os y cachacos, trabajadores y empresarios y del estrato uno al veinte,\u2026","rel":"","context":"En \u00abAgro\u00bb","block_context":{"text":"Agro","link":"https:\/\/moir.com.co\/web\/category\/temas\/agro\/"},"img":{"alt_text":"","src":"https:\/\/i0.wp.com\/moir.com.co\/web\/wp-content\/uploads\/2017\/09\/letoca.png?fit=768%2C282&ssl=1&resize=350%2C200","width":350,"height":200,"srcset":"https:\/\/i0.wp.com\/moir.com.co\/web\/wp-content\/uploads\/2017\/09\/letoca.png?fit=768%2C282&ssl=1&resize=350%2C200 1x, https:\/\/i0.wp.com\/moir.com.co\/web\/wp-content\/uploads\/2017\/09\/letoca.png?fit=768%2C282&ssl=1&resize=525%2C300 1.5x, https:\/\/i0.wp.com\/moir.com.co\/web\/wp-content\/uploads\/2017\/09\/letoca.png?fit=768%2C282&ssl=1&resize=700%2C400 2x"},"classes":[]},{"id":15245,"url":"https:\/\/moir.com.co\/web\/cambios-profundos-en-la-politica-nacional-reflejan-las-elecciones-del-2018\/","url_meta":{"origin":14234,"position":3},"title":"Cambios profundos en la pol\u00edtica nacional reflejan las elecciones del 2018","author":"admin","date":"junio 8, 2018","format":false,"excerpt":"Norman Alarc\u00f3n Rodas, Barranquilla, junio 8 de 2018 Importantes medios nacionales de comunicaci\u00f3n informaron en sus emisiones del lunes 28 de mayo que el d\u00eda anterior, en las elecciones de la primera vuelta presidencial, hab\u00eda surgido un fen\u00f3meno pol\u00edtico en Colombia: Sergio Fajardo, el candidato presidencial de la Coalici\u00f3n Colombia,\u2026","rel":"","context":"En \u00abPol\u00edtica\u00bb","block_context":{"text":"Pol\u00edtica","link":"https:\/\/moir.com.co\/web\/category\/temas\/politica\/"},"img":{"alt_text":"","src":"https:\/\/i0.wp.com\/moir.com.co\/web\/wp-content\/uploads\/2018\/06\/boletaelectoral2018.jpeg?fit=236%2C213&ssl=1&resize=350%2C200","width":350,"height":200},"classes":[]},{"id":14195,"url":"https:\/\/moir.com.co\/web\/nos-queda-mucho-mes-al-final-del-sueldo\/","url_meta":{"origin":14234,"position":4},"title":"Nos queda mucho mes al final del sueldo","author":"admin","date":"enero 5, 2018","format":false,"excerpt":"Dar\u00edo Arenas Villegas, Manizales, enero 4 de 2018 Despu\u00e9s de no lograrse un consenso entre gobierno, empresarios y trabajadores, y de que se excluyera irregularmente de las negociaciones a la Central Unitaria de Trabajadores, se fij\u00f3 el incremento del salario m\u00ednimo en Colombia para el 2018 en un 5,9%, lo\u2026","rel":"","context":"En \u00abEconom\u00eda\u00bb","block_context":{"text":"Econom\u00eda","link":"https:\/\/moir.com.co\/web\/category\/temas\/economia\/"},"img":{"alt_text":"","src":"https:\/\/i0.wp.com\/moir.com.co\/web\/wp-content\/uploads\/2018\/01\/salariominimo3.jpg?fit=251%2C201&ssl=1&resize=350%2C200","width":350,"height":200},"classes":[]},{"id":10878,"url":"https:\/\/moir.com.co\/web\/carta-del-senador-robledo-al-senador-cepeda-sobre-la-orientacion-del-polo\/","url_meta":{"origin":14234,"position":5},"title":"Carta del senador Robledo al senador Cepeda sobre la orientaci\u00f3n del Polo","author":"admin","date":"noviembre 4, 2016","format":false,"excerpt":"Senador Jorge Enrique Robledo, Bogot\u00e1, noviembre 4 de 2016 Doctor Iv\u00e1n Cepeda Castro Senador Polo Democr\u00e1tico Alternativo Ciudad Cordial saludo: Sus declaraciones en contra m\u00eda de esta semana me obligan a dirigirle esta carta porque hay cosas que no pueden dejarse pasar (1) y porque lo que est\u00e1 en juego\u2026","rel":"","context":"En \u00abImperialismo y Neoliberalismo\u00bb","block_context":{"text":"Imperialismo y Neoliberalismo","link":"https:\/\/moir.com.co\/web\/category\/temas\/imperialismo-y-neoliberalismo\/"},"img":{"alt_text":"","src":"https:\/\/i0.wp.com\/moir.com.co\/web\/wp-content\/uploads\/2016\/11\/robledocartacepeda.jpg?fit=490%2C245&ssl=1&resize=350%2C200","width":350,"height":200},"classes":[]}],"jetpack_sharing_enabled":true,"_links":{"self":[{"href":"https:\/\/moir.com.co\/web\/wp-json\/wp\/v2\/posts\/14234","targetHints":{"allow":["GET"]}}],"collection":[{"href":"https:\/\/moir.com.co\/web\/wp-json\/wp\/v2\/posts"}],"about":[{"href":"https:\/\/moir.com.co\/web\/wp-json\/wp\/v2\/types\/post"}],"author":[{"embeddable":true,"href":"https:\/\/moir.com.co\/web\/wp-json\/wp\/v2\/users\/1"}],"replies":[{"embeddable":true,"href":"https:\/\/moir.com.co\/web\/wp-json\/wp\/v2\/comments?post=14234"}],"version-history":[{"count":1,"href":"https:\/\/moir.com.co\/web\/wp-json\/wp\/v2\/posts\/14234\/revisions"}],"predecessor-version":[{"id":14235,"href":"https:\/\/moir.com.co\/web\/wp-json\/wp\/v2\/posts\/14234\/revisions\/14235"}],"wp:featuredmedia":[{"embeddable":true,"href":"https:\/\/moir.com.co\/web\/wp-json\/wp\/v2\/media\/14129"}],"wp:attachment":[{"href":"https:\/\/moir.com.co\/web\/wp-json\/wp\/v2\/media?parent=14234"}],"wp:term":[{"taxonomy":"category","embeddable":true,"href":"https:\/\/moir.com.co\/web\/wp-json\/wp\/v2\/categories?post=14234"},{"taxonomy":"post_tag","embeddable":true,"href":"https:\/\/moir.com.co\/web\/wp-json\/wp\/v2\/tags?post=14234"}],"curies":[{"name":"wp","href":"https:\/\/api.w.org\/{rel}","templated":true}]}}