{"id":14230,"date":"2018-01-11T23:15:45","date_gmt":"2018-01-11T23:15:45","guid":{"rendered":"https:\/\/moir.org.co\/web\/?p=14230"},"modified":"2018-01-11T23:15:45","modified_gmt":"2018-01-11T23:15:45","slug":"video-robledo-en-cableimagen-sobre-la-coalicion-colombia-y-su-candidatura-al-senado","status":"publish","type":"post","link":"https:\/\/moir.com.co\/web\/video-robledo-en-cableimagen-sobre-la-coalicion-colombia-y-su-candidatura-al-senado\/","title":{"rendered":"Video: Robledo en Cableimagen sobre la Coalici\u00f3n Colombia y su candidatura al Senado"},"content":{"rendered":"<div id=\"content\" class=\"style-scope ytd-expander\">Estuve recorriendo la localidad de Kennedy en Bogot\u00e1 y convers\u00e9 con el noticiero Cable Imagen sobre la actualidad del pa\u00eds y mi campa\u00f1a al Senado por el Polo Democr\u00e1tico <a class=\"yt-simple-endpoint style-scope yt-formatted-string\" href=\"https:\/\/www.youtube.com\/results?search_query=%23VotoRobledoPolo1\">#VotoRobledoPolo1<\/a><\/div>\n<div>Bogot\u00e1, enero 11 de 2018<\/div>\n","protected":false},"excerpt":{"rendered":"<p>Estuve recorriendo la localidad de Kennedy en Bogot\u00e1 y convers\u00e9 con el noticiero Cable Imagen sobre la actualidad del pa\u00eds y mi campa\u00f1a al Senado por el Polo Democr\u00e1tico #VotoRobledoPolo1 Bogot\u00e1, enero 11 de 2018<\/p>\n","protected":false},"author":1,"featured_media":0,"comment_status":"open","ping_status":"open","sticky":false,"template":"","format":"video","meta":{"advanced_seo_description":"","jetpack_seo_html_title":"","jetpack_seo_noindex":false,"_jetpack_memberships_contains_paid_content":false,"footnotes":""},"categories":[101,102,97,4,98],"tags":[],"class_list":["post-14230","post","type-post","status-publish","format-video","hentry","category-bogota","category-economia","category-imperialismo-y-neoliberalismo","category-jorge-enrique-robledo","category-politica","post_format-post-format-video"],"jetpack_featured_media_url":"","jetpack-related-posts":[{"id":14595,"url":"https:\/\/moir.com.co\/web\/video-completo-acto-de-proclamacion-de-la-candidatura-de-jorge-robledo-al-senado-2018\/","url_meta":{"origin":14230,"position":0},"title":"Video completo: Acto de proclamaci\u00f3n de la candidatura de Jorge Robledo al senado 2018","author":"admin","date":"febrero 27, 2018","format":"video","excerpt":"Gran acto pol\u00edtico del Senador Jorge Robledo con el candidato presidencial Sergio Fajardo y sus f\u00f3rmulas del Polo Democr\u00e1tico Alternativo a la c\u00e1mara de representantes en Bogot\u00e1. Bogot\u00e1, febrero 26 de 2018","rel":"","context":"En \u00abAgro\u00bb","block_context":{"text":"Agro","link":"https:\/\/moir.com.co\/web\/category\/temas\/agro\/"},"img":{"alt_text":"","src":"","width":0,"height":0},"classes":[]},{"id":14465,"url":"https:\/\/moir.com.co\/web\/video-amigo-taxista-no-se-deje-enganar-voto-robledo-senado-polo-1\/","url_meta":{"origin":14230,"position":1},"title":"Video: Amigo taxista: no se deje enga\u00f1ar. Voto Robledo SENADO POLO 1","author":"admin","date":"febrero 12, 2018","format":"video","excerpt":"Los mismos con las mismas son amigos de la ilegalidad, no de los taxistas. Evento con taxistas y la candidata a la c\u00e1mara por Bogot\u00e1 Maria E. Botero POLO 111 #VotoRobledoPOLO1\u00a0Bogot\u00e1, febrero 11 de 2018","rel":"","context":"En \u00abEconom\u00eda\u00bb","block_context":{"text":"Econom\u00eda","link":"https:\/\/moir.com.co\/web\/category\/temas\/economia\/"},"img":{"alt_text":"","src":"","width":0,"height":0},"classes":[]},{"id":10055,"url":"https:\/\/moir.com.co\/web\/comision-v-del-senado-aprueba-citacion-a-enrique-penalosa-para-debate-sobre-el-metro\/","url_meta":{"origin":14230,"position":2},"title":"Comisi\u00f3n V del Senado aprueba citaci\u00f3n a Enrique Pe\u00f1alosa para debate sobre el Metro","author":"admin","date":"marzo 31, 2016","format":false,"excerpt":"El debate se aprob\u00f3 por solicitud del senador Robledo. Se informar\u00e1 fecha y hora del debate de manera oportuna. El pasado martes 29 de marzo la Comisi\u00f3n V del Senado de la Rep\u00fablica aprob\u00f3 por solicitud del senador Jorge Enrique Robledo, la realizaci\u00f3n de un debate de control pol\u00edtico sobre\u2026","rel":"","context":"En \u00abJorge Enrique Robledo\u00bb","block_context":{"text":"Jorge Enrique Robledo","link":"https:\/\/moir.com.co\/web\/category\/jorge-enrique-robledo\/"},"img":{"alt_text":"","src":"","width":0,"height":0},"classes":[]},{"id":16544,"url":"https:\/\/moir.com.co\/web\/mayorias-gobiernistas-en-el-senado-le-niegan-sus-derechos-a-la-oposicion-robledo\/","url_meta":{"origin":14230,"position":3},"title":"Mayor\u00edas gobiernistas en el Senado le niegan sus derechos a la oposici\u00f3n: Robledo","author":"admin","date":"diciembre 5, 2018","format":false,"excerpt":"Oficina de prensa del senador Jorge Enrique Robledo, Bogot\u00e1, diciembre 4 de 2018 \u201cEs un hecho muy grave que las mayor\u00edas afectas al presidente Duque en el Senado le arrebaten sus derechos a la oposici\u00f3n\u201d, expres\u00f3 el senador Robledo ante la negativa de la proposici\u00f3n donde se solicitaba permitir a\u2026","rel":"","context":"En \u00abJorge Enrique Robledo\u00bb","block_context":{"text":"Jorge Enrique Robledo","link":"https:\/\/moir.com.co\/web\/category\/jorge-enrique-robledo\/"},"img":{"alt_text":"","src":"https:\/\/i0.wp.com\/moir.com.co\/web\/wp-content\/uploads\/2018\/12\/oposicionserespeta.jpg?fit=768%2C348&ssl=1&resize=350%2C200","width":350,"height":200,"srcset":"https:\/\/i0.wp.com\/moir.com.co\/web\/wp-content\/uploads\/2018\/12\/oposicionserespeta.jpg?fit=768%2C348&ssl=1&resize=350%2C200 1x, https:\/\/i0.wp.com\/moir.com.co\/web\/wp-content\/uploads\/2018\/12\/oposicionserespeta.jpg?fit=768%2C348&ssl=1&resize=525%2C300 1.5x, https:\/\/i0.wp.com\/moir.com.co\/web\/wp-content\/uploads\/2018\/12\/oposicionserespeta.jpg?fit=768%2C348&ssl=1&resize=700%2C400 2x"},"classes":[]},{"id":16634,"url":"https:\/\/moir.com.co\/web\/video-la-doble-vuelta-en-bogota-es-una-ley-sastre-a-la-medida-de-los-mismos-robledo\/","url_meta":{"origin":14230,"position":4},"title":"Video: La doble vuelta en Bogot\u00e1 es una ley sastre a la medida de los mismos: Robledo","author":"admin","date":"diciembre 17, 2018","format":"video","excerpt":"Intervenci\u00f3n del senador Jorge Enrique Robledo, plenaria del Senado, 16 de diciembre de 2018","rel":"","context":"En \u00abJorge Enrique Robledo\u00bb","block_context":{"text":"Jorge Enrique Robledo","link":"https:\/\/moir.com.co\/web\/category\/jorge-enrique-robledo\/"},"img":{"alt_text":"","src":"","width":0,"height":0},"classes":[]},{"id":15475,"url":"https:\/\/moir.com.co\/web\/video-la-candidatura-de-mockus-representa-a-la-oposicion-a-duque-en-el-senado-robledo\/","url_meta":{"origin":14230,"position":5},"title":"Video: \u201cLa candidatura de Mockus representa a la oposici\u00f3n a Duque en el Senado\u201d: Robledo","author":"admin","date":"julio 21, 2018","format":"video","excerpt":"Intervenciones en la plenaria del 20 de julio de 2018 sobre la postulaci\u00f3n del senador Antanas Mockus a la presidencia del Senado como representante de la oposici\u00f3n. Bogot\u00e1, julio 20 de 2018","rel":"","context":"En \u00abJorge Enrique Robledo\u00bb","block_context":{"text":"Jorge Enrique Robledo","link":"https:\/\/moir.com.co\/web\/category\/jorge-enrique-robledo\/"},"img":{"alt_text":"","src":"","width":0,"height":0},"classes":[]}],"jetpack_sharing_enabled":true,"_links":{"self":[{"href":"https:\/\/moir.com.co\/web\/wp-json\/wp\/v2\/posts\/14230","targetHints":{"allow":["GET"]}}],"collection":[{"href":"https:\/\/moir.com.co\/web\/wp-json\/wp\/v2\/posts"}],"about":[{"href":"https:\/\/moir.com.co\/web\/wp-json\/wp\/v2\/types\/post"}],"author":[{"embeddable":true,"href":"https:\/\/moir.com.co\/web\/wp-json\/wp\/v2\/users\/1"}],"replies":[{"embeddable":true,"href":"https:\/\/moir.com.co\/web\/wp-json\/wp\/v2\/comments?post=14230"}],"version-history":[{"count":1,"href":"https:\/\/moir.com.co\/web\/wp-json\/wp\/v2\/posts\/14230\/revisions"}],"predecessor-version":[{"id":14231,"href":"https:\/\/moir.com.co\/web\/wp-json\/wp\/v2\/posts\/14230\/revisions\/14231"}],"wp:attachment":[{"href":"https:\/\/moir.com.co\/web\/wp-json\/wp\/v2\/media?parent=14230"}],"wp:term":[{"taxonomy":"category","embeddable":true,"href":"https:\/\/moir.com.co\/web\/wp-json\/wp\/v2\/categories?post=14230"},{"taxonomy":"post_tag","embeddable":true,"href":"https:\/\/moir.com.co\/web\/wp-json\/wp\/v2\/tags?post=14230"}],"curies":[{"name":"wp","href":"https:\/\/api.w.org\/{rel}","templated":true}]}}