{"id":14220,"date":"2018-01-11T15:37:53","date_gmt":"2018-01-11T15:37:53","guid":{"rendered":"https:\/\/moir.org.co\/web\/?p=14220"},"modified":"2018-01-11T15:37:53","modified_gmt":"2018-01-11T15:37:53","slug":"coalicion-colombia-rechaza-recorte-de-subsidios-y-regreso-de-gas-natural-fenosa-a-electricaribe","status":"publish","type":"post","link":"https:\/\/moir.com.co\/web\/coalicion-colombia-rechaza-recorte-de-subsidios-y-regreso-de-gas-natural-fenosa-a-electricaribe\/","title":{"rendered":"Coalici\u00f3n Colombia rechaza recorte de subsidios y regreso de Gas Natural Fenosa a Electricaribe"},"content":{"rendered":"<p><strong>Coalici\u00f3n Colombia del Atl\u00e1ntico, Barranquilla, enero 11 de 2018<\/strong><\/p>\n<p>En el inicio del a\u00f1o 2018 se ciernen nubarrones sobre el servicio el\u00e9ctrico de la Costa Atl\u00e1ntica, cuando lo que se requiere es encontrar soluciones favorables a los m\u00e1s de diez millones de habitantes de la regi\u00f3n y de su sector productivo.<\/p>\n<p>Javier Lastra, flamante interventor de Electricaribe con fines de liquidaci\u00f3n a nombre de la Superservicios, a trav\u00e9s de un documento entregado a los medios de comunicaci\u00f3n afirma la posibilidad de entregarle de nuevo la empresa a la trasnacional Gas Natural Fenosa que durante 16 a\u00f1os prest\u00f3 un p\u00e9simo servicio, descrem\u00f3 el mercado, no hizo las inversiones requeridas, desmantel\u00f3 miles de kil\u00f3metros de redes de cobre que vendi\u00f3 en el exterior y las reemplaz\u00f3 por redes de aluminio de mala calidad, se embolsill\u00f3 m\u00e1s de 200.000 millones de pesos de subsidios del FOES en vez de aplicarlos a favor de 400.000 familias de las \u00e1reas especiales. Ahora el gobierno de Juan Manuel Santos pretende eliminar los subsidios a los estratos uno y dos que utilicen m\u00e1s del 50% del consumo de subsistencia de 184 kilovatios hora, lo que llevar\u00eda a una situaci\u00f3n explosiva en todo el pa\u00eds.<\/p>\n<p>La Coalici\u00f3n Colombia del Atl\u00e1ntico, que respalda la candidatura presidencial de Sergio Fajardo, rechaza la pretensi\u00f3n del gobierno de eliminar dichos subsidios a trav\u00e9s de una resoluci\u00f3n del Ministerio de Minas, se opone que Gas Natural Fenosa retome el control del servicio el\u00e9ctrico de la Costa y exige una soluci\u00f3n integral a la crisis el\u00e9ctrica de la Costa consultada con las fuerzas vivas de la regi\u00f3n. Asimismo valoramos la actitud de la Procuradur\u00eda General de la Naci\u00f3n de abrir investigaci\u00f3n contra directivas de Electricaribe y de altos funcionarios del Estado por los desfalcos multimillonarios en los subsidios FOES encontrados por la Contralor\u00eda General de la Rep\u00fablica.<\/p>\n<p>&nbsp;<\/p>\n<p>COALICI\u00d3N COLOMBIA ATL\u00c1NTICO<\/p>\n<p>&nbsp;<\/p>\n<p>COORDINADORES:<\/p>\n<p>DIEGO SAAVEDRA\u00a0\u00a0\u00a0\u00a0\u00a0\u00a0\u00a0\u00a0\u00a0\u00a0\u00a0\u00a0\u00a0\u00a0 ALCI VILLANUEVA\u00a0\u00a0\u00a0\u00a0\u00a0\u00a0\u00a0\u00a0\u00a0\u00a0\u00a0\u00a0 NORMAN ALARC\u00d3N<\/p>\n","protected":false},"excerpt":{"rendered":"<p>Coalici\u00f3n Colombia del Atl\u00e1ntico, Barranquilla, enero 11 de 2018 En el inicio del a\u00f1o 2018 se ciernen nubarrones sobre el servicio el\u00e9ctrico de la Costa Atl\u00e1ntica, cuando lo que se requiere es encontrar soluciones favorables a los m\u00e1s de diez millones de habitantes de la regi\u00f3n y de su sector productivo. Javier Lastra, flamante interventor [&hellip;]<\/p>\n","protected":false},"author":1,"featured_media":14221,"comment_status":"open","ping_status":"open","sticky":false,"template":"","format":"standard","meta":{"advanced_seo_description":"","jetpack_seo_html_title":"","jetpack_seo_noindex":false,"_jetpack_memberships_contains_paid_content":false,"footnotes":""},"categories":[102,97,98,108],"tags":[],"class_list":["post-14220","post","type-post","status-publish","format-standard","has-post-thumbnail","hentry","category-economia","category-imperialismo-y-neoliberalismo","category-politica","category-servicios-publicos-articulos-de-actualidad"],"jetpack_featured_media_url":"https:\/\/i0.wp.com\/moir.com.co\/web\/wp-content\/uploads\/2018\/01\/electricaribefuera.jpg?fit=318%2C159&ssl=1","jetpack-related-posts":[{"id":14438,"url":"https:\/\/moir.com.co\/web\/toda-la-costa-atlantica-a-decir-no-mas-gas-natural-fenosa\/","url_meta":{"origin":14220,"position":0},"title":"Toda la Costa Atl\u00e1ntica a decir NO MAS Gas Natural Fenosa","author":"admin","date":"febrero 8, 2018","format":false,"excerpt":"Polo Democr\u00e1tico Alternativo del Atl\u00e1ntico, Barranquilla, febrero 8 de 2018 El balance de quince meses de intervenci\u00f3n de Electricaribe por la Superintendencia de Servicios P\u00fablicos no puede ser m\u00e1s l\u00e1nguido y preocupante. El diagn\u00f3stico de la crisis del servicio el\u00e9ctrico en la Regi\u00f3n Caribe es claro para amplios sectores de\u2026","rel":"","context":"En \u00abEconom\u00eda\u00bb","block_context":{"text":"Econom\u00eda","link":"https:\/\/moir.com.co\/web\/category\/temas\/economia\/"},"img":{"alt_text":"","src":"https:\/\/i0.wp.com\/moir.com.co\/web\/wp-content\/uploads\/2017\/11\/electricaribenomas.png?fit=729%2C427&ssl=1&resize=350%2C200","width":350,"height":200,"srcset":"https:\/\/i0.wp.com\/moir.com.co\/web\/wp-content\/uploads\/2017\/11\/electricaribenomas.png?fit=729%2C427&ssl=1&resize=350%2C200 1x, https:\/\/i0.wp.com\/moir.com.co\/web\/wp-content\/uploads\/2017\/11\/electricaribenomas.png?fit=729%2C427&ssl=1&resize=525%2C300 1.5x, https:\/\/i0.wp.com\/moir.com.co\/web\/wp-content\/uploads\/2017\/11\/electricaribenomas.png?fit=729%2C427&ssl=1&resize=700%2C400 2x"},"classes":[]},{"id":11896,"url":"https:\/\/moir.com.co\/web\/no-mas-gas-natural-fenosa-electricaribe-en-la-costa\/","url_meta":{"origin":14220,"position":1},"title":"No m\u00e1s Gas Natural Fenosa-Electricaribe en la Costa","author":"admin","date":"marzo 14, 2017","format":false,"excerpt":"Barranquilla, marzo 13 de 2017 No hay plazo que no se cumpla ni fecha que no llegue. Despu\u00e9s de cuatro meses de haber sido intervenida Electricaribe por la Superservicios por razones de mucho peso: haber entrado en cesaci\u00f3n de pagos a los generadores de energ\u00eda y la imposibilidad de prestar\u2026","rel":"","context":"En \u00abEconom\u00eda\u00bb","block_context":{"text":"Econom\u00eda","link":"https:\/\/moir.com.co\/web\/category\/temas\/economia\/"},"img":{"alt_text":"","src":"","width":0,"height":0},"classes":[]},{"id":16565,"url":"https:\/\/moir.com.co\/web\/carta-abierta-propuesta-sobre-electricaribe-a-los-gobernadores-y-demas-ciudadanos-de-la-costa-atlantica\/","url_meta":{"origin":14220,"position":2},"title":"Carta abierta: Propuesta sobre Electricaribe a los gobernadores y dem\u00e1s ciudadanos de la Costa Atl\u00e1ntica","author":"admin","date":"diciembre 8, 2018","format":false,"excerpt":"Senador Jorge Enrique Robledo, Bogot\u00e1, diciembre 6 de 2018 Cordial saludo: En relaci\u00f3n con lo dicho por el Presidente Iv\u00e1n Duque y su ministra de Minas sobre el futuro de Electricaribe, perm\u00edtanle a este cachaco que aprecia mucho a los coste\u00f1os hacerles unos comentarios, los cuales adem\u00e1s vienen de a\u00f1os\u2026","rel":"","context":"En \u00abEconom\u00eda\u00bb","block_context":{"text":"Econom\u00eda","link":"https:\/\/moir.com.co\/web\/category\/temas\/economia\/"},"img":{"alt_text":"","src":"","width":0,"height":0},"classes":[]},{"id":13027,"url":"https:\/\/moir.com.co\/web\/gas-natural-fenosa-no-puede-regresar-a-la-costa-atlantica\/","url_meta":{"origin":14220,"position":3},"title":"Gas Natural Fenosa no puede regresar a la Costa Atl\u00e1ntica","author":"admin","date":"agosto 3, 2017","format":false,"excerpt":"Barranquilla, agosto 2 de 2017 Declaraci\u00f3n de Vocales de Control, Indignados y comunales de la Costa sobre intervenci\u00f3n y fraudes de Electricaribe le\u00edda por Norman Alarc\u00f3n ante el Superintendente de Servicios P\u00fablicos, los gobernadores de Atl\u00e1ntico y Bol\u00edvar, sectores gremiales, vocales de control, indignados en Barranquilla el 2 de agosto\u2026","rel":"","context":"En \u00abEconom\u00eda\u00bb","block_context":{"text":"Econom\u00eda","link":"https:\/\/moir.com.co\/web\/category\/temas\/economia\/"},"img":{"alt_text":"","src":"https:\/\/i0.wp.com\/moir.com.co\/web\/wp-content\/uploads\/2017\/08\/Electricaribevocales.jpg?fit=770%2C432&ssl=1&resize=350%2C200","width":350,"height":200,"srcset":"https:\/\/i0.wp.com\/moir.com.co\/web\/wp-content\/uploads\/2017\/08\/Electricaribevocales.jpg?fit=770%2C432&ssl=1&resize=350%2C200 1x, https:\/\/i0.wp.com\/moir.com.co\/web\/wp-content\/uploads\/2017\/08\/Electricaribevocales.jpg?fit=770%2C432&ssl=1&resize=525%2C300 1.5x, https:\/\/i0.wp.com\/moir.com.co\/web\/wp-content\/uploads\/2017\/08\/Electricaribevocales.jpg?fit=770%2C432&ssl=1&resize=700%2C400 2x"},"classes":[]},{"id":11052,"url":"https:\/\/moir.com.co\/web\/que-intervencion-de-electricaribe-no-incluya-darle-billones-a-gas-natural-fenosa-robledo-2\/","url_meta":{"origin":14220,"position":4},"title":"Que intervenci\u00f3n de Electricaribe no incluya darle billones a Gas Natural Fenosa: Robledo","author":"admin","date":"noviembre 15, 2016","format":false,"excerpt":"Oficina de prensa del senador Jorge Enrique Robledo, Bogot\u00e1, noviembre 15 de 2016 El senador Jorge Enrique Robledo se pronunci\u00f3 sobre la intervenci\u00f3n de Electricaribe por parte del gobierno nacional. Robledo, quien ya hab\u00eda solicitado la intervenci\u00f3n de la trasnacional con miras a su liquidaci\u00f3n, alert\u00f3 desde su cuenta de\u2026","rel":"","context":"En \u00abEconom\u00eda\u00bb","block_context":{"text":"Econom\u00eda","link":"https:\/\/moir.com.co\/web\/category\/temas\/economia\/"},"img":{"alt_text":"","src":"https:\/\/i0.wp.com\/moir.com.co\/web\/wp-content\/uploads\/2016\/10\/robledosenado2016.jpg?fit=600%2C400&ssl=1&resize=350%2C200","width":350,"height":200,"srcset":"https:\/\/i0.wp.com\/moir.com.co\/web\/wp-content\/uploads\/2016\/10\/robledosenado2016.jpg?fit=600%2C400&ssl=1&resize=350%2C200 1x, https:\/\/i0.wp.com\/moir.com.co\/web\/wp-content\/uploads\/2016\/10\/robledosenado2016.jpg?fit=600%2C400&ssl=1&resize=525%2C300 1.5x"},"classes":[]},{"id":12034,"url":"https:\/\/moir.com.co\/web\/la-compleja-situacion-de-electricaribe-toda-la-costa-y-colombia-en-pie-contra-gas-natural-fenosa\/","url_meta":{"origin":14220,"position":5},"title":"La compleja situaci\u00f3n de Electricaribe:  toda la Costa y Colombia en pie contra Gas Natural Fenosa","author":"admin","date":"abril 3, 2017","format":false,"excerpt":"Norman Alarc\u00f3n Rodas, Barranquilla, marzo 1 de 2017 LA DEMANDA. La respuesta de la multinacional Gas Natural Fenosa (accionista mayoritaria de Electricaribe con el 85,38%) a la justa intervenci\u00f3n con fines de liquidaci\u00f3n de la Superservicios ha sido desenfrenada y virulenta a trav\u00e9s de una demanda de tipo colonial ante\u2026","rel":"","context":"En \u00abEconom\u00eda\u00bb","block_context":{"text":"Econom\u00eda","link":"https:\/\/moir.com.co\/web\/category\/temas\/economia\/"},"img":{"alt_text":"","src":"","width":0,"height":0},"classes":[]}],"jetpack_sharing_enabled":true,"_links":{"self":[{"href":"https:\/\/moir.com.co\/web\/wp-json\/wp\/v2\/posts\/14220","targetHints":{"allow":["GET"]}}],"collection":[{"href":"https:\/\/moir.com.co\/web\/wp-json\/wp\/v2\/posts"}],"about":[{"href":"https:\/\/moir.com.co\/web\/wp-json\/wp\/v2\/types\/post"}],"author":[{"embeddable":true,"href":"https:\/\/moir.com.co\/web\/wp-json\/wp\/v2\/users\/1"}],"replies":[{"embeddable":true,"href":"https:\/\/moir.com.co\/web\/wp-json\/wp\/v2\/comments?post=14220"}],"version-history":[{"count":1,"href":"https:\/\/moir.com.co\/web\/wp-json\/wp\/v2\/posts\/14220\/revisions"}],"predecessor-version":[{"id":14222,"href":"https:\/\/moir.com.co\/web\/wp-json\/wp\/v2\/posts\/14220\/revisions\/14222"}],"wp:featuredmedia":[{"embeddable":true,"href":"https:\/\/moir.com.co\/web\/wp-json\/wp\/v2\/media\/14221"}],"wp:attachment":[{"href":"https:\/\/moir.com.co\/web\/wp-json\/wp\/v2\/media?parent=14220"}],"wp:term":[{"taxonomy":"category","embeddable":true,"href":"https:\/\/moir.com.co\/web\/wp-json\/wp\/v2\/categories?post=14220"},{"taxonomy":"post_tag","embeddable":true,"href":"https:\/\/moir.com.co\/web\/wp-json\/wp\/v2\/tags?post=14220"}],"curies":[{"name":"wp","href":"https:\/\/api.w.org\/{rel}","templated":true}]}}