{"id":14210,"date":"2018-01-10T22:42:29","date_gmt":"2018-01-10T22:42:29","guid":{"rendered":"https:\/\/moir.org.co\/web\/?p=14210"},"modified":"2018-01-10T22:42:29","modified_gmt":"2018-01-10T22:42:29","slug":"economia-y-dependencia-estructural-suramericana","status":"publish","type":"post","link":"https:\/\/moir.com.co\/web\/economia-y-dependencia-estructural-suramericana\/","title":{"rendered":"Econom\u00eda y dependencia estructural suramericana"},"content":{"rendered":"<p><strong>Amaury N\u00fa\u00f1ez, Medell\u00edn, enero 2 de 2018<\/strong><\/p>\n<p>En lo que va de siglo, los pa\u00edses suramericanos, cuya base productiva se ha concentrado en las materias primas agr\u00edcolas y mineras, experimentaron dos hechos que incidieron profundamente en su desarrollo.<\/p>\n<p>El primero de ellos fue el auge de las materias primas en el mundo, particularmente el aumento del precio internacional del petr\u00f3leo y la bonanza que desencaden\u00f3 para las econom\u00edas de la regi\u00f3n que vieron aumentar sus rentas de dicha fuente. Una de las consecuencias fue el aumento de los flujos de capitales hacia el vecindario.<\/p>\n<p>Segundo, el cambio de agenda de desarrollo sucedido en algunos pa\u00edses, que permiti\u00f3 posicionar temas alternativos y plantear tipos de integraci\u00f3n regional diferentes a las que tradicionalmente se hab\u00edan presentado.<\/p>\n<p><span id=\"more-384\"><\/span>Como parte de su pol\u00edtica para recuperarse de la crisis econ\u00f3mica originada en las hipotecas subprime, los Estados Unidos pusieron en marcha una acentuada pol\u00edtica de expansi\u00f3n monetaria que le permitiera aumentar su tasa de ganancia en el \u00e1mbito financiero y comercial.<\/p>\n<p>Ese periodo de expansi\u00f3n monetaria fue del a\u00f1o 2009 a 2012. Los agregados monetarios crecieron en un 22,8%, los papeles del tesoro 33,5%, y su deuda p\u00fablica creci\u00f3 22%, al pasar de representar el 82,4 al 100.2 % del PIB.<\/p>\n<p>Entre tanto su d\u00e9ficit fiscal pas\u00f3 de representar el 9,8 a 6,8% PIB. Para el a\u00f1o 2013 los Estados Unidos iniciaron una pol\u00edtica contractiva consistente en recoger los d\u00f3lares que irrigaron en el mundo, reversando los flujos de capital que caracteriz\u00f3 el periodo expansivo.<\/p>\n<p>Tomemos los precios de los\u00a0<em>commodities<\/em>\u00a0en el periodo comprendido entre 1992 y 2015, descontando petr\u00f3leo. A su vez, los ciclos de auge y ca\u00edda de los flujos de capital en el periodo comprendido entre 1986 y 2015.<\/p>\n<p>Lo que obtendremos es que nunca hab\u00eda sido tan elevado el auge de los precios de los\u00a0<em>commodities<\/em>\u00a0ni el auge de los flujos de capital como lo fue en la d\u00e9cada de 1999 a 2011, ni tan precipitado el declive de estos en los a\u00f1os que van de 2011 a 2015.<\/p>\n<p>Luego no ser\u00eda descabellado afirmar que buena parte del estancamiento de algunas econom\u00edas regionales recientemente se debe a los severos efectos que tuvieron dos de sus principales fuentes de financiamiento.<\/p>\n<p><strong>Variaciones en flujo de capital y precios de los\u00a0<em>commodities<\/em>.<\/strong><\/p>\n<table class=\" aligncenter\" width=\"558\">\n<tbody>\n<tr>\n<td colspan=\"2\" width=\"273\"><strong>Auges y ca\u00eddas en los flujos de capital<\/strong><\/td>\n<td colspan=\"2\" width=\"285\"><strong>Ciclos en los precios de los\u00a0<em>commodities<\/em>\u00a0(sin petr\u00f3leo)<\/strong><\/td>\n<\/tr>\n<tr>\n<td width=\"145\">Periodo<\/td>\n<td width=\"127\">Variaci\u00f3n<\/td>\n<td width=\"152\">Periodo<\/td>\n<td width=\"133\">Variaci\u00f3n<\/td>\n<\/tr>\n<tr>\n<td width=\"145\"><em>1986-1991<\/em><\/td>\n<td width=\"127\">6,1<\/td>\n<td width=\"152\"><em>1992-1997<\/em><\/td>\n<td width=\"133\">15,7<\/td>\n<\/tr>\n<tr>\n<td width=\"145\"><em>1991-1999<\/em><\/td>\n<td width=\"127\">-9<\/td>\n<td width=\"152\"><em>1997-1999<\/em><\/td>\n<td width=\"133\">-16,7<\/td>\n<\/tr>\n<tr>\n<td width=\"145\"><em>1999-2011<\/em><\/td>\n<td width=\"127\">18,3<\/td>\n<td width=\"152\"><em>1999-2011<\/em><\/td>\n<td width=\"133\">88,7<\/td>\n<\/tr>\n<tr>\n<td width=\"145\"><em>2011-2015<\/em><\/td>\n<td width=\"127\">-15,9<\/td>\n<td width=\"152\"><em>2011-2015<\/em><\/td>\n<td width=\"133\">-25,1<\/td>\n<\/tr>\n<\/tbody>\n<\/table>\n<h5>Elaboraci\u00f3n propia. Fuente: Su\u00e1rez (2016). Con base en datos de Reinhart (2016).<\/h5>\n<p>Los efectos sobre la regi\u00f3n pueden advertirse con una sola comparaci\u00f3n a las variaciones del comercio mundial con relaci\u00f3n a la regi\u00f3n, donde buena parte de su explicaci\u00f3n se halla en los aspectos monetarios anteriormente descritos.<\/p>\n<p>A partir de su comportamiento entre los a\u00f1os 2014 y 2016, si consideramos el comercio mundial en su variaci\u00f3n respecto a\u00a0<em>valor<\/em>\u00a0la reducci\u00f3n registrada es de 16,1, en\u00a0<em>precio<\/em>\u00a017,1, y en\u00a0<em>volumen<\/em>\u00a0un leve aumento del 0,9%.<\/p>\n<p>Sin embargo, esos datos negativos son mucho m\u00e1s pronunciadas en el terreno de las exportaciones de ALC, en tanto el\u00a0<em>valor<\/em>\u00a0registra una variaci\u00f3n de 21,1, el\u00a0<em>precio<\/em>\u00a0de 18,6 y el\u00a0<em>volumen<\/em>\u00a0del 2,6%.<\/p>\n<p>Si tenemos en cuenta el promedio del crecimiento econ\u00f3mico en los a\u00f1os inmediatamente anteriores y posteriores al cambio en la pol\u00edtica monetaria norteamericana y su efecto en una selecci\u00f3n de regiones del mundo, tendremos que mientras los Estados Unidos han logrado mantener las tasas de crecimiento econ\u00f3mico en un nivel muy similar, el resto de regiones no.<\/p>\n<p><strong>Promedios del crecimiento econ\u00f3mico (%). Regiones seleccionadas.<\/strong><\/p>\n<p><img data-recalc-dims=\"1\" decoding=\"async\" class=\" size-full wp-image-388 aligncenter\" src=\"https:\/\/contrapuntosco.files.wordpress.com\/2017\/05\/image.png?w=800\" alt=\"image\" \/><\/p>\n<h5>Elaboraci\u00f3n propia. Con datos sobre las cuentas nacionales del Banco Mundial y archivos de datos sobre cuentas nacionales de la OCDE, Banco Mundial (en l\u00ednea).<\/h5>\n<p>Siguiendo con la misma l\u00ednea, de las decisiones sobre la tasa de inter\u00e9s depende que tan fuerte sea el golpe para otras econom\u00edas, \u201cacorde con el grado de exposici\u00f3n que haya asumido para capturarlos d\u00f3lares irrigados por la emisi\u00f3n estadounidense en la fase de expansi\u00f3n monetaria del d\u00f3lar\u201d (Su\u00e1rez, 2016, p. 176).<\/p>\n<h5><strong>Variaci\u00f3n del comercio mundial y las exportaciones de Am\u00e9rica Latina y el Caribe. 2014-2016.<\/strong><img data-recalc-dims=\"1\" decoding=\"async\" class=\" size-full wp-image-389 aligncenter\" src=\"https:\/\/contrapuntosco.files.wordpress.com\/2017\/05\/image-1.png?w=800\" alt=\"image (1)\" \/>Fuente: Ramos (2016). Elaboraci\u00f3n propia.<\/h5>\n<p>Para integrarse a los procesos de acumulaci\u00f3n de capital internacionales las econom\u00edas latinoamericanas, acogiendo los postulados del Consenso de Washington, han orientado su producci\u00f3n a las materias primas agr\u00edcolas y mineras, en funci\u00f3n de las exportaciones.<\/p>\n<p>Una alternativa para el desarrollo debe partir de eliminar esa dependencia, a trav\u00e9s de una pol\u00edtica de modernizaci\u00f3n productiva para la regi\u00f3n y sus naciones, que fortalezca la industria manufacturera e invierta en investigaci\u00f3n y alta tecnolog\u00eda. Esa ser\u00e1 la \u00fanica v\u00eda para que, a trav\u00e9s de una amplia convergencia, exista una base material que d\u00e9 lugar a una mejor salud econ\u00f3mica.<\/p>\n<p><strong>Amaury N\u00fa\u00f1ez |\u00a0<a href=\"https:\/\/twitter.com\/AmauryNG\" target=\"_blank\" rel=\"noopener\">@AmauryNG<\/a><\/strong><\/p>\n<p>Algunos datos en:<\/p>\n<p>Ramos M., Alejandro (2016). Conferencia\u00a0<em>\u201cLa encrucijada de las exportaciones\u201d.<\/em>\u00a0Intal, Integraci\u00f3n Regional 4.0, BID. 5 de octubre de 2016. [En:\u00a0\u00a0<a href=\"http:\/\/www19.iadb.org\/\">http:\/\/www19.iadb.org\/<\/a>]<\/p>\n<p>Su\u00e1rez, Aurelio (2016). Econom\u00eda de los Estados Unidos: la crisis del 2008 y las pol\u00edticas de rescate de Obama. Obamanomics. Bogot\u00e1 D.C., (Ed.) Aurora.<\/p>\n","protected":false},"excerpt":{"rendered":"<p>Amaury N\u00fa\u00f1ez, Medell\u00edn, enero 2 de 2018 En lo que va de siglo, los pa\u00edses suramericanos, cuya base productiva se ha concentrado en las materias primas agr\u00edcolas y mineras, experimentaron dos hechos que incidieron profundamente en su desarrollo. El primero de ellos fue el auge de las materias primas en el mundo, particularmente el aumento [&hellip;]<\/p>\n","protected":false},"author":1,"featured_media":14211,"comment_status":"open","ping_status":"open","sticky":false,"template":"","format":"standard","meta":{"advanced_seo_description":"","jetpack_seo_html_title":"","jetpack_seo_noindex":false,"_jetpack_memberships_contains_paid_content":false,"footnotes":""},"categories":[102,97,105,98],"tags":[],"class_list":["post-14210","post","type-post","status-publish","format-standard","has-post-thumbnail","hentry","category-economia","category-imperialismo-y-neoliberalismo","category-internacional-articulos-de-actualidad","category-politica"],"jetpack_featured_media_url":"https:\/\/i0.wp.com\/moir.com.co\/web\/wp-content\/uploads\/2018\/01\/imperialismoamericasurdependencia.jpeg?fit=255%2C198&ssl=1","jetpack-related-posts":[{"id":15679,"url":"https:\/\/moir.com.co\/web\/la-salida-de-unasur-esta-disfrazada-de-libre-comercio\/","url_meta":{"origin":14210,"position":0},"title":"La salida de Unasur est\u00e1 disfrazada de libre comercio","author":"admin","date":"agosto 20, 2018","format":false,"excerpt":"Amaury N\u00fa\u00f1ez Gonz\u00e1lez, Medell\u00edn, agosto 18 de 2018 La primera medida de pol\u00edtica regional de Duque fue el retiro de Colombia\u00a0de la Unasur, una decisi\u00f3n que expresa continuidad en la pol\u00edtica exterior que hist\u00f3ricamente ha ejercido el pa\u00eds en la regi\u00f3n. El gobierno de Iv\u00e1n Duque retir\u00f3 a Colombia de\u2026","rel":"","context":"En \u00abAgro\u00bb","block_context":{"text":"Agro","link":"https:\/\/moir.com.co\/web\/category\/temas\/agro\/"},"img":{"alt_text":"","src":"","width":0,"height":0},"classes":[]},{"id":1572,"url":"https:\/\/moir.com.co\/web\/manifiesto-de-cochabamba\/","url_meta":{"origin":14210,"position":1},"title":"MANIFIESTO DE COCHABAMBA","author":"admin","date":"diciembre 11, 2006","format":false,"excerpt":"Cochabamba, Bolivia, diciembre 9 de 2006 Entre el 6 y el 9 de diciembre se realiz\u00f3 en Cochabamba la Cumbre de los Pueblos, organizada por la Alianza Social Continental en la cual confluyen los movimientos sociales, redes nacionales y continentales m\u00e1s importantes de Am\u00e9rica. Esta cumbre entreg\u00f3 a la Cumbre\u2026","rel":"","context":"En \u00ab\u00a1No a los TLC y al ALCA!\u00bb","block_context":{"text":"\u00a1No a los TLC y al ALCA!","link":"https:\/\/moir.com.co\/web\/category\/temas\/no-a-los-tlc-y-al-alca\/"},"img":{"alt_text":"","src":"","width":0,"height":0},"classes":[]},{"id":2235,"url":"https:\/\/moir.com.co\/web\/decae-la-economia-segun-cifras-oficiales\/","url_meta":{"origin":14210,"position":2},"title":"DECAE LA ECONOM\u00cdA SEG\u00daN CIFRAS OFICIALES","author":"admin","date":"marzo 28, 2008","format":false,"excerpt":"Norman Alarc\u00f3n Rodas, Barranquilla, marzo 28 de 2008 Los analistas de la marcha econ\u00f3mica coinciden en que el auge que se ven\u00eda presentando en la econom\u00eda internacional es cosa del pasado. La crisis de las deudas hipotecarias en Estados Unidos y la depreciaci\u00f3n del d\u00f3lar han producido una sacudida que\u2026","rel":"","context":"En \u00abTemas\u00bb","block_context":{"text":"Temas","link":"https:\/\/moir.com.co\/web\/category\/temas\/"},"img":{"alt_text":"","src":"","width":0,"height":0},"classes":[]},{"id":20049,"url":"https:\/\/moir.com.co\/web\/victoria-en-la-construccion-de-la-economia-socialista\/","url_meta":{"origin":14210,"position":3},"title":"VICTORIA EN LA CONSTRUCCI\u00d3N DE LA ECONOM\u00cdA SOCIALISTA","author":"admin","date":"agosto 29, 2004","format":false,"excerpt":"Apartes del art\u00edculo aparecido en diciembre de 1974 de la revista China Ilustrada. Por Sing Jua En los 25 a\u00f1os transcurridos desde la fundaci\u00f3n de la Rep\u00fablica Popular China, bajo la direcci\u00f3n del Presidente Mao Tsetung y del partido Comunista de China, nuestro pueblo ha logrado una gran victoria en\u2026","rel":"","context":"En \u00abTribuna Roja N\u00ba 23, septiembre de 1976\u00bb","block_context":{"text":"Tribuna Roja N\u00ba 23, septiembre de 1976","link":"https:\/\/moir.com.co\/web\/category\/tribuna-roja\/ediciones-1975-1979\/tribuna-roja-no-23-septiembre-de-1976\/"},"img":{"alt_text":"","src":"","width":0,"height":0},"classes":[]},{"id":3532,"url":"https:\/\/moir.com.co\/web\/chile-los-tlc-y-rol-subsidario-del-estado-dos-escollos-para-el-desarrollo-nacional\/","url_meta":{"origin":14210,"position":4},"title":"Chile: Los TLC y rol subsidario del Estado: Dos escollos para el desarrollo nacional","author":"admin","date":"septiembre 16, 2009","format":false,"excerpt":"Un reciente informe de la Direcci\u00f3n Econ\u00f3mica de la Canciller\u00eda (DIRECON) entrega detalles interesantes sobre el comportamiento comercial chileno. Tras a\u00f1os de abogar por TLC, la zona de donde nuestro pa\u00eds m\u00e1s importa productos es el MERCOSUR, esquema de integraci\u00f3n latinoamericano con el cual no tenemos TLC. Si sumamos los\u2026","rel":"","context":"En \u00ab\u00a1No a los TLC y al ALCA!\u00bb","block_context":{"text":"\u00a1No a los TLC y al ALCA!","link":"https:\/\/moir.com.co\/web\/category\/temas\/no-a-los-tlc-y-al-alca\/"},"img":{"alt_text":"","src":"","width":0,"height":0},"classes":[]},{"id":913,"url":"https:\/\/moir.com.co\/web\/hacia-donde-va-la-economia-mexicana\/","url_meta":{"origin":14210,"position":5},"title":"\u00bfHACIA DONDE VA LA ECONOMIA MEXICANA?","author":"admin","date":"agosto 12, 2004","format":false,"excerpt":"El Banco de M\u00e9xico (BdeM) dio a conocer ayer que la inflaci\u00f3n entre febrero de 2003 y el mismo mes del presente a\u00f1o se sit\u00fao en 4.53 por ciento, tasa significativamente superior a las previsiones oficiales, que la colocaban en 3 por ciento. En consecuencia, el banco central determin\u00f3 incrementar\u2026","rel":"","context":"En \u00abRevista de Prensa\u00bb","block_context":{"text":"Revista de Prensa","link":"https:\/\/moir.com.co\/web\/category\/prensa\/revista-de-prensa\/"},"img":{"alt_text":"","src":"","width":0,"height":0},"classes":[]}],"jetpack_sharing_enabled":true,"_links":{"self":[{"href":"https:\/\/moir.com.co\/web\/wp-json\/wp\/v2\/posts\/14210","targetHints":{"allow":["GET"]}}],"collection":[{"href":"https:\/\/moir.com.co\/web\/wp-json\/wp\/v2\/posts"}],"about":[{"href":"https:\/\/moir.com.co\/web\/wp-json\/wp\/v2\/types\/post"}],"author":[{"embeddable":true,"href":"https:\/\/moir.com.co\/web\/wp-json\/wp\/v2\/users\/1"}],"replies":[{"embeddable":true,"href":"https:\/\/moir.com.co\/web\/wp-json\/wp\/v2\/comments?post=14210"}],"version-history":[{"count":1,"href":"https:\/\/moir.com.co\/web\/wp-json\/wp\/v2\/posts\/14210\/revisions"}],"predecessor-version":[{"id":14212,"href":"https:\/\/moir.com.co\/web\/wp-json\/wp\/v2\/posts\/14210\/revisions\/14212"}],"wp:featuredmedia":[{"embeddable":true,"href":"https:\/\/moir.com.co\/web\/wp-json\/wp\/v2\/media\/14211"}],"wp:attachment":[{"href":"https:\/\/moir.com.co\/web\/wp-json\/wp\/v2\/media?parent=14210"}],"wp:term":[{"taxonomy":"category","embeddable":true,"href":"https:\/\/moir.com.co\/web\/wp-json\/wp\/v2\/categories?post=14210"},{"taxonomy":"post_tag","embeddable":true,"href":"https:\/\/moir.com.co\/web\/wp-json\/wp\/v2\/tags?post=14210"}],"curies":[{"name":"wp","href":"https:\/\/api.w.org\/{rel}","templated":true}]}}