{"id":14208,"date":"2018-01-09T16:57:41","date_gmt":"2018-01-09T16:57:41","guid":{"rendered":"https:\/\/moir.org.co\/web\/?p=14208"},"modified":"2018-01-09T16:57:41","modified_gmt":"2018-01-09T16:57:41","slug":"un-minimo-manipulado","status":"publish","type":"post","link":"https:\/\/moir.com.co\/web\/un-minimo-manipulado\/","title":{"rendered":"Un m\u00ednimo manipulado"},"content":{"rendered":"<p><strong>Jos\u00e9 Arlex Arias, Cartagena, enero 9 de 2018<\/strong><\/p>\n<p>El abucheo fuerte y consistente que los colombianos le asestaron al presidente Santos en Cartagena, cuando se desplazaba por el centro amurallado para asistir a una fiesta a despedir al a\u00f1o viejo y darle la bienvenida al 2018, retrata el sentimiento del resto del pa\u00eds, confirmando que las encuestas escasamente le dan un 22% de aprobaci\u00f3n a su gesti\u00f3n. Y la rechifla no fue ocasional porque circulaba por una zona restringida a los veh\u00edculos, como lo disimulan sus \u00e1ulicos en los grandes medios de comunicaci\u00f3n; \u00a1no!, fue una reacci\u00f3n consciente ante la grave situaci\u00f3n de corrupci\u00f3n, miseria, pobreza, desempleo, informalidad, arrasamiento del aparato productivo e inseguridad en que su gobierno tiene casi que postrado al pa\u00eds.<\/p>\n<p>&nbsp;<\/p>\n<p>Su \u00faltimo desafuero tuvo que ver con la manipulaci\u00f3n que hizo para imponernos &#8220;una supuesta concertaci\u00f3n&#8221; del incremento del salario m\u00ednimo legal. En este tema toca advertir: i) La conciliaci\u00f3n o concertaci\u00f3n es la herramienta preferida de los neoliberales para imponer sus medidas, buscando beneficiar a los m\u00e1s poderosos, pero con el visto bueno de los m\u00e1s pobres; para ello acuden a la cooptaci\u00f3n de los dirigentes sociales y sindicales que faciliten la ejecuci\u00f3n de su pol\u00edtica; ii) hist\u00f3ricamente las Centrales Obreras y pensionados han rechazado las propuestas de aumento del salario m\u00ednimo, tanto del Gobierno como de los empresarios, porque en la Mesa de Concertaci\u00f3n no se discuten otros aspectos que inciden en el poder adquisitivo; pero adem\u00e1s porque los porcentajes de incremento no corresponden a la realidad de los precios de los bienes y servicios; iii) acudiendo a la manipulaci\u00f3n, cual jugador de p\u00f3ker, el gobierno de Santos coopt\u00f3 unos dirigentes &#8220;bonzos&#8221; sindicales y de los pensionados, excluyendo a la mayor y m\u00e1s fuerte central obrera, la CUT, para imponer un p\u00edrrico aumento al salario m\u00ednimo del 5,9% para ubicarlo en $781.242 para el 2018, lo que significa un incremento de $43.500 al mes, o sea, $1.450 al d\u00eda.<\/p>\n<p>&nbsp;<\/p>\n<p>Colombia tiene uno de los salarios m\u00ednimos m\u00e1s bajos de Am\u00e9rica, equivalente a 265 d\u00f3lares, mientras que en Argentina es de 544; en Chile, 456; Uruguay: 431, Ecuador: 391, Paraguay: 371, Brasil: 325, Bolivia: 295, Per\u00fa: 268, M\u00e9xico: 174 y Venezuela: 74. O sea, nos encontramos m\u00e1s cerca de Venezuela y M\u00e9xico que de los mejores; llama la atenci\u00f3n que Per\u00fa, Bolivia y Ecuador nos han superado. Si nos comparamos con otras regiones del mundo, se nota a\u00fan m\u00e1s nuestro rezago: El salario m\u00ednimo en Estados Unidos es de 7,25 d\u00f3lares la hora, o sea, 1.160 al mes, en Canad\u00e1 es de 11 d\u00f3lares la hora, cerca de 1.760 al mes; Jap\u00f3n: 2.374 d\u00f3lares al mes; Espa\u00f1a: 713; Alemania: 1.797; Luxemburgo: 2.400; Francia: 1.776; B\u00e9lgica: 1.874 e Irlanda: 1.803 d\u00f3lares. Estos datos var\u00edan seg\u00fan el cambio del d\u00f3lar y las fechas en que se hacen los incrementos, pero nos da una idea real de d\u00f3nde estamos ubicados y es uno de los indicadores que reconfirman a Colombia como uno de los pa\u00edses m\u00e1s desiguales del mundo, con una baja distribuci\u00f3n de la riqueza que est\u00e1 concentrada en pocas manos.<\/p>\n<p>&nbsp;<\/p>\n<p>En las pr\u00f3ximas elecciones tenemos la oportunidad de cambiar, derrotando a los mismos con las mismas, aislando a los &#8220;bonzos&#8221; que nos inmolan para beneficiar a esos cuantos poderosos. Nos lleg\u00f3 el turno: \u00a1Ahora le toca a los colombianos!<\/p>\n","protected":false},"excerpt":{"rendered":"<p>Jos\u00e9 Arlex Arias, Cartagena, enero 9 de 2018 El abucheo fuerte y consistente que los colombianos le asestaron al presidente Santos en Cartagena, cuando se desplazaba por el centro amurallado para asistir a una fiesta a despedir al a\u00f1o viejo y darle la bienvenida al 2018, retrata el sentimiento del resto del pa\u00eds, confirmando que [&hellip;]<\/p>\n","protected":false},"author":1,"featured_media":14059,"comment_status":"open","ping_status":"open","sticky":false,"template":"","format":"standard","meta":{"advanced_seo_description":"","jetpack_seo_html_title":"","jetpack_seo_noindex":false,"_jetpack_memberships_contains_paid_content":false,"footnotes":""},"categories":[102,97,98,109],"tags":[],"class_list":["post-14208","post","type-post","status-publish","format-standard","has-post-thumbnail","hentry","category-economia","category-imperialismo-y-neoliberalismo","category-politica","category-sindical"],"jetpack_featured_media_url":"https:\/\/i0.wp.com\/moir.com.co\/web\/wp-content\/uploads\/2017\/12\/salariominimo.png?fit=530%2C422&ssl=1","jetpack-related-posts":[{"id":10184,"url":"https:\/\/moir.com.co\/web\/carta-abierta-al-senador-jorge-enrique-robledo-solicitandole-que-lance-su-candidatura-presidencial-para-el-2018\/","url_meta":{"origin":14208,"position":0},"title":"Carta abierta al senador Jorge Enrique Robledo solicit\u00e1ndole que lance su candidatura presidencial para el 2018","author":"admin","date":"mayo 27, 2016","format":false,"excerpt":"Doctor JORGE ENRIQUE ROBLEDO CASTILLO SENADOR DE LA REP\u00daBLICA Bogot\u00e1 D.C. Dirigentes pol\u00edticos, sindicales, c\u00edvicos y estudiantiles del departamento de Bol\u00edvar, ante la grave crisis que atraviesa el pa\u00eds, con un modelo econ\u00f3mico que arras\u00f3 con la producci\u00f3n nacional, implementa la informalidad laboral, genera un desempleo estructural, convirti\u00f3 en negocios\u2026","rel":"","context":"En \u00abTemas\u00bb","block_context":{"text":"Temas","link":"https:\/\/moir.com.co\/web\/category\/temas\/"},"img":{"alt_text":"","src":"","width":0,"height":0},"classes":[]},{"id":15546,"url":"https:\/\/moir.com.co\/web\/video-elias-fonseca-directivo-nacional-de-la-cut-interviene-en-el-paro-nacional-del-magisterio-de-fecode-25-de-julio-cartagena\/","url_meta":{"origin":14208,"position":1},"title":"Video: Elias Fonseca, directivo nacional de la CUT, interviene en el paro nacional del magisterio de Fecode 25 de julio Cartagena","author":"admin","date":"julio 30, 2018","format":"video","excerpt":"Cartagena, julio 25 de 2018","rel":"","context":"En \u00abEconom\u00eda\u00bb","block_context":{"text":"Econom\u00eda","link":"https:\/\/moir.com.co\/web\/category\/temas\/economia\/"},"img":{"alt_text":"","src":"","width":0,"height":0},"classes":[]},{"id":17003,"url":"https:\/\/moir.com.co\/web\/cartagena-entre-la-pobreza-y-las-empanadas\/","url_meta":{"origin":14208,"position":2},"title":"Cartagena entre la pobreza y las empanadas","author":"admin","date":"febrero 25, 2019","format":false,"excerpt":"Jos\u00e9 Arlex Arias, Cartagena, febrero 25 de 2019 A mediados de este mes, Cartagena C\u00f3mo Vamos, \"un programa privado que desde el 2005 le hace seguimiento y monitoreo a los cambios en la calidad de vida de los habitantes de Cartagena\" -seg\u00fan su definici\u00f3n- revel\u00f3 la encuesta realizada entre el\u2026","rel":"","context":"En \u00abEconom\u00eda\u00bb","block_context":{"text":"Econom\u00eda","link":"https:\/\/moir.com.co\/web\/category\/temas\/economia\/"},"img":{"alt_text":"","src":"https:\/\/i0.wp.com\/moir.com.co\/web\/wp-content\/uploads\/2017\/09\/cartagena_pobreza.jpg?fit=460%2C342&ssl=1&resize=350%2C200","width":350,"height":200},"classes":[]},{"id":13565,"url":"https:\/\/moir.com.co\/web\/desnutricion-escolar-y-privatizacion-la-nueva-politica-educativa-de-cartagena\/","url_meta":{"origin":14208,"position":3},"title":"\u00bfDesnutrici\u00f3n escolar y privatizaci\u00f3n: la nueva pol\u00edtica educativa de Cartagena?","author":"admin","date":"octubre 20, 2017","format":false,"excerpt":"Luis Ariel Carpio Galindo, Cartagena, octubre 19 de 2017 El pasado 15 de septiembre, el secretario de Educaci\u00f3n de Cartagena Jaime Hern\u00e1ndez Am\u00edn, advenedizo como el alcalde encargado, dijo en un diario local que encontr\u00f3 la Secretar\u00eda con un d\u00e9ficit de 21 mil millones de pesos, en \u00e1reas como aseo,\u2026","rel":"","context":"En \u00abEducaci\u00f3n\u00bb","block_context":{"text":"Educaci\u00f3n","link":"https:\/\/moir.com.co\/web\/category\/temas\/educacion\/"},"img":{"alt_text":"","src":"https:\/\/i0.wp.com\/moir.com.co\/web\/wp-content\/uploads\/2017\/10\/cartagenaprivatizaeducacion.jpg?fit=700%2C500&ssl=1&resize=350%2C200","width":350,"height":200,"srcset":"https:\/\/i0.wp.com\/moir.com.co\/web\/wp-content\/uploads\/2017\/10\/cartagenaprivatizaeducacion.jpg?fit=700%2C500&ssl=1&resize=350%2C200 1x, https:\/\/i0.wp.com\/moir.com.co\/web\/wp-content\/uploads\/2017\/10\/cartagenaprivatizaeducacion.jpg?fit=700%2C500&ssl=1&resize=525%2C300 1.5x, https:\/\/i0.wp.com\/moir.com.co\/web\/wp-content\/uploads\/2017\/10\/cartagenaprivatizaeducacion.jpg?fit=700%2C500&ssl=1&resize=700%2C400 2x"},"classes":[]},{"id":14635,"url":"https:\/\/moir.com.co\/web\/se-protegera-el-arrecife-coralino-varadero-ubicado-en-la-bahia-de-cartagena\/","url_meta":{"origin":14208,"position":4},"title":"\u00bfSe proteger\u00e1 el Arrecife Coralino Varadero, ubicado en la Bah\u00eda de Cartagena?","author":"admin","date":"marzo 3, 2018","format":false,"excerpt":"Senador Jorge Enrique Robledo, Bogot\u00e1, marzo 2 de 2018 Doctor LUIS GILBERTO MURILLO Ministro del Medio Ambiente \u00a0 Ref.: \u00bfQu\u00e9 se va a hacer con el Arrecife Coralino Varadero, ubicado en la Bah\u00eda de Cartagena? \u00bfSe proteger\u00e1? Atento saludo. \u00a0 En este momento se adelantan los estudios para la construcci\u00f3n\u2026","rel":"","context":"En \u00abImperialismo y Neoliberalismo\u00bb","block_context":{"text":"Imperialismo y Neoliberalismo","link":"https:\/\/moir.com.co\/web\/category\/temas\/imperialismo-y-neoliberalismo\/"},"img":{"alt_text":"","src":"https:\/\/i0.wp.com\/moir.com.co\/web\/wp-content\/uploads\/2018\/03\/arrecifevaradero.jpg?fit=768%2C332&ssl=1&resize=350%2C200","width":350,"height":200,"srcset":"https:\/\/i0.wp.com\/moir.com.co\/web\/wp-content\/uploads\/2018\/03\/arrecifevaradero.jpg?fit=768%2C332&ssl=1&resize=350%2C200 1x, https:\/\/i0.wp.com\/moir.com.co\/web\/wp-content\/uploads\/2018\/03\/arrecifevaradero.jpg?fit=768%2C332&ssl=1&resize=525%2C300 1.5x, https:\/\/i0.wp.com\/moir.com.co\/web\/wp-content\/uploads\/2018\/03\/arrecifevaradero.jpg?fit=768%2C332&ssl=1&resize=700%2C400 2x"},"classes":[]},{"id":17176,"url":"https:\/\/moir.com.co\/web\/los-frutos-del-agua\/","url_meta":{"origin":14208,"position":5},"title":"Los frutos del agua","author":"admin","date":"abril 2, 2019","format":false,"excerpt":"Jos\u00e9 Arlex Arias, Cartagena, abril 1 de 2019 La afirmaci\u00f3n de que la pr\u00f3xima guerra mundial podr\u00eda darse por la disputa entre las grandes potencias por los recursos h\u00eddricos no es descabellada. La ONU alert\u00f3 que \u201chay 2000 millones de personas que hoy no tienen acceso al agua\u2026 lo m\u00e1s\u2026","rel":"","context":"En \u00abEconom\u00eda\u00bb","block_context":{"text":"Econom\u00eda","link":"https:\/\/moir.com.co\/web\/category\/temas\/economia\/"},"img":{"alt_text":"","src":"https:\/\/i0.wp.com\/moir.com.co\/web\/wp-content\/uploads\/2019\/04\/agua3.jpg?fit=358%2C262&ssl=1&resize=350%2C200","width":350,"height":200},"classes":[]}],"jetpack_sharing_enabled":true,"_links":{"self":[{"href":"https:\/\/moir.com.co\/web\/wp-json\/wp\/v2\/posts\/14208","targetHints":{"allow":["GET"]}}],"collection":[{"href":"https:\/\/moir.com.co\/web\/wp-json\/wp\/v2\/posts"}],"about":[{"href":"https:\/\/moir.com.co\/web\/wp-json\/wp\/v2\/types\/post"}],"author":[{"embeddable":true,"href":"https:\/\/moir.com.co\/web\/wp-json\/wp\/v2\/users\/1"}],"replies":[{"embeddable":true,"href":"https:\/\/moir.com.co\/web\/wp-json\/wp\/v2\/comments?post=14208"}],"version-history":[{"count":1,"href":"https:\/\/moir.com.co\/web\/wp-json\/wp\/v2\/posts\/14208\/revisions"}],"predecessor-version":[{"id":14209,"href":"https:\/\/moir.com.co\/web\/wp-json\/wp\/v2\/posts\/14208\/revisions\/14209"}],"wp:featuredmedia":[{"embeddable":true,"href":"https:\/\/moir.com.co\/web\/wp-json\/wp\/v2\/media\/14059"}],"wp:attachment":[{"href":"https:\/\/moir.com.co\/web\/wp-json\/wp\/v2\/media?parent=14208"}],"wp:term":[{"taxonomy":"category","embeddable":true,"href":"https:\/\/moir.com.co\/web\/wp-json\/wp\/v2\/categories?post=14208"},{"taxonomy":"post_tag","embeddable":true,"href":"https:\/\/moir.com.co\/web\/wp-json\/wp\/v2\/tags?post=14208"}],"curies":[{"name":"wp","href":"https:\/\/api.w.org\/{rel}","templated":true}]}}