{"id":14203,"date":"2018-01-09T16:49:07","date_gmt":"2018-01-09T16:49:07","guid":{"rendered":"https:\/\/moir.org.co\/web\/?p=14203"},"modified":"2018-01-09T16:52:42","modified_gmt":"2018-01-09T16:52:42","slug":"decisiones-que-afecta-a-los-laboyanos","status":"publish","type":"post","link":"https:\/\/moir.com.co\/web\/decisiones-que-afecta-a-los-laboyanos\/","title":{"rendered":"Decisiones que afectan a los Laboyanos"},"content":{"rendered":"<p><strong>Libardo G\u00f3mez S\u00e1nchez, Neiva, enero 9 de 2018<\/strong><\/p>\n<p>Veintitres a\u00f1os cumplidos desde cuando se aprob\u00f3 la ley 142 que regula el manejo privado de los servicios p\u00fablicos, son tiempo suficiente para evaluar y concluir que ha sido un rotundo fracaso para las expectativas de los usuarios y una fuente altamente rentable para el capital transnacional; a los primeros no les ha significado una mejora sustancial en la prestaci\u00f3n de los servicios, que contin\u00faan teniendo fallos continuos en frecuencia y calidad, mientras que a los segundos les ha permitido obtener unas tasas de ganancia abusivas, que estruja los precarios ingresos de miles de consumidores aterrados, que esperan peri\u00f3dicamente la llegada del extorsivo recibo mensual.<\/p>\n<p>Donde el servicio de acueducto, aseo y alcantarillado, as\u00ed como de energ\u00eda han sido entregados al capital privado, los padecimientos de la poblaci\u00f3n se han multiplicado, casos como el servicio de energ\u00eda el\u00e9ctrica en la costa Atl\u00e1ntica con Electricaribe, que lleg\u00f3 a niveles absurdos de ineficiencia por la voracidad de la compa\u00f1\u00eda Espa\u00f1ola que la controlaba, forz\u00f3 al gobierno a intervenirla para prevenir la amenaza de una movilizaci\u00f3n social sin precedentes; ahora afronta el riesgo de verse obligado a indemnizar a la compa\u00f1\u00eda extranjera, Gas Natural Fenosa, que demand\u00f3 en tribunales internacionales, por una supuesta violaci\u00f3n a las normas de confianza inversionista, que protege los intereses del capital, sin importar los perjuicios a la naci\u00f3n y a sus moradores.<\/p>\n<p>Atentos a esta problem\u00e1tica, el comit\u00e9 pro defensa de los servicios p\u00fablicos del municipio de Pitalito, coordinado por Roberto Imbachi y en compa\u00f1\u00eda del vocal de control Luis Hernando Sanchez, han venido cuestionando decisiones de la Administraci\u00f3n Municipal que lesionan los intereses de los laboyanos, como la reducci\u00f3n del m\u00ednimo vital en el consumo de agua de 20 M3 a tan solo 13 M3, incrementando la facturaci\u00f3n a familias de bajos ingresos; \u00a0al mismo tiempo, el Alcalde, \u00a0viene promoviendo en el cabildo municipal la autorizaci\u00f3n para entregar a manos privadas el manejo del Alumbrado P\u00fablico, a pesar de la experiencia negativa conocida en Neiva, que termino con sanci\u00f3n a \u00a0Diselecsa por sobrecostos a los usuarios y cobro de luminarias no instaladas; adicionalmente Planeaci\u00f3n Nacional acaba de publicar \u00a0un estudio reciente en que advierte sobre la falta de interventor\u00eda y control, tarifas excesivas, ausencia de sistemas de medici\u00f3n precisos y carencia de plan de manejo ambiental en el 85% de las concesiones de Alumbrado P\u00fablico a particulares en 703 municipios consultados. Razones sobran a la ciudadan\u00eda del Valle de Laboyos para oponerse al negocio del plan privatizador de los servicios p\u00fablicos.<\/p>\n","protected":false},"excerpt":{"rendered":"<p>Libardo G\u00f3mez S\u00e1nchez, Neiva, enero 9 de 2018 Veintitres a\u00f1os cumplidos desde cuando se aprob\u00f3 la ley 142 que regula el manejo privado de los servicios p\u00fablicos, son tiempo suficiente para evaluar y concluir que ha sido un rotundo fracaso para las expectativas de los usuarios y una fuente altamente rentable para el capital transnacional; [&hellip;]<\/p>\n","protected":false},"author":1,"featured_media":14204,"comment_status":"open","ping_status":"open","sticky":false,"template":"","format":"standard","meta":{"advanced_seo_description":"","jetpack_seo_html_title":"","jetpack_seo_noindex":false,"_jetpack_memberships_contains_paid_content":false,"footnotes":""},"categories":[102,97,98,108],"tags":[],"class_list":["post-14203","post","type-post","status-publish","format-standard","has-post-thumbnail","hentry","category-economia","category-imperialismo-y-neoliberalismo","category-politica","category-servicios-publicos-articulos-de-actualidad"],"jetpack_featured_media_url":"https:\/\/i0.wp.com\/moir.com.co\/web\/wp-content\/uploads\/2018\/01\/servipublicosprivatizacion.jpeg?fit=308%2C163&ssl=1","jetpack-related-posts":[{"id":1736,"url":"https:\/\/moir.com.co\/web\/a-proposito-del-proyecto-de-ley-284\/","url_meta":{"origin":14203,"position":0},"title":"A PROP\u00d3SITO DEL PROYECTO DE LEY 284","author":"admin","date":"febrero 8, 2005","format":false,"excerpt":"Fraternalmente, declaraci\u00f3n de la Asociaci\u00f3n de Ligas, Comit\u00e9s y Usuarios de los Servicios P\u00fablicos de Caldas sobre el Proyecto de Ley No.284 de 1996 \u201cpor el cual se modifica parcialmente la Ley 142 de 1994\u201d. El 9 de mayo pasado, el gobierno nacional present\u00f3 al Congreso el Proyecto de Ley\u2026","rel":"","context":"En \u00abServicios p\u00fablicos\u00bb","block_context":{"text":"Servicios p\u00fablicos","link":"https:\/\/moir.com.co\/web\/category\/temas\/servicios-publicos-articulos-de-actualidad\/"},"img":{"alt_text":"","src":"","width":0,"height":0},"classes":[]},{"id":8366,"url":"https:\/\/moir.com.co\/web\/crece-la-inconformidad-de-usuarios-de-los-servicios-publicos\/","url_meta":{"origin":14203,"position":1},"title":"Crece la inconformidad de Usuarios de los Servicios P\u00fablicos.","author":"admin","date":"abril 9, 2014","format":false,"excerpt":"Despu\u00e9s de m\u00e1s de dos d\u00e9cadas de haber sometido a Colombia a las orientaciones del consenso de Washington, y con la pomposa frase de \u201cBienvenidos al futuro\u201d, en lo que corresponde a los SERVICIOS P\u00daBLICOS, se feriaron las empresas estatales a menos precio y se privatizaron sus servicios convirti\u00e9ndolos en\u2026","rel":"","context":"En \u00abPronunciamientos de Organizaciones Sociales\u00bb","block_context":{"text":"Pronunciamientos de Organizaciones Sociales","link":"https:\/\/moir.com.co\/web\/category\/pronunciamientos-de-organizaciones-sociales\/"},"img":{"alt_text":"","src":"","width":0,"height":0},"classes":[]},{"id":4646,"url":"https:\/\/moir.com.co\/web\/continua-la-arremetida-neoliberal-contra-el-patrimonio-publico-y-los-usuarios-de-servicios-publicos-en-el-valle-del-cauca\/","url_meta":{"origin":14203,"position":2},"title":"Contin\u00faa la arremetida neoliberal contra el patrimonio p\u00fablico y los usuarios de servicios p\u00fablicos en el Valle del Cauca","author":"admin","date":"agosto 12, 2010","format":false,"excerpt":"Culmin\u00f3 el desastroso periodo presidencial de \u00c1lvaro Uribe V\u00e9lez hundiendo hasta el final el pie en el acelerador de la entrega del patrimonio p\u00fablico al capital privado, principalmente al extranjero. Aun a sabiendas del futuro promisorio que le espera con el continuismo santista, no da espera en su af\u00e1n por\u2026","rel":"","context":"Entrada similar","block_context":{"text":"Entrada similar","link":""},"img":{"alt_text":"","src":"","width":0,"height":0},"classes":[]},{"id":1039,"url":"https:\/\/moir.com.co\/web\/encuentro-nacional-lucha-popular-y-servicios-publicos-conclusiones-preliminares\/","url_meta":{"origin":14203,"position":3},"title":"ENCUENTRO NACIONAL: LUCHA POPULAR Y SERVICIOS P\u00daBLICOS. CONCLUSIONES PRELIMINARES","author":"admin","date":"octubre 9, 2004","format":false,"excerpt":"El 14 y 15 de 0ctubre de 2004 se realiz\u00f3 en Medell\u00edn el Encuentro Nacional Lucha Popular y Servicios P\u00fablicos. Los objetivos del encuentro fueron compartir experiencias de Lucha Popular en materia de servicios p\u00fablicos domiciliarios y favorecer la construcci\u00f3n de una agenda y programa nacional, sin desconocer las especificidades\u2026","rel":"","context":"En \u00abPronunciamientos de Organizaciones Sociales\u00bb","block_context":{"text":"Pronunciamientos de Organizaciones Sociales","link":"https:\/\/moir.com.co\/web\/category\/pronunciamientos-de-organizaciones-sociales\/"},"img":{"alt_text":"","src":"","width":0,"height":0},"classes":[]},{"id":10111,"url":"https:\/\/moir.com.co\/web\/el-continuismo-politico-y-la-corrupcion-agravan-la-crisis\/","url_meta":{"origin":14203,"position":4},"title":"El continuismo pol\u00edtico y la corrupci\u00f3n agravan la crisis","author":"admin","date":"abril 25, 2016","format":false,"excerpt":"La crisis del Sistema de Salud de Santander se agudizar\u00e1 en los 4 a\u00f1os siguientes como consecuencia del Plan Departamental de Desarrollo. Es una l\u00e1stima que la nueva Administraci\u00f3n haya tomado el camino c\u00f3modo del continuismo para evadir la responsabilidad de presentar soluciones propias, claras y efectivas, orientadas a mejorar\u2026","rel":"","context":"En \u00abTemas\u00bb","block_context":{"text":"Temas","link":"https:\/\/moir.com.co\/web\/category\/temas\/"},"img":{"alt_text":"","src":"","width":0,"height":0},"classes":[]},{"id":7099,"url":"https:\/\/moir.com.co\/web\/los-servicios-publicos-y-la-reversion-de-las-concesiones\/","url_meta":{"origin":14203,"position":5},"title":"Los servicios p\u00fablicos y la reversi\u00f3n de las concesiones","author":"admin","date":"diciembre 14, 2012","format":false,"excerpt":"Hace dieciocho a\u00f1os se aprob\u00f3 la Ley 142 de servicios p\u00fablicos domiciliarios. Esa fue la orden de partida dada -por los neoliberales- para comprar o conseguir en concesi\u00f3n, y a menos precio, las empresas de servicios p\u00fablicos. Desde esos d\u00edas hasta hoy, es mucha la experiencia adquirida por los colombianos\u2026","rel":"","context":"Entrada similar","block_context":{"text":"Entrada similar","link":""},"img":{"alt_text":"","src":"","width":0,"height":0},"classes":[]}],"jetpack_sharing_enabled":true,"_links":{"self":[{"href":"https:\/\/moir.com.co\/web\/wp-json\/wp\/v2\/posts\/14203","targetHints":{"allow":["GET"]}}],"collection":[{"href":"https:\/\/moir.com.co\/web\/wp-json\/wp\/v2\/posts"}],"about":[{"href":"https:\/\/moir.com.co\/web\/wp-json\/wp\/v2\/types\/post"}],"author":[{"embeddable":true,"href":"https:\/\/moir.com.co\/web\/wp-json\/wp\/v2\/users\/1"}],"replies":[{"embeddable":true,"href":"https:\/\/moir.com.co\/web\/wp-json\/wp\/v2\/comments?post=14203"}],"version-history":[{"count":2,"href":"https:\/\/moir.com.co\/web\/wp-json\/wp\/v2\/posts\/14203\/revisions"}],"predecessor-version":[{"id":14207,"href":"https:\/\/moir.com.co\/web\/wp-json\/wp\/v2\/posts\/14203\/revisions\/14207"}],"wp:featuredmedia":[{"embeddable":true,"href":"https:\/\/moir.com.co\/web\/wp-json\/wp\/v2\/media\/14204"}],"wp:attachment":[{"href":"https:\/\/moir.com.co\/web\/wp-json\/wp\/v2\/media?parent=14203"}],"wp:term":[{"taxonomy":"category","embeddable":true,"href":"https:\/\/moir.com.co\/web\/wp-json\/wp\/v2\/categories?post=14203"},{"taxonomy":"post_tag","embeddable":true,"href":"https:\/\/moir.com.co\/web\/wp-json\/wp\/v2\/tags?post=14203"}],"curies":[{"name":"wp","href":"https:\/\/api.w.org\/{rel}","templated":true}]}}