{"id":14198,"date":"2018-01-05T22:34:05","date_gmt":"2018-01-05T22:34:05","guid":{"rendered":"https:\/\/moir.org.co\/web\/?p=14198"},"modified":"2018-01-05T22:34:05","modified_gmt":"2018-01-05T22:34:05","slug":"robledo-solicita-suspension-del-cobro-de-peajes-en-el-eje-bananero-del-uraba","status":"publish","type":"post","link":"https:\/\/moir.com.co\/web\/robledo-solicita-suspension-del-cobro-de-peajes-en-el-eje-bananero-del-uraba\/","title":{"rendered":"Robledo solicita suspensi\u00f3n del cobro de peajes en el eje bananero del Urab\u00e1"},"content":{"rendered":"<p><strong>Carta de Jorge Enrique Robledo al gobierno de Santos, Bogot\u00e1, enero 5 de 2018<\/strong><\/p>\n<p><img decoding=\"async\" class=\"alignnone size-full wp-image-6861\" src=\"https:\/\/i0.wp.com\/jorgerobledo.com\/wp-content\/uploads\/2017\/07\/Imagen_Congreso.png?zoom=2&amp;resize=205%2C61&amp;ssl=1\" srcset=\"https:\/\/i0.wp.com\/jorgerobledo.com\/wp-content\/uploads\/2017\/07\/Imagen_Congreso.png?zoom=2&amp;resize=205%2C61&amp;ssl=1\" alt=\"\" width=\"205\" height=\"61\" data-attachment-id=\"6861\" data-permalink=\"https:\/\/jorgerobledo.com\/el-gobierno-debe-proteger-la-mineria-tradicional-en-remedios-y-segovia-robledo-en-carta-santos\/imagen_congreso-3\/\" data-orig-file=\"https:\/\/i0.wp.com\/jorgerobledo.com\/wp-content\/uploads\/2017\/07\/Imagen_Congreso.png?fit=205%2C61&amp;ssl=1\" data-orig-size=\"205,61\" data-comments-opened=\"1\" data-image-meta=\"{&quot;aperture&quot;:&quot;0&quot;,&quot;credit&quot;:&quot;&quot;,&quot;camera&quot;:&quot;&quot;,&quot;caption&quot;:&quot;&quot;,&quot;created_timestamp&quot;:&quot;0&quot;,&quot;copyright&quot;:&quot;&quot;,&quot;focal_length&quot;:&quot;0&quot;,&quot;iso&quot;:&quot;0&quot;,&quot;shutter_speed&quot;:&quot;0&quot;,&quot;title&quot;:&quot;&quot;,&quot;orientation&quot;:&quot;0&quot;}\" data-image-title=\"Imagen_Congreso\" data-image-description=\"\" data-medium-file=\"https:\/\/i0.wp.com\/jorgerobledo.com\/wp-content\/uploads\/2017\/07\/Imagen_Congreso.png?fit=205%2C61&amp;ssl=1\" data-large-file=\"https:\/\/i0.wp.com\/jorgerobledo.com\/wp-content\/uploads\/2017\/07\/Imagen_Congreso.png?fit=205%2C61&amp;ssl=1\" \/><\/p>\n<p>Bogot\u00e1, enero 5 de 2018<\/p>\n<p>Doctor<\/p>\n<p><strong>Juan Manuel Santos<\/strong><\/p>\n<p>Presidente de la Rep\u00fablica<\/p>\n<p><strong>Germ\u00e1n Cardona<\/strong><\/p>\n<p>Ministro de Transporte<\/p>\n<p><strong>Dimitri Zaninovich<\/strong><\/p>\n<p>Director de la Agencia Nacional de Infraestructura \u2013 ANI -.<\/p>\n<p><strong>Referencia<\/strong>: Solicitud de suspensi\u00f3n del cobro de peajes en Urab\u00e1.<\/p>\n<p>Cordialmente me dirijo a ustedes para solicitarles que de manera inmediata, se suspenda provisionalmente el cobro de los peajes en el eje bananero de la zona de Urab\u00e1, mientras se logra un acuerdo definitivo para su reubicaci\u00f3n con el Comit\u00e9 de Iniciativa Ciudadana creado para tal fin.<\/p>\n<p>Hoy es dram\u00e1tica la situaci\u00f3n del eje bananero, no ha habido recolecci\u00f3n de basuras desde el martes, est\u00e1 a punto de agotarse el gas en las viviendas pues no ha habido suministro, muchas bananeras y pr\u00e1cticamente todas las actividades comerciales e industriales se encuentran paralizadas, y lo que es m\u00e1s grave, al parecer ya se registran dos muertes violentas relacionadas con la protesta.<\/p>\n<p>Los ciudadanos organizados llevan cerca de 2 a\u00f1os tratando de concertar la reubicaci\u00f3n de los peajes para evitar que queden insertos en el coraz\u00f3n de los 4 municipios que pr\u00e1cticamente est\u00e1n conurbados, Turbo, Apartad\u00f3, Carepa y Chigorod\u00f3; sus demandas son ampliamente justas, corresponden a la l\u00f3gica del uso del territorio y no se oponen ni a la obra, ni a la existencia de casetas de peaje, solo exigen que se ubiquen donde sean pagados por quienes realmente se van a beneficiar del expedito camino que la obra le abrir\u00e1 al puerto o a los puertos all\u00ed proyectados. En realidad solo exigen que no tengan que pagar una obra al desplazarse entre su casa y su trabajo o entre su sitio de estudio y su residencia.<\/p>\n<p>Quiero hacer una reflexi\u00f3n que espero sea tenida en cuenta por ustedes: en los casos de Buenaventura, el Choc\u00f3 y Segovia \u2013 Remedios, se llevaron a cabo protestas ciudadanas que terminaron negoci\u00e1ndose pr\u00e1cticamente en las condiciones en las que los ciudadanos lo exig\u00edan antes de las mismas, pero a un alto costo econ\u00f3mico, social y humano. Espero que no se repita la historia en esta bella y pujante zona de Urab\u00e1.<\/p>\n<p>Finalmente les solicito que reconozcan que aqu\u00ed lo que hay es un problema social y no un problema criminal como algunos de los funcionarios del gobierno nacional y departamental de Antioquia han manifestado, en una actitud de estigmatizaci\u00f3n inaceptable.<\/p>\n<p>&nbsp;<\/p>\n<p>De ustedes, atentamente:<\/p>\n<p>&nbsp;<\/p>\n<p>Cordialmente,<\/p>\n<p>&nbsp;<\/p>\n<p><strong>JORGE ENRIQUE ROBLEDO<\/strong><\/p>\n<p><strong>Senador de la Rep\u00fablica<\/strong><\/p>\n<p><strong>Polo Democr\u00e1tico Alternativo<\/strong><\/p>\n<p>&nbsp;<\/p>\n<p>C.C.<\/p>\n<p>Procuradur\u00eda General de la Naci\u00f3n<\/p>\n<p>Comit\u00e9 de Iniciativa Ciudadana por la Reubicaci\u00f3n de los Peajes<\/p>\n<p>CUT \u2013 Subdirectiva Antioquia<\/p>\n","protected":false},"excerpt":{"rendered":"<p>Carta de Jorge Enrique Robledo al gobierno de Santos, Bogot\u00e1, enero 5 de 2018 Bogot\u00e1, enero 5 de 2018 Doctor Juan Manuel Santos Presidente de la Rep\u00fablica Germ\u00e1n Cardona Ministro de Transporte Dimitri Zaninovich Director de la Agencia Nacional de Infraestructura \u2013 ANI -. Referencia: Solicitud de suspensi\u00f3n del cobro de peajes en Urab\u00e1. Cordialmente [&hellip;]<\/p>\n","protected":false},"author":1,"featured_media":14199,"comment_status":"open","ping_status":"open","sticky":false,"template":"","format":"standard","meta":{"advanced_seo_description":"","jetpack_seo_html_title":"","jetpack_seo_noindex":false,"_jetpack_memberships_contains_paid_content":false,"footnotes":""},"categories":[102,97,98,109,110],"tags":[],"class_list":["post-14198","post","type-post","status-publish","format-standard","has-post-thumbnail","hentry","category-economia","category-imperialismo-y-neoliberalismo","category-politica","category-sindical","category-vias-y-transporte"],"jetpack_featured_media_url":"https:\/\/i0.wp.com\/moir.com.co\/web\/wp-content\/uploads\/2018\/01\/urabanopeajes.jpg?fit=768%2C402&ssl=1","jetpack-related-posts":[{"id":10895,"url":"https:\/\/moir.com.co\/web\/en-diez-puntos-la-peor-reforma-tributaria-robledo\/","url_meta":{"origin":14198,"position":0},"title":"En diez puntos la peor Reforma Tributaria: Robledo","author":"admin","date":"noviembre 7, 2016","format":"video","excerpt":"1. El arte de desplumar al ganso: Robledo http:\/\/bit.ly\/2ftlqmZ (video 1:17) 2. \u00bfImpuestos regresivos o progresivos?: Robledo http:\/\/bit.ly\/2f7wHdX (Video 2:18) 3.- Reforma Tributaria contra los sectores populares y las clases medias: Robledo http:\/\/bit.ly\/2ftmMxY (Video 2:30) 4.- Impuestos regresivos contra las pymes: Robledo http:\/\/bit.ly\/2eD8sUk (Video 2:51) 5.- Reforma Tributaria ataca a\u2026","rel":"","context":"En \u00abAgro\u00bb","block_context":{"text":"Agro","link":"https:\/\/moir.com.co\/web\/category\/temas\/agro\/"},"img":{"alt_text":"","src":"","width":0,"height":0},"classes":[]},{"id":14728,"url":"https:\/\/moir.com.co\/web\/video-felicitaciones-voluntarios-con-robledo-226-000-gracias-senador-robledo\/","url_meta":{"origin":14198,"position":1},"title":"Video: Felicitaciones Voluntarios Con Robledo \u00a1226.000 gracias!, senador Robledo","author":"admin","date":"marzo 15, 2018","format":"video","excerpt":"Bogot\u00e1, marzo 14 de 2018","rel":"","context":"En \u00abPol\u00edtica\u00bb","block_context":{"text":"Pol\u00edtica","link":"https:\/\/moir.com.co\/web\/category\/temas\/politica\/"},"img":{"alt_text":"","src":"","width":0,"height":0},"classes":[]},{"id":13985,"url":"https:\/\/moir.com.co\/web\/porque-le-toca-al-agro-robledo-presidente\/","url_meta":{"origin":14198,"position":2},"title":"Porque le toca al agro, \u00a1Robledo Presidente!","author":"admin","date":"noviembre 29, 2017","format":false,"excerpt":"Peri\u00f3dico El Agro con Robledo, noviembre de 2017","rel":"","context":"En \u00abAgro\u00bb","block_context":{"text":"Agro","link":"https:\/\/moir.com.co\/web\/category\/temas\/agro\/"},"img":{"alt_text":"","src":"https:\/\/i0.wp.com\/moir.com.co\/web\/wp-content\/uploads\/2017\/11\/agroconrobledo.jpeg?fit=1200%2C800&ssl=1&resize=350%2C200","width":350,"height":200,"srcset":"https:\/\/i0.wp.com\/moir.com.co\/web\/wp-content\/uploads\/2017\/11\/agroconrobledo.jpeg?fit=1200%2C800&ssl=1&resize=350%2C200 1x, https:\/\/i0.wp.com\/moir.com.co\/web\/wp-content\/uploads\/2017\/11\/agroconrobledo.jpeg?fit=1200%2C800&ssl=1&resize=525%2C300 1.5x, https:\/\/i0.wp.com\/moir.com.co\/web\/wp-content\/uploads\/2017\/11\/agroconrobledo.jpeg?fit=1200%2C800&ssl=1&resize=700%2C400 2x, https:\/\/i0.wp.com\/moir.com.co\/web\/wp-content\/uploads\/2017\/11\/agroconrobledo.jpeg?fit=1200%2C800&ssl=1&resize=1050%2C600 3x"},"classes":[]},{"id":18371,"url":"https:\/\/moir.com.co\/web\/video-para-conocer-mejor-a-robledo-entrevista-con-vicky-davila-robledo-propone-pacto-nacional-y-anuncia-su-candidatura-a-la-presidencia-2022\/","url_meta":{"origin":14198,"position":3},"title":"Video: Para conocer mejor a Robledo: Entrevista con Vicky D\u00e1vila. Robledo propone pacto nacional y anuncia su candidatura a la presidencia 2022","author":"admin","date":"enero 21, 2020","format":"video","excerpt":"Bogot\u00e1, enero 20 de 2020","rel":"","context":"En \u00abAgro\u00bb","block_context":{"text":"Agro","link":"https:\/\/moir.com.co\/web\/category\/temas\/agro\/"},"img":{"alt_text":"","src":"","width":0,"height":0},"classes":[]},{"id":14275,"url":"https:\/\/moir.com.co\/web\/en-su-manizales-del-alma-robledo-continuo-gira-nacional-con-la-coalicion-colombia\/","url_meta":{"origin":14198,"position":4},"title":"En su Manizales del alma Robledo continu\u00f3 gira nacional con la Coalici\u00f3n Colombia","author":"admin","date":"enero 19, 2018","format":false,"excerpt":"Oficina de prensa del senador Jorge Enrique Robledo, Bogot\u00e1, enero 18 de 2018 En compa\u00f1\u00eda de Claudia L\u00f3pez y los candidatos de la Coalici\u00f3n Colombia a la C\u00e1mara de Representantes por Caldas, el senador y cabeza de lista del Polo Jorge Enrique Robledo visit\u00f3 Manizales, la ciudad donde trabaj\u00f3 como\u2026","rel":"","context":"En \u00abEconom\u00eda\u00bb","block_context":{"text":"Econom\u00eda","link":"https:\/\/moir.com.co\/web\/category\/temas\/economia\/"},"img":{"alt_text":"","src":"https:\/\/i0.wp.com\/moir.com.co\/web\/wp-content\/uploads\/2018\/01\/coalicioncolombiamanizales2018.jpeg?fit=768%2C512&ssl=1&resize=350%2C200","width":350,"height":200,"srcset":"https:\/\/i0.wp.com\/moir.com.co\/web\/wp-content\/uploads\/2018\/01\/coalicioncolombiamanizales2018.jpeg?fit=768%2C512&ssl=1&resize=350%2C200 1x, https:\/\/i0.wp.com\/moir.com.co\/web\/wp-content\/uploads\/2018\/01\/coalicioncolombiamanizales2018.jpeg?fit=768%2C512&ssl=1&resize=525%2C300 1.5x, https:\/\/i0.wp.com\/moir.com.co\/web\/wp-content\/uploads\/2018\/01\/coalicioncolombiamanizales2018.jpeg?fit=768%2C512&ssl=1&resize=700%2C400 2x"},"classes":[]},{"id":12073,"url":"https:\/\/moir.com.co\/web\/fiscal-viola-la-ley-cuando-no-responde-a-mi-recusacion-y-preguntas-robledo\/","url_meta":{"origin":14198,"position":5},"title":"Fiscal viola la Ley cuando no responde a mi recusaci\u00f3n y preguntas: Robledo","author":"admin","date":"abril 7, 2017","format":false,"excerpt":"Oficina de prensa del senador Jorge Enrique Robledo, Bogot\u00e1, abril 6 de 2017 El senador Jorge Enrique Robledo cuestiona que el\u00a0Fiscal N\u00e9stor Humberto Mart\u00ednez no haya respondido a la recusaci\u00f3n que le hace para que se aparte del caso Odebrecht por sus v\u00ednculos con esa trasnacional y su socio, el\u2026","rel":"","context":"En \u00abEconom\u00eda\u00bb","block_context":{"text":"Econom\u00eda","link":"https:\/\/moir.com.co\/web\/category\/temas\/economia\/"},"img":{"alt_text":"","src":"","width":0,"height":0},"classes":[]}],"jetpack_sharing_enabled":true,"_links":{"self":[{"href":"https:\/\/moir.com.co\/web\/wp-json\/wp\/v2\/posts\/14198","targetHints":{"allow":["GET"]}}],"collection":[{"href":"https:\/\/moir.com.co\/web\/wp-json\/wp\/v2\/posts"}],"about":[{"href":"https:\/\/moir.com.co\/web\/wp-json\/wp\/v2\/types\/post"}],"author":[{"embeddable":true,"href":"https:\/\/moir.com.co\/web\/wp-json\/wp\/v2\/users\/1"}],"replies":[{"embeddable":true,"href":"https:\/\/moir.com.co\/web\/wp-json\/wp\/v2\/comments?post=14198"}],"version-history":[{"count":1,"href":"https:\/\/moir.com.co\/web\/wp-json\/wp\/v2\/posts\/14198\/revisions"}],"predecessor-version":[{"id":14200,"href":"https:\/\/moir.com.co\/web\/wp-json\/wp\/v2\/posts\/14198\/revisions\/14200"}],"wp:featuredmedia":[{"embeddable":true,"href":"https:\/\/moir.com.co\/web\/wp-json\/wp\/v2\/media\/14199"}],"wp:attachment":[{"href":"https:\/\/moir.com.co\/web\/wp-json\/wp\/v2\/media?parent=14198"}],"wp:term":[{"taxonomy":"category","embeddable":true,"href":"https:\/\/moir.com.co\/web\/wp-json\/wp\/v2\/categories?post=14198"},{"taxonomy":"post_tag","embeddable":true,"href":"https:\/\/moir.com.co\/web\/wp-json\/wp\/v2\/tags?post=14198"}],"curies":[{"name":"wp","href":"https:\/\/api.w.org\/{rel}","templated":true}]}}