{"id":14195,"date":"2018-01-05T22:19:53","date_gmt":"2018-01-05T22:19:53","guid":{"rendered":"https:\/\/moir.org.co\/web\/?p=14195"},"modified":"2018-01-05T22:19:53","modified_gmt":"2018-01-05T22:19:53","slug":"nos-queda-mucho-mes-al-final-del-sueldo","status":"publish","type":"post","link":"https:\/\/moir.com.co\/web\/nos-queda-mucho-mes-al-final-del-sueldo\/","title":{"rendered":"Nos queda mucho mes al final del sueldo"},"content":{"rendered":"<p><strong>Dar\u00edo Arenas Villegas, Manizales, enero 4 de 2018<\/strong><\/p>\n<p>Despu\u00e9s de no lograrse un consenso entre gobierno, empresarios y trabajadores, y de que se excluyera irregularmente de las negociaciones a la Central Unitaria de Trabajadores, se fij\u00f3 el incremento del salario m\u00ednimo en Colombia para el 2018 en un 5,9%, lo que implica un aumento diario de 1.450 pesos, o lo que es igual, un valor inferior al de una bolsa de leche o al de un pasaje en transporte p\u00fablico en cualquier ciudad del pa\u00eds.<\/p>\n<p>Las pol\u00edticas econ\u00f3micas de las \u00faltimas dos d\u00e9cadas en Colombia han logrado desvirtuar la esencia del salario m\u00ednimo, la cual es garantizar ingresos dignos y suficientes a una porci\u00f3n importante de la poblaci\u00f3n trabajadora con el objetivo de que alcance la satisfacci\u00f3n de sus necesidades b\u00e1sicas. El logro de esta meta fue la motivaci\u00f3n de la definici\u00f3n dada desde 1950 al salario m\u00ednimo en el C\u00f3digo Sustantivo del Trabajo, el cual fue asumido como \u201cel que todo trabajador tiene derecho a percibir para subvenir a sus necesidades normales y a las de su familia, en el orden material, moral y cultural\u201d.<\/p>\n<p>Casi siete d\u00e9cadas despu\u00e9s de que fuera concebido como un instrumento de reducci\u00f3n de la desigualdad y de garant\u00eda de derechos, hoy el salario m\u00ednimo en Colombia est\u00e1 lejos de satisfacer las necesidades de los casi dos millones de trabajadores que lo perciben mes a mes. El m\u00ednimo alcanza a cubrir apenas el 60% de la canasta b\u00e1sica de los colombianos, lo que implica que 4 de cada 10 productos de ella (alimentos, salud, educaci\u00f3n, transporte, etc.) tienen que ser adquiridos con los ingresos de trabajos adicionales o simplemente no pueden ser cubiertos y por ende las familias deben privarse de ellos, como si comer, vestirse o movilizarse fueran actividades alternativas y no imprescindibles.<\/p>\n<p>Mientras en otros pa\u00edses de la regi\u00f3n el salario m\u00ednimo alcanza para cubrir de sobra la canasta b\u00e1sica, como Costa Rica que tiene una cobertura de m\u00e1s del 500%, Panam\u00e1 de m\u00e1s del 230%, Brasil del 220% o Bolivia de m\u00e1s del 150%, Colombia ostenta el cuarto peor salario m\u00ednimo de Latinoam\u00e9rica y el Caribe, donde el crecimiento promedio del salario fue del 1,01% entre 2006 y 2013, mientras que el de nuestro\u00a0pa\u00eds fue de 0,01% entre 2006 y 2016 (Universidad de la Sabana, 2017).<\/p>\n<p>A este gris panorama se le suman las intenciones de la OCDE, el Gobierno Nacional y los candidatos presidenciales del continuismo, de fijar un incremento anual del salario m\u00ednimo de acuerdo a la productividad de las regiones, lo que implicar\u00eda a\u00fan m\u00e1s precarizaci\u00f3n y que en muchas zonas de Colombia ni siquiera se diera el p\u00edrrico incremento que a\u00f1o a a\u00f1o aprueba en solitario el Presidente de la Rep\u00fablica.<\/p>\n<p>Es falso que un incremento sustancial en el salario m\u00ednimo, cuyo fin ser\u00eda alcanzar niveles de equidad considerables y la dinamizaci\u00f3n de la econom\u00eda y\u00a0el mercado interno, genere desempleo o desincentive las inversiones, como se cacarea cada a\u00f1o en medio de las discusiones. En el caso colombiano, los estudios de Hern\u00e1ndez y Lasso (2003), Hern\u00e1ndez y Pinz\u00f3n (2006) y Duque (2017), entre otros, y en el escenario internacional, an\u00e1lisis como los de la Low Pay Commission del Reino Unido (2014) y el panel de evaluaci\u00f3n del nuevo salario m\u00ednimo en Alemania (Mindestlohn kommission, 2016), demuestran que el efecto de \u00e9ste sobre la generaci\u00f3n de empleo es por lo general insignificante y en algunos casos positivo (OIT, 2017).<\/p>\n<p>Despu\u00e9s de todo, la experiencia refleja que los cicateros incrementos en el salario m\u00ednimo no han incrementado el empleo formal como se ha prometido en incontables ocasiones, y la historia evidencia que cuando ha habido un aumento sustancial, este no ha derivado en tasas mayores de desempleo o en una inflaci\u00f3n desbordada, como lo auguran anualmente algunos apocal\u00edpticos, que confunden ideolog\u00edas con realidades.<\/p>\n<p>La fijaci\u00f3n del salario m\u00ednimo actual est\u00e1 ligada al modelo de confianza inversionista que sigue predominando en el pa\u00eds, dentro del cual los salarios bajos son esenciales para continuar atrayendo capitales extranjeros, que pagan pocos impuestos y exportan las ganancias obtenidas, dej\u00e1ndole poco o nada a la naci\u00f3n.<\/p>\n<p>Si en 2018 no cambiamos el rumbo, a los colombianos nos seguir\u00e1 quedando mucho mes al final del sueldo.<\/p>\n","protected":false},"excerpt":{"rendered":"<p>Dar\u00edo Arenas Villegas, Manizales, enero 4 de 2018 Despu\u00e9s de no lograrse un consenso entre gobierno, empresarios y trabajadores, y de que se excluyera irregularmente de las negociaciones a la Central Unitaria de Trabajadores, se fij\u00f3 el incremento del salario m\u00ednimo en Colombia para el 2018 en un 5,9%, lo que implica un aumento diario [&hellip;]<\/p>\n","protected":false},"author":1,"featured_media":14196,"comment_status":"open","ping_status":"open","sticky":false,"template":"","format":"standard","meta":{"advanced_seo_description":"","jetpack_seo_html_title":"","jetpack_seo_noindex":false,"_jetpack_memberships_contains_paid_content":false,"footnotes":""},"categories":[102,97,98,109],"tags":[],"class_list":["post-14195","post","type-post","status-publish","format-standard","has-post-thumbnail","hentry","category-economia","category-imperialismo-y-neoliberalismo","category-politica","category-sindical"],"jetpack_featured_media_url":"https:\/\/i0.wp.com\/moir.com.co\/web\/wp-content\/uploads\/2018\/01\/salariominimo3.jpg?fit=251%2C201&ssl=1","jetpack-related-posts":[{"id":14078,"url":"https:\/\/moir.com.co\/web\/dejen-que-el-salario-crezca\/","url_meta":{"origin":14195,"position":0},"title":"Dejen que el salario crezca","author":"admin","date":"diciembre 11, 2017","format":false,"excerpt":"Mario Alejandro Valencia, Bogot\u00e1, diciembre 11 de 2017 Uno de los temas de mayor preocupaci\u00f3n para gobiernos y sector privado a nivel mundial es el crecimiento econ\u00f3mico. El m\u00e1s grande misterio sobre la causa de la riqueza de las naciones fue resuelto en 1776 por Adam Smith, al afirmar que\u2026","rel":"","context":"En \u00abEconom\u00eda\u00bb","block_context":{"text":"Econom\u00eda","link":"https:\/\/moir.com.co\/web\/category\/temas\/economia\/"},"img":{"alt_text":"","src":"https:\/\/i0.wp.com\/moir.com.co\/web\/wp-content\/uploads\/2017\/12\/salariominimo3.jpg?fit=251%2C201&ssl=1&resize=350%2C200","width":350,"height":200},"classes":[]},{"id":15730,"url":"https:\/\/moir.com.co\/web\/la-propuesta-de-uribe-de-aumentar-el-salario-minimo-es-mentirosa-e-inconstitucional\/","url_meta":{"origin":14195,"position":1},"title":"La propuesta de Uribe de aumentar el salario m\u00ednimo es mentirosa e inconstitucional","author":"admin","date":"agosto 24, 2018","format":false,"excerpt":"Oficina de prensa del representante a la c\u00e1mara por Antioquia Jorge G\u00f3mez Gallego, Medell\u00edn, agosto 23 de 2018 El Representante a la C\u00e1mara por Antioquia del POLO Jorge G\u00f3mez explicar\u00e1, en la Comisi\u00f3n S\u00e9ptima de asuntos laborales, que bajo el falso pretexto de subir el salario m\u00ednimo el Senador \u00c1lvaro\u2026","rel":"","context":"En \u00abEconom\u00eda\u00bb","block_context":{"text":"Econom\u00eda","link":"https:\/\/moir.com.co\/web\/category\/temas\/economia\/"},"img":{"alt_text":"","src":"https:\/\/i0.wp.com\/moir.com.co\/web\/wp-content\/uploads\/2018\/08\/jorgegomezsalariominimoestafa.jpeg?fit=907%2C550&ssl=1&resize=350%2C200","width":350,"height":200,"srcset":"https:\/\/i0.wp.com\/moir.com.co\/web\/wp-content\/uploads\/2018\/08\/jorgegomezsalariominimoestafa.jpeg?fit=907%2C550&ssl=1&resize=350%2C200 1x, https:\/\/i0.wp.com\/moir.com.co\/web\/wp-content\/uploads\/2018\/08\/jorgegomezsalariominimoestafa.jpeg?fit=907%2C550&ssl=1&resize=525%2C300 1.5x, https:\/\/i0.wp.com\/moir.com.co\/web\/wp-content\/uploads\/2018\/08\/jorgegomezsalariominimoestafa.jpeg?fit=907%2C550&ssl=1&resize=700%2C400 2x"},"classes":[]},{"id":9844,"url":"https:\/\/moir.com.co\/web\/los-verdaderos-juegos-del-hambre\/","url_meta":{"origin":14195,"position":2},"title":"Los verdaderos Juegos del Hambre","author":"admin","date":"diciembre 24, 2015","format":false,"excerpt":"La discusi\u00f3n entre trabajadores, gobierno y empresarios para concertar el salario m\u00ednimo del a\u00f1o 2016 ha tenido como tel\u00f3n de fondo la crisis econ\u00f3mica que afronta el pa\u00eds, cuyos detonantes fueron la ca\u00edda de los precios del petr\u00f3leo y el incremento del d\u00f3lar, raz\u00f3n por la cual se han encarecido\u2026","rel":"","context":"En \u00abTemas\u00bb","block_context":{"text":"Temas","link":"https:\/\/moir.com.co\/web\/category\/temas\/"},"img":{"alt_text":"","src":"","width":0,"height":0},"classes":[]},{"id":18989,"url":"https:\/\/moir.com.co\/web\/dos-por-ciento-mandan-huevo\/","url_meta":{"origin":14195,"position":3},"title":"\u00bfDos por ciento?: \u201cmandan huevo\u201d","author":"admin","date":"diciembre 25, 2020","format":false,"excerpt":"Jos\u00e9 Arlex Arias, Cartagena, diciembre 21 de 2020 El salario m\u00ednimo, seg\u00fan la Organizaci\u00f3n Internacional del Trabajo,\u00a0es la cuant\u00eda m\u00e1s peque\u00f1a de remuneraci\u00f3n que un empleador est\u00e1 obligado a pagar a sus asalariados por el trabajo que estos hayan efectuado durante un per\u00edodo determinado, el cual no puede ser rebajado\u2026","rel":"","context":"En \u00abEconom\u00eda\u00bb","block_context":{"text":"Econom\u00eda","link":"https:\/\/moir.com.co\/web\/category\/temas\/economia\/"},"img":{"alt_text":"","src":"https:\/\/i0.wp.com\/moir.com.co\/web\/wp-content\/uploads\/2020\/12\/ChristianDaes.png?fit=700%2C526&ssl=1&resize=350%2C200","width":350,"height":200,"srcset":"https:\/\/i0.wp.com\/moir.com.co\/web\/wp-content\/uploads\/2020\/12\/ChristianDaes.png?fit=700%2C526&ssl=1&resize=350%2C200 1x, https:\/\/i0.wp.com\/moir.com.co\/web\/wp-content\/uploads\/2020\/12\/ChristianDaes.png?fit=700%2C526&ssl=1&resize=525%2C300 1.5x, https:\/\/i0.wp.com\/moir.com.co\/web\/wp-content\/uploads\/2020\/12\/ChristianDaes.png?fit=700%2C526&ssl=1&resize=700%2C400 2x"},"classes":[]},{"id":9015,"url":"https:\/\/moir.com.co\/web\/salario-miniatura\/","url_meta":{"origin":14195,"position":4},"title":"Salario miniatura","author":"admin","date":"enero 17, 2015","format":false,"excerpt":"El salario m\u00ednimo en Colombia es insuficiente para garantizar una vida digna. Seg\u00fan el Dane, la canasta b\u00e1sica familiar est\u00e1 valorada en $1.124.570 y para el 2015 el salario m\u00ednimo es de $644.350. En este sentido, el salario m\u00ednimo es una de las razones principales que explican la enorme desigualdad\u2026","rel":"","context":"En \u00abTemas\u00bb","block_context":{"text":"Temas","link":"https:\/\/moir.com.co\/web\/category\/temas\/"},"img":{"alt_text":"","src":"","width":0,"height":0},"classes":[]},{"id":13871,"url":"https:\/\/moir.com.co\/web\/nivelar-por-lo-bajo\/","url_meta":{"origin":14195,"position":5},"title":"Nivelar por lo bajo","author":"admin","date":"noviembre 20, 2017","format":false,"excerpt":"Jos\u00e9 Rafael Espinel P\u00e1ez, C\u00facuta, noviembre 20 de 2017 El Banco de la Rep\u00fablica nos propone volver al pasado, bajar el salario m\u00ednimo aplicando una f\u00f3rmula que ya se hab\u00eda utilizado. El salario m\u00ednimo en un inicio fue de car\u00e1cter diferenciado por el tipo de ciudad, sector econ\u00f3mico y tama\u00f1o\u2026","rel":"","context":"En \u00abAgro\u00bb","block_context":{"text":"Agro","link":"https:\/\/moir.com.co\/web\/category\/temas\/agro\/"},"img":{"alt_text":"","src":"https:\/\/i0.wp.com\/moir.com.co\/web\/wp-content\/uploads\/2017\/10\/refineriabarranca2.jpg?fit=700%2C500&ssl=1&resize=350%2C200","width":350,"height":200,"srcset":"https:\/\/i0.wp.com\/moir.com.co\/web\/wp-content\/uploads\/2017\/10\/refineriabarranca2.jpg?fit=700%2C500&ssl=1&resize=350%2C200 1x, https:\/\/i0.wp.com\/moir.com.co\/web\/wp-content\/uploads\/2017\/10\/refineriabarranca2.jpg?fit=700%2C500&ssl=1&resize=525%2C300 1.5x, https:\/\/i0.wp.com\/moir.com.co\/web\/wp-content\/uploads\/2017\/10\/refineriabarranca2.jpg?fit=700%2C500&ssl=1&resize=700%2C400 2x"},"classes":[]}],"jetpack_sharing_enabled":true,"_links":{"self":[{"href":"https:\/\/moir.com.co\/web\/wp-json\/wp\/v2\/posts\/14195","targetHints":{"allow":["GET"]}}],"collection":[{"href":"https:\/\/moir.com.co\/web\/wp-json\/wp\/v2\/posts"}],"about":[{"href":"https:\/\/moir.com.co\/web\/wp-json\/wp\/v2\/types\/post"}],"author":[{"embeddable":true,"href":"https:\/\/moir.com.co\/web\/wp-json\/wp\/v2\/users\/1"}],"replies":[{"embeddable":true,"href":"https:\/\/moir.com.co\/web\/wp-json\/wp\/v2\/comments?post=14195"}],"version-history":[{"count":1,"href":"https:\/\/moir.com.co\/web\/wp-json\/wp\/v2\/posts\/14195\/revisions"}],"predecessor-version":[{"id":14197,"href":"https:\/\/moir.com.co\/web\/wp-json\/wp\/v2\/posts\/14195\/revisions\/14197"}],"wp:featuredmedia":[{"embeddable":true,"href":"https:\/\/moir.com.co\/web\/wp-json\/wp\/v2\/media\/14196"}],"wp:attachment":[{"href":"https:\/\/moir.com.co\/web\/wp-json\/wp\/v2\/media?parent=14195"}],"wp:term":[{"taxonomy":"category","embeddable":true,"href":"https:\/\/moir.com.co\/web\/wp-json\/wp\/v2\/categories?post=14195"},{"taxonomy":"post_tag","embeddable":true,"href":"https:\/\/moir.com.co\/web\/wp-json\/wp\/v2\/tags?post=14195"}],"curies":[{"name":"wp","href":"https:\/\/api.w.org\/{rel}","templated":true}]}}