{"id":14185,"date":"2018-01-02T17:12:12","date_gmt":"2018-01-02T17:12:12","guid":{"rendered":"https:\/\/moir.org.co\/web\/?p=14185"},"modified":"2018-01-02T17:12:12","modified_gmt":"2018-01-02T17:12:12","slug":"la-gran-noticia-del-2017","status":"publish","type":"post","link":"https:\/\/moir.com.co\/web\/la-gran-noticia-del-2017\/","title":{"rendered":"La gran noticia del 2017"},"content":{"rendered":"<p><strong>Jos\u00e9 Arlex Arias, Cartagena, enero 2 de\u00a0 2018<\/strong><\/p>\n<p>As\u00ed como el personaje negativo del a\u00f1o pasado fue la corrupci\u00f3n, tambi\u00e9n nos dej\u00f3 una gran noticia, que de configurarse este a\u00f1o podr\u00eda trascender en la historia de Colombia, puesto que transformar\u00eda el orden de la Naci\u00f3n, desde el institucional hasta el privado. Se trata de la Coalici\u00f3n Ciudadana por Colombia, que pretende unir a todos los habitantes que ya est\u00e1n &#8220;mamados&#8221; de &#8220;los mismos con las mismas&#8221;, que saben que estos est\u00e1n identificados en muchos de los pol\u00edticos y caciques tradicionales, quienes se mimetizan, bien sea en partidos uribistas o santistas, o ahora por firmas, pero que son los alfiles que han ayudado a profundizar el neoliberalismo en el pa\u00eds; la Coalici\u00f3n Colombia por eso pone l\u00edmites a quienes quieran ingresar a ella: NI-NI-NI-NI: Ni santistas, Ni uribistas, Ni vargalleristas, Ni sus aliados y ac\u00f3litos, quienes posan de izquierdistas rojos, pero no son m\u00e1s que camaleones del mismo charco.<\/p>\n<p>&nbsp;<\/p>\n<p>\u00a1C\u00f3mo les ha dolido a estos \u00faltimos que no tengan cabida en la Coalici\u00f3n Colombia!; para ellos lo m\u00e1s grave es que los han desenmascarado. En esto han sido enf\u00e1ticos el candidato presidencial de la Coalici\u00f3n Colombia, Sergio Fajardo y los senadores Claudia L\u00f3pez y Jorge Robledo: No participar\u00e1n de ninguna consulta interpartidista en las elecciones de marzo y aspiran a ganar en la primera vuelta presidencial. Pero adem\u00e1s han dejado claro que su decisi\u00f3n de no participar en las consultas propuestas obedece a que los dem\u00e1s candidatos siempre han defendido tesis neoliberales, bien sea a modo propio o a trav\u00e9s de otros gobiernos; es decir, han sido aliados de gobiernos neoliberales.<\/p>\n<p>&nbsp;<\/p>\n<p>Por eso, la inmensa acogida que ha tenido la Coalici\u00f3n Colombia, conformada por los partidos: Alianza Verde, Polo Democr\u00e1tico Alternativo y el Movimiento Ciudadano, y por organizaciones sociales y gremiales, que viene catapultando al candidato presidencial Sergio Fajardo, es el producto de que los colombianos comienzan a hacer propio el programa de gobierno presentado ante la opini\u00f3n p\u00fablica, en el cual se destaca: Acabar con la mercantilizaci\u00f3n de los derechos fundamentales; una pol\u00edtica social y de empleo que genere oportunidades; reducir la pobreza y la desigualdad, lo que exige programas sociales, subsidios del Gobierno Nacional y un Estado que ofrezca bienes p\u00fablicos de calidad en la Colombia rural y urbana para abrir las puertas de las oportunidades y la creaci\u00f3n de empleo formal de calidad, como parte de una estrategia de desarrollo que apueste por impulsar las capacidades de las personas y del aparato productivo. Pero adem\u00e1s sobresale: &#8220;La pol\u00edtica exterior se fundamentar\u00e1 en la defensa de la soberan\u00eda de las naciones, el respeto por la autodeterminaci\u00f3n de los pueblos sin rompimientos de la democracia, manteniendo la vocaci\u00f3n hist\u00f3rica de Colombia de sostener relaciones armoniosas con las naciones del mundo. Realizar una defensa seria de nuestra soberan\u00eda en los diversos litigios que enfrenta el pa\u00eds, partiendo de un di\u00e1logo franco y transparente con la opini\u00f3n p\u00fablica y con el compromiso de respetar la legalidad internacional&#8221;. Por lo anterior, es importante que la poblaci\u00f3n profundice en la lectura de las 27 p\u00e1ginas del programa de gobierno y las propuestas sobre cada uno de los 20 temas que lo componen. \u00a1Una Coalici\u00f3n para transformar a Colombia!<\/p>\n","protected":false},"excerpt":{"rendered":"<p>Jos\u00e9 Arlex Arias, Cartagena, enero 2 de\u00a0 2018 As\u00ed como el personaje negativo del a\u00f1o pasado fue la corrupci\u00f3n, tambi\u00e9n nos dej\u00f3 una gran noticia, que de configurarse este a\u00f1o podr\u00eda trascender en la historia de Colombia, puesto que transformar\u00eda el orden de la Naci\u00f3n, desde el institucional hasta el privado. Se trata de la [&hellip;]<\/p>\n","protected":false},"author":1,"featured_media":14186,"comment_status":"open","ping_status":"open","sticky":false,"template":"","format":"standard","meta":{"advanced_seo_description":"","jetpack_seo_html_title":"","jetpack_seo_noindex":false,"_jetpack_memberships_contains_paid_content":false,"footnotes":""},"categories":[102,97,105,98],"tags":[],"class_list":["post-14185","post","type-post","status-publish","format-standard","has-post-thumbnail","hentry","category-economia","category-imperialismo-y-neoliberalismo","category-internacional-articulos-de-actualidad","category-politica"],"jetpack_featured_media_url":"https:\/\/i0.wp.com\/moir.com.co\/web\/wp-content\/uploads\/2018\/01\/coalicioncolombia2.jpeg?fit=275%2C183&ssl=1","jetpack-related-posts":[{"id":13328,"url":"https:\/\/moir.com.co\/web\/palabras-del-candidato-presidencial-jorge-robledo-en-el-primer-paso-de-la-gran-coalicion-ciudadana-por-colombia\/","url_meta":{"origin":14185,"position":0},"title":"Audio: Palabras del candidato presidencial Jorge Robledo en el primer paso de la Gran Coalici\u00f3n Ciudadana por Colombia","author":"admin","date":"septiembre 19, 2017","format":"audio","excerpt":"Palabras de Jorge Enrique Robledo, candidato presidencial del Polo Democr\u00e1tico en el llamado primero paso de la Gran Coalici\u00f3n Ciudadana por Colombia en compa\u00f1\u00eda de la candidata Claudia L\u00f3pez del Partido Verde y el candidato Sergio Fajardo de Compromiso Ciudadano quienes expresaron su voluntad de consolidar una coalici\u00f3n que decida\u2026","rel":"","context":"En \u00abEconom\u00eda\u00bb","block_context":{"text":"Econom\u00eda","link":"https:\/\/moir.com.co\/web\/category\/temas\/economia\/"},"img":{"alt_text":"","src":"https:\/\/i0.wp.com\/moir.com.co\/web\/wp-content\/uploads\/2017\/09\/coalicionlanzamiento.jpg?fit=1200%2C600&ssl=1&resize=350%2C200","width":350,"height":200,"srcset":"https:\/\/i0.wp.com\/moir.com.co\/web\/wp-content\/uploads\/2017\/09\/coalicionlanzamiento.jpg?fit=1200%2C600&ssl=1&resize=350%2C200 1x, https:\/\/i0.wp.com\/moir.com.co\/web\/wp-content\/uploads\/2017\/09\/coalicionlanzamiento.jpg?fit=1200%2C600&ssl=1&resize=525%2C300 1.5x, https:\/\/i0.wp.com\/moir.com.co\/web\/wp-content\/uploads\/2017\/09\/coalicionlanzamiento.jpg?fit=1200%2C600&ssl=1&resize=700%2C400 2x, https:\/\/i0.wp.com\/moir.com.co\/web\/wp-content\/uploads\/2017\/09\/coalicionlanzamiento.jpg?fit=1200%2C600&ssl=1&resize=1050%2C600 3x"},"classes":[]},{"id":19283,"url":"https:\/\/moir.com.co\/web\/el-gran-acuerdo-incluye-a-los-empresarios-nacionales\/","url_meta":{"origin":14185,"position":1},"title":"El Gran Acuerdo incluye a los empresarios nacionales","author":"admin","date":"septiembre 3, 2021","format":false,"excerpt":"Jos\u00e9 Arlex Arias, Cartagena, agosto 30 de 2021 En Colombia se est\u00e1n alinderando tres bloques electorales de donde saldr\u00e1 el presidente que suceder\u00e1 al actual, Iv\u00e1n Duque. En ellos se conjugan los m\u00ednimos program\u00e1ticos de las promesas, generalmente incumplidas, especialmente por los gobiernos neoliberales de los \u00faltimos treinta a\u00f1os, conocidos\u2026","rel":"","context":"En \u00abAgro\u00bb","block_context":{"text":"Agro","link":"https:\/\/moir.com.co\/web\/category\/temas\/agro\/"},"img":{"alt_text":"","src":"https:\/\/i0.wp.com\/moir.com.co\/web\/wp-content\/uploads\/2021\/06\/CoaliciondelaEsperanza.jpg?fit=1080%2C625&ssl=1&resize=350%2C200","width":350,"height":200,"srcset":"https:\/\/i0.wp.com\/moir.com.co\/web\/wp-content\/uploads\/2021\/06\/CoaliciondelaEsperanza.jpg?fit=1080%2C625&ssl=1&resize=350%2C200 1x, https:\/\/i0.wp.com\/moir.com.co\/web\/wp-content\/uploads\/2021\/06\/CoaliciondelaEsperanza.jpg?fit=1080%2C625&ssl=1&resize=525%2C300 1.5x, https:\/\/i0.wp.com\/moir.com.co\/web\/wp-content\/uploads\/2021\/06\/CoaliciondelaEsperanza.jpg?fit=1080%2C625&ssl=1&resize=700%2C400 2x, https:\/\/i0.wp.com\/moir.com.co\/web\/wp-content\/uploads\/2021\/06\/CoaliciondelaEsperanza.jpg?fit=1080%2C625&ssl=1&resize=1050%2C600 3x"},"classes":[]},{"id":19219,"url":"https:\/\/moir.com.co\/web\/alejandro-gaviria-no-es-como-lo-pintan\/","url_meta":{"origin":14185,"position":2},"title":"Alejandro Gaviria: no es como lo pintan","author":"admin","date":"julio 16, 2021","format":false,"excerpt":"Jos\u00e9 Arlex Arias, Cartagena, julio 12 de 2021 Algunos de los grandes medios de comunicaci\u00f3n se han lanzado en una nueva cruzada de seducci\u00f3n y enga\u00f1o al pueblo colombiano; no es extra\u00f1o, puesto que por ello tienen una gran responsabilidad en la enorme crisis econ\u00f3mica, social y pol\u00edtica en que\u2026","rel":"","context":"En \u00abEconom\u00eda\u00bb","block_context":{"text":"Econom\u00eda","link":"https:\/\/moir.com.co\/web\/category\/temas\/economia\/"},"img":{"alt_text":"","src":"https:\/\/i0.wp.com\/moir.com.co\/web\/wp-content\/uploads\/2021\/07\/Medimas.jpeg?fit=1200%2C680&ssl=1&resize=350%2C200","width":350,"height":200,"srcset":"https:\/\/i0.wp.com\/moir.com.co\/web\/wp-content\/uploads\/2021\/07\/Medimas.jpeg?fit=1200%2C680&ssl=1&resize=350%2C200 1x, https:\/\/i0.wp.com\/moir.com.co\/web\/wp-content\/uploads\/2021\/07\/Medimas.jpeg?fit=1200%2C680&ssl=1&resize=525%2C300 1.5x, https:\/\/i0.wp.com\/moir.com.co\/web\/wp-content\/uploads\/2021\/07\/Medimas.jpeg?fit=1200%2C680&ssl=1&resize=700%2C400 2x, https:\/\/i0.wp.com\/moir.com.co\/web\/wp-content\/uploads\/2021\/07\/Medimas.jpeg?fit=1200%2C680&ssl=1&resize=1050%2C600 3x"},"classes":[]},{"id":19265,"url":"https:\/\/moir.com.co\/web\/crece-la-esperanza\/","url_meta":{"origin":14185,"position":3},"title":"Crece la esperanza","author":"admin","date":"agosto 19, 2021","format":false,"excerpt":"Jos\u00e9 Arlex Arias, Cartagena, agosto 17 de 2021 La profunda crisis econ\u00f3mica y social que padecen los colombianos deja en claro el fracaso del modelo econ\u00f3mico neoliberal, que de manera ininterrumpida han implementado los gobiernos de turno, desde 1989, con la firma del Consenso de Washington por Virgilio Barco Vargas\u2026","rel":"","context":"En \u00abEconom\u00eda\u00bb","block_context":{"text":"Econom\u00eda","link":"https:\/\/moir.com.co\/web\/category\/temas\/economia\/"},"img":{"alt_text":"","src":"https:\/\/i0.wp.com\/moir.com.co\/web\/wp-content\/uploads\/2021\/08\/CoalicionEsperanza.jpeg?fit=980%2C590&ssl=1&resize=350%2C200","width":350,"height":200,"srcset":"https:\/\/i0.wp.com\/moir.com.co\/web\/wp-content\/uploads\/2021\/08\/CoalicionEsperanza.jpeg?fit=980%2C590&ssl=1&resize=350%2C200 1x, https:\/\/i0.wp.com\/moir.com.co\/web\/wp-content\/uploads\/2021\/08\/CoalicionEsperanza.jpeg?fit=980%2C590&ssl=1&resize=525%2C300 1.5x, https:\/\/i0.wp.com\/moir.com.co\/web\/wp-content\/uploads\/2021\/08\/CoalicionEsperanza.jpeg?fit=980%2C590&ssl=1&resize=700%2C400 2x"},"classes":[]},{"id":14153,"url":"https:\/\/moir.com.co\/web\/hay-coalicion-colombia\/","url_meta":{"origin":14185,"position":4},"title":"Hay Coalici\u00f3n Colombia","author":"admin","date":"diciembre 21, 2017","format":false,"excerpt":"Dar\u00edo Arenas Villegas, Manizales, diciembre 21 de 2017 La unidad pol\u00edtica y electoral planteada por Jorge Robledo, Sergio Fajardo y Claudia L\u00f3pez, lleg\u00f3 a feliz t\u00e9rmino el 20 de diciembre de este a\u00f1o. Pese al escepticismo de muchos, que les endilgaron a los tres l\u00edderes supuestos egos o temperamentos que\u2026","rel":"","context":"En \u00abCiencia\u00bb","block_context":{"text":"Ciencia","link":"https:\/\/moir.com.co\/web\/category\/temas\/ciencia\/"},"img":{"alt_text":"","src":"","width":0,"height":0},"classes":[]},{"id":15951,"url":"https:\/\/moir.com.co\/web\/un-gran-pacto-nacional-con-duque\/","url_meta":{"origin":14185,"position":5},"title":"\u00bfUn gran pacto nacional con Duque?","author":"admin","date":"septiembre 17, 2018","format":false,"excerpt":"Jos\u00e9 Arlex Arias, Cartagena, septiembre 17 de 2018 En los \u00faltimos hechos electorales se han dado resultados que son incontrovertibles y demuestran que muchas cosas est\u00e1n cambiando. En la \u00faltima puja por la presidencia, en la primera vuelta del pasado 27 de mayo, a pesar que el balotaje qued\u00f3 entre\u2026","rel":"","context":"En \u00abEconom\u00eda\u00bb","block_context":{"text":"Econom\u00eda","link":"https:\/\/moir.com.co\/web\/category\/temas\/economia\/"},"img":{"alt_text":"","src":"","width":0,"height":0},"classes":[]}],"jetpack_sharing_enabled":true,"_links":{"self":[{"href":"https:\/\/moir.com.co\/web\/wp-json\/wp\/v2\/posts\/14185","targetHints":{"allow":["GET"]}}],"collection":[{"href":"https:\/\/moir.com.co\/web\/wp-json\/wp\/v2\/posts"}],"about":[{"href":"https:\/\/moir.com.co\/web\/wp-json\/wp\/v2\/types\/post"}],"author":[{"embeddable":true,"href":"https:\/\/moir.com.co\/web\/wp-json\/wp\/v2\/users\/1"}],"replies":[{"embeddable":true,"href":"https:\/\/moir.com.co\/web\/wp-json\/wp\/v2\/comments?post=14185"}],"version-history":[{"count":1,"href":"https:\/\/moir.com.co\/web\/wp-json\/wp\/v2\/posts\/14185\/revisions"}],"predecessor-version":[{"id":14187,"href":"https:\/\/moir.com.co\/web\/wp-json\/wp\/v2\/posts\/14185\/revisions\/14187"}],"wp:featuredmedia":[{"embeddable":true,"href":"https:\/\/moir.com.co\/web\/wp-json\/wp\/v2\/media\/14186"}],"wp:attachment":[{"href":"https:\/\/moir.com.co\/web\/wp-json\/wp\/v2\/media?parent=14185"}],"wp:term":[{"taxonomy":"category","embeddable":true,"href":"https:\/\/moir.com.co\/web\/wp-json\/wp\/v2\/categories?post=14185"},{"taxonomy":"post_tag","embeddable":true,"href":"https:\/\/moir.com.co\/web\/wp-json\/wp\/v2\/tags?post=14185"}],"curies":[{"name":"wp","href":"https:\/\/api.w.org\/{rel}","templated":true}]}}