{"id":14180,"date":"2017-12-26T16:57:00","date_gmt":"2017-12-26T16:57:00","guid":{"rendered":"https:\/\/moir.org.co\/web\/?p=14180"},"modified":"2017-12-26T16:57:00","modified_gmt":"2017-12-26T16:57:00","slug":"hampones","status":"publish","type":"post","link":"https:\/\/moir.com.co\/web\/hampones\/","title":{"rendered":"\u00a1Hampones!"},"content":{"rendered":"<p><strong>Jos\u00e9 Arlex Arias, Cartagena, diciembre 26 de 2017<\/strong><\/p>\n<p>En esta \u00faltima columna del 2017 es necesario resaltar el personaje negativo de este a\u00f1o en Colombia. Se trata de la corrupci\u00f3n que en todos los niveles del gobierno nacional y en el sector privado \u2013es decir, en casi toda la sociedad\u2013 se destap\u00f3 en este per\u00edodo que agoniza. No se justifica la corrupci\u00f3n bajo ning\u00fan argumento, ni bajo ninguna bander\u00eda, pero es mucho m\u00e1s criminal aquella que se comete contra el erario, ese presupuesto que un pa\u00eds debe dedicar a solucionar las profundas inequidades y las necesidades b\u00e1sicas insatisfechas de la poblaci\u00f3n. No en balde algunas culturas aplican los castigos m\u00e1s ejemplarizantes a los corruptos y con mayor severidad contra aquellos que gobiernan y dirigen la poblaci\u00f3n.<\/p>\n<p>&nbsp;<\/p>\n<p>En Colombia, los hampones &#8220;de cuello blanco&#8221;, cuales bandas criminales, organizan verdaderos conciertos para delinquir mediante la creaci\u00f3n de intrincadas redes a trav\u00e9s de la cuales se roban el presupuesto. Su primer acto es raptarse las elecciones, ya sean presidenciales, a corporaciones p\u00fablicas o de gobiernos territoriales, para desde all\u00ed secuestrar los respectivos presupuestos. Los financistas de las campa\u00f1as son los que quitan y ponen al presidente de la Rep\u00fablica, a congresistas, diputados, concejales, gobernadores, alcaldes, ediles y hasta los integrantes de las Juntas Comunales; adem\u00e1s, son los que ponen y quitan los funcionarios que deciden el manejo de los presupuestos y adjudican los contratos, a trav\u00e9s de los cuales se roban los dineros.<\/p>\n<p>&nbsp;<\/p>\n<p>Fueron denunciadas pruebas suficientes de la cooptaci\u00f3n por parte de Odebrecht a las campa\u00f1as presidenciales de Oscar Iv\u00e1n Zuluaga, del uribista Centro Democr\u00e1tico, as\u00ed como la primera campa\u00f1a presidencial de la alianza Uribe \u2013 Juan Manuel Santos en 2010 y la posterior reelecci\u00f3n de Santos en 2014; adem\u00e1s, la multinacional financi\u00f3 a varios de sus congresistas y a un personaje siniestro, Gabriel Garc\u00eda Moreno, que le impusieron solo 5 a\u00f1os de c\u00e1rcel y una multa de $60 millones, con lo que se demuestra que \u00a1robarse las elecciones presidenciales y de Congreso s\u00ed paga! Mientras eso sucede, a un &#8220;roba gallinas&#8221; muerto de hambre, le dan una condena ejemplar de 10 a\u00f1os. No sucede nada contra los hampones de cuello blanco, quienes siguen legalizando sus robos \u2013como fue denunciado en el Congreso de la Rep\u00fablica\u2013 con la nueva Ley de Infraestructura, con la que el Estado colombiano tendr\u00e1 que cubrir los dineros que se roben los potentados en sus maniobras en la contrataci\u00f3n.<\/p>\n<p>&nbsp;<\/p>\n<p>No se sabe nada de los verdaderos cerebros en los robos a SaludCoop, Reficar, las libranzas, al Programa de Alimentaci\u00f3n Escolar, a la DIAN y a la Direcci\u00f3n Nacional de Estupefacientes; tampoco se supo m\u00e1s de los que tienen la plata en Para\u00edsos Fiscales, ni hay actuaciones en contra de la apropiaci\u00f3n, que seg\u00fan la Contralor\u00eda, hizo la administraci\u00f3n espa\u00f1ola de Electricaribe, de 216.894 millones de pesos que el Fondo de Energ\u00eda Social (FOES)\u00a0del Ministerio de Minas y Energ\u00eda, le gir\u00f3 a esa compa\u00f1\u00eda para asumir el costo del consumo energ\u00e9tico de los habitantes de los departamentos del Atl\u00e1ntico, C\u00f3rdoba, Bol\u00edvar, Magdalena, Sucre, La Guajira y Cesar. \u00a1En estas fiestas de Navidad y A\u00f1o Nuevo, estos hampones, de la gran sociedad, gastar\u00e1n a manos llenas mientras el pueblo ruega por un regalito!<\/p>\n","protected":false},"excerpt":{"rendered":"<p>Jos\u00e9 Arlex Arias, Cartagena, diciembre 26 de 2017 En esta \u00faltima columna del 2017 es necesario resaltar el personaje negativo de este a\u00f1o en Colombia. Se trata de la corrupci\u00f3n que en todos los niveles del gobierno nacional y en el sector privado \u2013es decir, en casi toda la sociedad\u2013 se destap\u00f3 en este per\u00edodo [&hellip;]<\/p>\n","protected":false},"author":1,"featured_media":0,"comment_status":"open","ping_status":"open","sticky":false,"template":"","format":"standard","meta":{"advanced_seo_description":"","jetpack_seo_html_title":"","jetpack_seo_noindex":false,"_jetpack_memberships_contains_paid_content":false,"footnotes":""},"categories":[102,97,98],"tags":[],"class_list":["post-14180","post","type-post","status-publish","format-standard","hentry","category-economia","category-imperialismo-y-neoliberalismo","category-politica"],"jetpack_featured_media_url":"","jetpack-related-posts":[{"id":19320,"url":"https:\/\/moir.com.co\/web\/no-son-empresarios-son-hampones\/","url_meta":{"origin":14180,"position":0},"title":"No son empresarios, son hampones","author":"admin","date":"octubre 9, 2021","format":false,"excerpt":"Jos\u00e9 Arlex Arias, Cartagena, octubre 4 de 2021 Uno de los graves problemas que han conducido a Colombia a la crisis econ\u00f3mica y social que hoy viven sus habitantes es el escaso desarrollo productivo que no permite la creaci\u00f3n de riqueza, la acumulaci\u00f3n de capital nacional y fuentes de generaci\u00f3n\u2026","rel":"","context":"En \u00abCorrupci\u00f3n\u00bb","block_context":{"text":"Corrupci\u00f3n","link":"https:\/\/moir.com.co\/web\/category\/temas\/corrupcion\/"},"img":{"alt_text":"","src":"https:\/\/i0.wp.com\/moir.com.co\/web\/wp-content\/uploads\/2021\/10\/CorrupcionyNeoliberalismo.jpg?fit=852%2C567&ssl=1&resize=350%2C200","width":350,"height":200,"srcset":"https:\/\/i0.wp.com\/moir.com.co\/web\/wp-content\/uploads\/2021\/10\/CorrupcionyNeoliberalismo.jpg?fit=852%2C567&ssl=1&resize=350%2C200 1x, https:\/\/i0.wp.com\/moir.com.co\/web\/wp-content\/uploads\/2021\/10\/CorrupcionyNeoliberalismo.jpg?fit=852%2C567&ssl=1&resize=525%2C300 1.5x, https:\/\/i0.wp.com\/moir.com.co\/web\/wp-content\/uploads\/2021\/10\/CorrupcionyNeoliberalismo.jpg?fit=852%2C567&ssl=1&resize=700%2C400 2x"},"classes":[]},{"id":19490,"url":"https:\/\/moir.com.co\/web\/un-congreso-soberano-e-independiente\/","url_meta":{"origin":14180,"position":1},"title":"Un Congreso soberano e independiente","author":"admin","date":"marzo 5, 2022","format":false,"excerpt":"Jos\u00e9 Arlex Arias, Cartagena, febrero 28 de 2022 El pr\u00f3ximo 13 de marzo los colombianos tienen una oportunidad de decidir sobre los destinos de su pa\u00eds, puesto que estar\u00e1n participando en los comicios que finalizar\u00e1n con la elecci\u00f3n del Congreso de la Rep\u00fablica, convertido \u00faltimamente en un establo donde se\u2026","rel":"","context":"En \u00abEconom\u00eda\u00bb","block_context":{"text":"Econom\u00eda","link":"https:\/\/moir.com.co\/web\/category\/temas\/economia\/"},"img":{"alt_text":"","src":"https:\/\/i0.wp.com\/moir.com.co\/web\/wp-content\/uploads\/2022\/03\/congreso.jpeg?fit=730%2C450&ssl=1&resize=350%2C200","width":350,"height":200,"srcset":"https:\/\/i0.wp.com\/moir.com.co\/web\/wp-content\/uploads\/2022\/03\/congreso.jpeg?fit=730%2C450&ssl=1&resize=350%2C200 1x, https:\/\/i0.wp.com\/moir.com.co\/web\/wp-content\/uploads\/2022\/03\/congreso.jpeg?fit=730%2C450&ssl=1&resize=525%2C300 1.5x, https:\/\/i0.wp.com\/moir.com.co\/web\/wp-content\/uploads\/2022\/03\/congreso.jpeg?fit=730%2C450&ssl=1&resize=700%2C400 2x"},"classes":[]},{"id":20483,"url":"https:\/\/moir.com.co\/web\/colombia-no-puede-estar-condenada-eternamente-a-la-esclavitud-y-a-la-miseria\/","url_meta":{"origin":14180,"position":2},"title":"COLOMBIA NO PUEDE ESTAR CONDENADA ETERNAMENTE A LA ESCLAVITUD Y A LA MISERIA","author":"admin","date":"enero 23, 2005","format":false,"excerpt":"En noviembre de 1976, mi partido, la Alianza Nacional Popular, ANAPO, realiz\u00f3 su congreso nacional con el prop\u00f3sito de destituir la direcci\u00f3n reaccionaria, entreguista y conciliadora de Mar\u00eda Eugenia Rojas de Moreno D\u00edaz, y se design\u00f3 como jefe a quien lo merec\u00eda por mil t\u00edtulos, a Jos\u00e9 Jaramillo Giraldo. Desde\u2026","rel":"","context":"En \u00abTribuna Roja N\u00b0 35, Bogot\u00e1; enero de 1980\u00bb","block_context":{"text":"Tribuna Roja N\u00b0 35, Bogot\u00e1; enero de 1980","link":"https:\/\/moir.com.co\/web\/category\/tribuna-roja\/ediciones-1980-1984\/tribuna-roja-n-35-bogota-enero-de-1980\/"},"img":{"alt_text":"","src":"","width":0,"height":0},"classes":[]},{"id":18337,"url":"https:\/\/moir.com.co\/web\/que-es-colombia-panoramica-de-un-pais-de-exclusiones-y-de-violencias-a-granel\/","url_meta":{"origin":14180,"position":3},"title":"\u00bfQu\u00e9 es Colombia? Panor\u00e1mica de un pa\u00eds de exclusiones y de violencias a granel","author":"admin","date":"enero 9, 2020","format":false,"excerpt":"Reinaldo Spitaletta, Medell\u00edn, enero de 2020 \u00bfQu\u00e9 es Colombia? En realidad, no es un acto de fe, como se proclama del \u201cser colombiano\u201d en Ulrica, un cuento de Borges. No es un sue\u00f1o de Bol\u00edvar, al que su aspiraci\u00f3n de un pa\u00eds de fraternidades se la distorsionaron y erigieron en\u2026","rel":"","context":"En \u00abArtes\u00bb","block_context":{"text":"Artes","link":"https:\/\/moir.com.co\/web\/category\/temas\/artes\/"},"img":{"alt_text":"","src":"https:\/\/i0.wp.com\/moir.com.co\/web\/wp-content\/uploads\/2020\/01\/desplazados3.jpg?fit=1200%2C675&ssl=1&resize=350%2C200","width":350,"height":200,"srcset":"https:\/\/i0.wp.com\/moir.com.co\/web\/wp-content\/uploads\/2020\/01\/desplazados3.jpg?fit=1200%2C675&ssl=1&resize=350%2C200 1x, https:\/\/i0.wp.com\/moir.com.co\/web\/wp-content\/uploads\/2020\/01\/desplazados3.jpg?fit=1200%2C675&ssl=1&resize=525%2C300 1.5x, https:\/\/i0.wp.com\/moir.com.co\/web\/wp-content\/uploads\/2020\/01\/desplazados3.jpg?fit=1200%2C675&ssl=1&resize=700%2C400 2x, https:\/\/i0.wp.com\/moir.com.co\/web\/wp-content\/uploads\/2020\/01\/desplazados3.jpg?fit=1200%2C675&ssl=1&resize=1050%2C600 3x"},"classes":[]},{"id":14016,"url":"https:\/\/moir.com.co\/web\/plan-de-desnutricion-escolar\/","url_meta":{"origin":14180,"position":4},"title":"Plan de desnutrici\u00f3n escolar","author":"admin","date":"diciembre 4, 2017","format":false,"excerpt":"Libardo G\u00f3mez S\u00e1nchez, Neiva, diciembre 4 de 2017 A sus ocho a\u00f1itos cumplidos Juan David es un ni\u00f1o que presenta algunas se\u00f1ales de desnutrici\u00f3n, se fatiga con facilidad \u00a0cuando debe realizar alg\u00fan ejercicio f\u00edsico, es frecuente verlo con la cabecita sobre el pupitre por una somnolencia persistente y leer o\u2026","rel":"","context":"En \u00abEconom\u00eda\u00bb","block_context":{"text":"Econom\u00eda","link":"https:\/\/moir.com.co\/web\/category\/temas\/economia\/"},"img":{"alt_text":"","src":"https:\/\/i0.wp.com\/moir.com.co\/web\/wp-content\/uploads\/2017\/12\/PAEcorrupcion.jpg?fit=640%2C640&ssl=1&resize=350%2C200","width":350,"height":200,"srcset":"https:\/\/i0.wp.com\/moir.com.co\/web\/wp-content\/uploads\/2017\/12\/PAEcorrupcion.jpg?fit=640%2C640&ssl=1&resize=350%2C200 1x, https:\/\/i0.wp.com\/moir.com.co\/web\/wp-content\/uploads\/2017\/12\/PAEcorrupcion.jpg?fit=640%2C640&ssl=1&resize=525%2C300 1.5x"},"classes":[]},{"id":13427,"url":"https:\/\/moir.com.co\/web\/gran-debate-la-corrupcion-en-el-poder-martes-3-de-octubre-5-pm-por-tv\/","url_meta":{"origin":14180,"position":5},"title":"Gran debate La corrupci\u00f3n en el poder \u2013 MARTES 3 DE OCTUBRE, 5 PM POR TV","author":"admin","date":"octubre 3, 2017","format":false,"excerpt":"Oficina de prensa del senador Jorge Enrique Robledo, Bogot\u00e1, octubre 2 de 2017 Los casos de Odebrecht, fiscal anticorrupci\u00f3n corrupto y los sobornos desde la Corte Suprema de Justicia en debate citado por el senador Jorge Enrique Robledo y la senadora Claudia L\u00f3pez el martes 3 de octubre desde las\u2026","rel":"","context":"En \u00abImperialismo y Neoliberalismo\u00bb","block_context":{"text":"Imperialismo y Neoliberalismo","link":"https:\/\/moir.com.co\/web\/category\/temas\/imperialismo-y-neoliberalismo\/"},"img":{"alt_text":"","src":"https:\/\/i0.wp.com\/moir.com.co\/web\/wp-content\/uploads\/2017\/08\/robledoaftosa.jpg?fit=768%2C403&ssl=1&resize=350%2C200","width":350,"height":200,"srcset":"https:\/\/i0.wp.com\/moir.com.co\/web\/wp-content\/uploads\/2017\/08\/robledoaftosa.jpg?fit=768%2C403&ssl=1&resize=350%2C200 1x, https:\/\/i0.wp.com\/moir.com.co\/web\/wp-content\/uploads\/2017\/08\/robledoaftosa.jpg?fit=768%2C403&ssl=1&resize=525%2C300 1.5x, https:\/\/i0.wp.com\/moir.com.co\/web\/wp-content\/uploads\/2017\/08\/robledoaftosa.jpg?fit=768%2C403&ssl=1&resize=700%2C400 2x"},"classes":[]}],"jetpack_sharing_enabled":true,"_links":{"self":[{"href":"https:\/\/moir.com.co\/web\/wp-json\/wp\/v2\/posts\/14180","targetHints":{"allow":["GET"]}}],"collection":[{"href":"https:\/\/moir.com.co\/web\/wp-json\/wp\/v2\/posts"}],"about":[{"href":"https:\/\/moir.com.co\/web\/wp-json\/wp\/v2\/types\/post"}],"author":[{"embeddable":true,"href":"https:\/\/moir.com.co\/web\/wp-json\/wp\/v2\/users\/1"}],"replies":[{"embeddable":true,"href":"https:\/\/moir.com.co\/web\/wp-json\/wp\/v2\/comments?post=14180"}],"version-history":[{"count":1,"href":"https:\/\/moir.com.co\/web\/wp-json\/wp\/v2\/posts\/14180\/revisions"}],"predecessor-version":[{"id":14181,"href":"https:\/\/moir.com.co\/web\/wp-json\/wp\/v2\/posts\/14180\/revisions\/14181"}],"wp:attachment":[{"href":"https:\/\/moir.com.co\/web\/wp-json\/wp\/v2\/media?parent=14180"}],"wp:term":[{"taxonomy":"category","embeddable":true,"href":"https:\/\/moir.com.co\/web\/wp-json\/wp\/v2\/categories?post=14180"},{"taxonomy":"post_tag","embeddable":true,"href":"https:\/\/moir.com.co\/web\/wp-json\/wp\/v2\/tags?post=14180"}],"curies":[{"name":"wp","href":"https:\/\/api.w.org\/{rel}","templated":true}]}}