{"id":14172,"date":"2017-12-26T16:25:13","date_gmt":"2017-12-26T16:25:13","guid":{"rendered":"https:\/\/moir.org.co\/web\/?p=14172"},"modified":"2017-12-26T16:25:13","modified_gmt":"2017-12-26T16:25:13","slug":"o-cambiamos-o-nos-seguimos-hundiendo","status":"publish","type":"post","link":"https:\/\/moir.com.co\/web\/o-cambiamos-o-nos-seguimos-hundiendo\/","title":{"rendered":"O cambiamos o nos seguimos hundiendo"},"content":{"rendered":"<p><strong>Patricia Cifuentes, Bogot\u00e1, diciembre 26 de 2017<\/strong><\/p>\n<p>La econom\u00eda colombiana no solamente se encuentra en desaceleraci\u00f3n, como lo aseguran muchos analistas. Su situaci\u00f3n es de estancamiento y de vulnerabilidad. No es cierto que haya tocado fondo y que vaya a comenzar a recuperarse.<\/p>\n<p>De acuerdo con el analista econ\u00f3mico Aurelio Su\u00e1rez, hay m\u00e1s de dos millones de personas desempleadas y las tan cacareadas cinco locomotoras de Santos generaron entre 2010 y 2017 apenas 300.000 nuevos empleos de los m\u00e1s de tres millones que se crearon. El endeudamiento del pa\u00eds es grav\u00edsimo, con $470 billones. Cada ni\u00f1o nace con una deuda de 10 billones de pesos (<a href=\"http:\/\/bit.ly\/2BW2Sq8\">http:\/\/bit.ly\/2BW2Sq8<\/a>)<\/p>\n<p>Su\u00e1rez afirma que hay un d\u00e9ficit de la cuentas externas del 4% y uno fiscal del 3,6%, generando lo que se conoce como d\u00e9ficit gemelos, haciendo que la econom\u00eda sea cada vez m\u00e1s dependiente del capital extranjero, lo que trae como consecuencia que cualquier cambio en las pol\u00edticas econ\u00f3micas de otros pa\u00edses afecten de manera grave la colombiana.<\/p>\n<p>Un alza en las tasas de inter\u00e9s y una disminuci\u00f3n en los impuestos de Estados Unidos provocar\u00edan que buena parte de la inversi\u00f3n extranjera se fuera en busca de mejores rentabilidades.<\/p>\n<p>El presupuesto de gastos del gobierno, que se divide en funcionamiento, inversi\u00f3n y pago de deuda, es ya insuficiente y para cumplir con los \u00faltimos dos rubros se est\u00e1 utilizando nueva deuda. La \u00faltima reforma tributaria no fue estructural y sigui\u00f3 cargando con impuestos a las capas medias. Las calificadoras de riesgo bajaron la calificaci\u00f3n de la econom\u00eda del pa\u00eds.<\/p>\n<p>Es evidente que los colombianos son cada vez m\u00e1s conscientes de la crisis. En la \u00faltima encuesta Yanhaas realizada en diciembre, al preguntarles si en aspectos pol\u00edticos, econ\u00f3micos y sociales consideraban que Colombia iba por buen o mal camino, el 76% opin\u00f3 que por mal camino, un 13% m\u00e1s que en la medici\u00f3n de septiembre. En particular sobre la situaci\u00f3n econ\u00f3mica, el 81% considera que est\u00e1 mal y tan solo el 13% que es buena (<a href=\"http:\/\/bit.ly\/2DDd5Iy\">http:\/\/bit.ly\/2DDd5Iy<\/a>).<\/p>\n<p>Estas valoraciones son a\u00fan m\u00e1s graves teniendo en cuenta que la encuesta se realiz\u00f3 en diciembre, \u00e9poca en que tradicionalmente la econom\u00eda tiene mayor dinamismo.<\/p>\n<p>De acuerdo con la encuesta Yanhaas los principales temas que preocupan a los colombianos son la inseguridad ciudadana, la salud, el desempleo, la econom\u00eda del pa\u00eds y la corrupci\u00f3n. Estos mismos temas son los que definen el voto para las elecciones presidenciales que se realizar\u00e1n en mayo del 2018.<\/p>\n<p>Es fundamental que los electores analicen muy bien para qui\u00e9n va a ser su voto. Si para las fuerzas tradicionales encabezadas por personajes como Germ\u00e1n Vargas Lleras, Marta Luc\u00eda Ram\u00edrez, Iv\u00e1n Duque, Alejandro Ord\u00f3\u00f1ez, Humberto de la Calle, Gustavo Petro o Clara L\u00f3pez.<\/p>\n<p>Delfines o compadres de quienes hist\u00f3ricamente han estado en el poder, que han participado uno tras otro en los gobiernos causantes de la crisis o si por el contrario van a buscar fuerzas alternativas, alejadas de esos de siempre que pr\u00e1cticamente se turnan los gobiernos para seguir dando al pa\u00eds m\u00e1s del mismo veneno.<\/p>\n<p>Estas nuevas propuestas vienen con un aire fresco y renovador y est\u00e1n encabezadas por respetadas figuras como Claudia L\u00f3pez; Jorge Enrique Robledo, elegido 5 veces mejor senador, hoy nuevamente cabeza de lista del Polo Democr\u00e1tico Alternativo, y Sergio Fajardo, quien ha sido escogido como candidato presidencial para representar estas ideas bajo el nombre de Coalici\u00f3n Colombia o CoCo, como varios medios de comunicaci\u00f3n les han llamado, para ser el coco de la corrupci\u00f3n, la desigualdad, la pobreza y la inequidad.<\/p>\n<p>En su programa, la Coalici\u00f3n propone hacer una reforma integral de la salud, para garantizarla como derecho fundamental, por encima del lucro y la corrupci\u00f3n, y no como mercanc\u00eda. Propone una pol\u00edtica social de empleo que genere oportunidades, con una estrategia de desarrollo que permita impulsar el aparato productivo nacional. Y asegurar incrementos en la productividad con un desarrollo econ\u00f3mico cuya base sean las capacidades de las personas y las fortalezas de los territorios.<\/p>\n<p>Como primer punto, el programa contempla la lucha contra la corrupci\u00f3n, el clientelismo y la cultura de la ilegalidad, asegurando que su sello es la transparencia, el cumplimiento de las reglas del juego y la rendici\u00f3n constante de cuentas a la ciudadan\u00eda (<a href=\"http:\/\/bit.ly\/2AWgi7D\">http:\/\/bit.ly\/2AWgi7D<\/a>)<\/p>\n<p>As\u00ed est\u00e1n las cosas y en manos de cada uno de los electores est\u00e1 decidir si quieren continuar por este camino de desesperanza y crisis o dar la entrada a nuevas ideas que den un nuevo rumbo al pa\u00eds. Es hora de que los colombianos digan no m\u00e1s de los mismos con las mismas, porque lo cierto es que Colombia tiene que cambiar.<\/p>\n","protected":false},"excerpt":{"rendered":"<p>Patricia Cifuentes, Bogot\u00e1, diciembre 26 de 2017 La econom\u00eda colombiana no solamente se encuentra en desaceleraci\u00f3n, como lo aseguran muchos analistas. Su situaci\u00f3n es de estancamiento y de vulnerabilidad. No es cierto que haya tocado fondo y que vaya a comenzar a recuperarse. De acuerdo con el analista econ\u00f3mico Aurelio Su\u00e1rez, hay m\u00e1s de dos [&hellip;]<\/p>\n","protected":false},"author":1,"featured_media":13289,"comment_status":"open","ping_status":"open","sticky":false,"template":"","format":"standard","meta":{"advanced_seo_description":"","jetpack_seo_html_title":"","jetpack_seo_noindex":false,"_jetpack_memberships_contains_paid_content":false,"footnotes":""},"categories":[102,97,98],"tags":[],"class_list":["post-14172","post","type-post","status-publish","format-standard","has-post-thumbnail","hentry","category-economia","category-imperialismo-y-neoliberalismo","category-politica"],"jetpack_featured_media_url":"https:\/\/i0.wp.com\/moir.com.co\/web\/wp-content\/uploads\/2017\/09\/corrupcion_1.jpg?fit=141%2C115&ssl=1","jetpack-related-posts":[{"id":12886,"url":"https:\/\/moir.com.co\/web\/la-economia-colombiana-esta-endeudada-y-en-riesgo-aurelio-suarez\/","url_meta":{"origin":14172,"position":0},"title":"La econom\u00eda colombiana est\u00e1 endeudada y en riesgo: Aurelio Su\u00e1rez","author":"admin","date":"julio 16, 2017","format":false,"excerpt":"Entrevista de Germ\u00e1n Enrique Nu\u00f1ez a Aurelio Su\u00e1rez Montoya,\u00a0http:\/\/diariolaeconomia.com\/, julio 15 de 2017 Para el analista econ\u00f3mico, la situaci\u00f3n es muy compleja porque el pa\u00eds est\u00e1 agudizando su pobreza con unas reformas econ\u00f3micas que resultaron nocivas y contractivas. La triste realidad, cada ni\u00f1o que nace debe $10 millones. Indiscutiblemente no\u2026","rel":"","context":"En \u00abAurelio Su\u00e1rez Montoya\u00bb","block_context":{"text":"Aurelio Su\u00e1rez Montoya","link":"https:\/\/moir.com.co\/web\/category\/bitacoras\/aurelio-suarez-montoya\/"},"img":{"alt_text":"","src":"","width":0,"height":0},"classes":[]},{"id":12952,"url":"https:\/\/moir.com.co\/web\/sin-nacer-cada-colombiano-debe-10-millones\/","url_meta":{"origin":14172,"position":1},"title":"&#8220;Sin nacer, cada colombiano debe $10 millones&#8221;","author":"admin","date":"julio 23, 2017","format":false,"excerpt":"Entrevista de El Nuevo Siglo a Aurelio Su\u00e1rez Montoya, Bogot\u00e1, julio 23 de 2017 La situaci\u00f3n de la econom\u00eda colombiana es hoy de postraci\u00f3n, el momento es muy dif\u00edcil, la corrupci\u00f3n, los malos contratos y el robo campean, dejando a m\u00e1s colombianos en serias dificultades por la baja calidad del\u2026","rel":"","context":"En \u00abAgro\u00bb","block_context":{"text":"Agro","link":"https:\/\/moir.com.co\/web\/category\/temas\/agro\/"},"img":{"alt_text":"","src":"https:\/\/i0.wp.com\/moir.com.co\/web\/wp-content\/uploads\/2017\/07\/aurelio_sv3-1.jpg?fit=228%2C228&ssl=1&resize=350%2C200","width":350,"height":200},"classes":[]},{"id":10071,"url":"https:\/\/moir.com.co\/web\/deficits-gemelos-y-economia-dependiente\/","url_meta":{"origin":14172,"position":2},"title":"D\u00e9ficits gemelos y econom\u00eda dependiente","author":"admin","date":"abril 6, 2016","format":false,"excerpt":"En entrevista para EL TIEMPO (febrero 28 de 2016), el ministro de Hacienda, Mauricio C\u00e1rdenas, expres\u00f3: \u201cNos dijo (Standard & Poor\u00b4s) que (\u2026) debemos seguir reduciendo los llamados d\u00e9ficits gemelos, el fiscal y el externo\u201d. M\u00e1s tarde, el codirector del Banco de la Rep\u00fablica, Carlos Gustavo Cano (marzo 6 de\u2026","rel":"","context":"En \u00abAurelio Su\u00e1rez Montoya\u00bb","block_context":{"text":"Aurelio Su\u00e1rez Montoya","link":"https:\/\/moir.com.co\/web\/category\/bitacoras\/aurelio-suarez-montoya\/"},"img":{"alt_text":"","src":"","width":0,"height":0},"classes":[]},{"id":9706,"url":"https:\/\/moir.com.co\/web\/obamanomics\/","url_meta":{"origin":14172,"position":3},"title":"&#8216;Obamanomics&#8217;","author":"admin","date":"octubre 13, 2015","format":false,"excerpt":"EE. UU. empez\u00f3 a recoger los d\u00f3lares diseminados y sacudir\u00e1 las dem\u00e1s econom\u00edas, empezando por China. Muchos analistas, para explicar la desaceleraci\u00f3n econ\u00f3mica nacional, encuentran razones en los d\u00e9ficits recurrentes en cuentas externas y fiscales, en la ca\u00edda de la industria, de la miner\u00eda, de los hidrocarburos y del agro,\u2026","rel":"","context":"En \u00abAurelio Su\u00e1rez Montoya\u00bb","block_context":{"text":"Aurelio Su\u00e1rez Montoya","link":"https:\/\/moir.com.co\/web\/category\/bitacoras\/aurelio-suarez-montoya\/"},"img":{"alt_text":"","src":"","width":0,"height":0},"classes":[]},{"id":13957,"url":"https:\/\/moir.com.co\/web\/desaceleracion-o-crisis-he-ahi-la-cuestion\/","url_meta":{"origin":14172,"position":4},"title":"\u00bfDesaceleraci\u00f3n o crisis? He ah\u00ed la cuesti\u00f3n","author":"admin","date":"noviembre 27, 2017","format":false,"excerpt":"Aurelio Su\u00e1rez Montoya, El Tiempo, Bogot\u00e1, noviembre 27 de 2017 Afirmando que \u201cno son los mismos con las mismas\u201d y de que \u201cme sorprender\u00eda\u201d, Rudolf Hommes, por la v\u00eda de un chat, me hizo llegar el discurso econ\u00f3mico de Humberto de la Calle en la Seap. En la l\u00ednea de\u2026","rel":"","context":"En \u00abAurelio Su\u00e1rez Montoya\u00bb","block_context":{"text":"Aurelio Su\u00e1rez Montoya","link":"https:\/\/moir.com.co\/web\/category\/bitacoras\/aurelio-suarez-montoya\/"},"img":{"alt_text":"","src":"https:\/\/i0.wp.com\/moir.com.co\/web\/wp-content\/uploads\/2017\/11\/aureliosuarezdiariodelhuila.jpg?fit=600%2C375&ssl=1&resize=350%2C200","width":350,"height":200,"srcset":"https:\/\/i0.wp.com\/moir.com.co\/web\/wp-content\/uploads\/2017\/11\/aureliosuarezdiariodelhuila.jpg?fit=600%2C375&ssl=1&resize=350%2C200 1x, https:\/\/i0.wp.com\/moir.com.co\/web\/wp-content\/uploads\/2017\/11\/aureliosuarezdiariodelhuila.jpg?fit=600%2C375&ssl=1&resize=525%2C300 1.5x"},"classes":[]},{"id":16096,"url":"https:\/\/moir.com.co\/web\/america-first-una-decada-despues\/","url_meta":{"origin":14172,"position":5},"title":"\u2018America first\u2019, una d\u00e9cada despu\u00e9s","author":"admin","date":"octubre 4, 2018","format":false,"excerpt":"Aurelio Su\u00e1rez Montoya, Bogot\u00e1, octubre 4 de 2018 Cinco grandes bancos controlan 46,53 % de los activos, cuando iniciando el siglo solo ten\u00edan 28,6 %. Estudiar coyunturas internacionales de pugna entre grandes potencias exige examinar su vida econ\u00f3mica, incluyendo la situaci\u00f3n de las respectivas clases dirigentes.\u00a0Ahora es clave hacerlo para\u2026","rel":"","context":"En \u00abAurelio Su\u00e1rez Montoya\u00bb","block_context":{"text":"Aurelio Su\u00e1rez Montoya","link":"https:\/\/moir.com.co\/web\/category\/bitacoras\/aurelio-suarez-montoya\/"},"img":{"alt_text":"","src":"https:\/\/i0.wp.com\/moir.com.co\/web\/wp-content\/uploads\/2016\/11\/trumpimperialista.jpg?fit=595%2C335&ssl=1&resize=350%2C200","width":350,"height":200,"srcset":"https:\/\/i0.wp.com\/moir.com.co\/web\/wp-content\/uploads\/2016\/11\/trumpimperialista.jpg?fit=595%2C335&ssl=1&resize=350%2C200 1x, https:\/\/i0.wp.com\/moir.com.co\/web\/wp-content\/uploads\/2016\/11\/trumpimperialista.jpg?fit=595%2C335&ssl=1&resize=525%2C300 1.5x"},"classes":[]}],"jetpack_sharing_enabled":true,"_links":{"self":[{"href":"https:\/\/moir.com.co\/web\/wp-json\/wp\/v2\/posts\/14172","targetHints":{"allow":["GET"]}}],"collection":[{"href":"https:\/\/moir.com.co\/web\/wp-json\/wp\/v2\/posts"}],"about":[{"href":"https:\/\/moir.com.co\/web\/wp-json\/wp\/v2\/types\/post"}],"author":[{"embeddable":true,"href":"https:\/\/moir.com.co\/web\/wp-json\/wp\/v2\/users\/1"}],"replies":[{"embeddable":true,"href":"https:\/\/moir.com.co\/web\/wp-json\/wp\/v2\/comments?post=14172"}],"version-history":[{"count":1,"href":"https:\/\/moir.com.co\/web\/wp-json\/wp\/v2\/posts\/14172\/revisions"}],"predecessor-version":[{"id":14173,"href":"https:\/\/moir.com.co\/web\/wp-json\/wp\/v2\/posts\/14172\/revisions\/14173"}],"wp:featuredmedia":[{"embeddable":true,"href":"https:\/\/moir.com.co\/web\/wp-json\/wp\/v2\/media\/13289"}],"wp:attachment":[{"href":"https:\/\/moir.com.co\/web\/wp-json\/wp\/v2\/media?parent=14172"}],"wp:term":[{"taxonomy":"category","embeddable":true,"href":"https:\/\/moir.com.co\/web\/wp-json\/wp\/v2\/categories?post=14172"},{"taxonomy":"post_tag","embeddable":true,"href":"https:\/\/moir.com.co\/web\/wp-json\/wp\/v2\/tags?post=14172"}],"curies":[{"name":"wp","href":"https:\/\/api.w.org\/{rel}","templated":true}]}}