{"id":14169,"date":"2017-12-26T16:16:12","date_gmt":"2017-12-26T16:16:12","guid":{"rendered":"https:\/\/moir.org.co\/web\/?p=14169"},"modified":"2017-12-26T16:16:12","modified_gmt":"2017-12-26T16:16:12","slug":"se-necesita-un-roosevelt-para-el-2018","status":"publish","type":"post","link":"https:\/\/moir.com.co\/web\/se-necesita-un-roosevelt-para-el-2018\/","title":{"rendered":"\u00bfSe necesita un Roosevelt para el 2018?"},"content":{"rendered":"<p><strong>Aurelio Su\u00e1rez Montoya, Bogot\u00e1, diciembre 26 de 2017<\/strong><\/p>\n<p>La baja en la calificaci\u00f3n por Standard &amp; Poor\u2019s de BBB a BBB- se explica porque \u2013<b>aunque el pa\u00eds puede endeudarse m\u00e1s\u2013 est\u00e1 sujeto a condiciones econ\u00f3micas adversas expresadas en \u201ccrecimiento d\u00e9bil<\/b>\u201d; \u201cbajo desempe\u00f1o de la reforma tributaria\u201d; \u201cdependencia de ingresos extraordinarios para las metas fiscales\u201d y subordinaci\u00f3n de \u201clos precios de las materias primas\u201d.<\/p>\n<p>Los instrumentos propios de la pol\u00edtica econ\u00f3mica vigente se agotaron: la tasa de cambio se ajust\u00f3; el margen para otra reforma tributaria similar es nulo y la baja en la tasas de inter\u00e9s par\u00f3 en 4,75 por ciento. Ante la encrucijada se defienden los capitales de portafolio; se aboga por \u2018fracking\u2019 o miner\u00eda a toda costa o por hallazgos milagrosos y los m\u00e1s ortodoxos<b>\u00a0demandan salario m\u00ednimo diferencial o reforma pensional suprimiendo el r\u00e9gimen de prima media.\u00a0<\/b><\/p>\n<p>Esa realidad tiene otra cara: el ingreso por habitante desde 2015 crece por debajo de 2 por ciento y el consumo de los hogares, que subi\u00f3 en el tercer trimestre del 2014 el 5,1 por ciento, en 2017 en igual periodo apenas alz\u00f3 1,8 por ciento. En las Cuentas Econ\u00f3micas Integradas,\u00a0<b>los salarios, como porci\u00f3n del ingreso disponible, son el 33 por ciento en tanto en la Ocde son el 51 por ciento.\u00a0<\/b><\/p>\n<p>Una mirada sobre ventas de art\u00edculos refuerza esos datos: luego de los combustibles, la cerveza es el bien m\u00e1s consumido; el \u00edndice de arroz por cabeza es de 28 kilos mientras el promedio mundial es 54 y\u00a0<b>cada consumidor compra anualmente nueve prendas a precios inferiores a 20.000 pesos cada una. \u00bfEs posible mayor precariedad? \u00bfC\u00f3mo romper el estancamiento?\u00a0<\/b><\/p>\n<p>\u00bfPor qu\u00e9 no un plan de choque con programas de empleo p\u00fablico en condiciones dignas, acorde con tasas regionales de desocupaci\u00f3n y en labores simples que alcancen parte de los dos millones de desocupados sin salida en el mercado laboral?<\/p>\n<p>Se sabe que\u00a0<b>la reducci\u00f3n de la brecha salarial entre trabajo calificado y no calificado es factor de equidad<\/b>\u00a0como se sustenta en \u2018La disminuci\u00f3n de la desigualdad en Am\u00e9rica Latina\u2019 (L\u00f3pez-Calva et. al., 2011). Un modelo econom\u00e9trico (Espitia, agosto 2017) demuestra que \u201cun aumento de la participaci\u00f3n de la remuneraci\u00f3n salarial en el PIB \u2013que podr\u00eda darse por dicho programa\u2013 impacta positivamente el crecimiento de la econom\u00eda\u201d, en especial agro y manufactura.<\/p>\n<p>Si se pregunta de d\u00f3nde salen los recursos, puede haber reformas progresivas para conseguirlos. Por ejemplo, Villabona y Quimbay (\u2018Innovar Journal\u2019, julio 2017) concluyen, con base en informaci\u00f3n de la Dian, que la tasa efectiva de renta de los sectores econ\u00f3micos es del 17,3 por ciento, soportada en beneficios tributarios con un costo fiscal (2000-2015) de 122 billones de pesos, el 22 por ciento para la miner\u00eda y el 33 por ciento para los sectores financiero y bancario.\u00a0<b>\u00bfEs hora de redistribuir para dinamizar el mercado interno incentivando la demanda efectiva?\u00a0<\/b>\u00bfPor qu\u00e9 no un New Deal ajustado?<\/p>\n<p>Tambi\u00e9n ayudan c\u00e1lculos de \u00c1lvaro Moreno (septiembre de 2017), que estiman el costo de un programa estatal de empleador de \u00faltimo recurso para 400.000 personas el primer a\u00f1o en 0,38 por ciento del PIB y para m\u00e1s de un mill\u00f3n en tres a\u00f1os en 1 por ciento del PIB.<\/p>\n<p>Los efectos multiplicadores ser\u00edan iguales y la tasa de desempleo caer\u00eda debajo del 5 por ciento.\u00a0<b>No es lo \u00fanico por hacer, pero \u00bfHabr\u00e1 un Roosevelt en el 2018 que se atreva?<\/b><\/p>\n","protected":false},"excerpt":{"rendered":"<p>Aurelio Su\u00e1rez Montoya, Bogot\u00e1, diciembre 26 de 2017 La baja en la calificaci\u00f3n por Standard &amp; Poor\u2019s de BBB a BBB- se explica porque \u2013aunque el pa\u00eds puede endeudarse m\u00e1s\u2013 est\u00e1 sujeto a condiciones econ\u00f3micas adversas expresadas en \u201ccrecimiento d\u00e9bil\u201d; \u201cbajo desempe\u00f1o de la reforma tributaria\u201d; \u201cdependencia de ingresos extraordinarios para las metas fiscales\u201d y [&hellip;]<\/p>\n","protected":false},"author":1,"featured_media":0,"comment_status":"open","ping_status":"open","sticky":false,"template":"","format":"standard","meta":{"advanced_seo_description":"","jetpack_seo_html_title":"","jetpack_seo_noindex":false,"_jetpack_memberships_contains_paid_content":false,"footnotes":""},"categories":[114,79,102,97,98],"tags":[],"class_list":["post-14169","post","type-post","status-publish","format-standard","hentry","category-agro","category-aurelio-suarez-montoya","category-economia","category-imperialismo-y-neoliberalismo","category-politica"],"jetpack_featured_media_url":"","jetpack-related-posts":[{"id":8712,"url":"https:\/\/moir.com.co\/web\/nueva-reforma-tributaria-es-producto-del-fracaso-de-la-anterior\/","url_meta":{"origin":14169,"position":0},"title":"\u00bfNueva reforma tributaria es producto del fracaso de la anterior?","author":"admin","date":"septiembre 13, 2014","format":false,"excerpt":"La nueva propuesta de reforma tributaria, para terminar de financiar el Presupuesto Nacional del 2015, ha generado toda clase de reacciones en el mundo pol\u00edtico y econ\u00f3mico. Algunos creen que el proyecto se hace necesario ante el fracaso de la reforma del a\u00f1o pasado. Otros piensan que es un error\u2026","rel":"","context":"En \u00abAurelio Su\u00e1rez Montoya\u00bb","block_context":{"text":"Aurelio Su\u00e1rez Montoya","link":"https:\/\/moir.com.co\/web\/category\/bitacoras\/aurelio-suarez-montoya\/"},"img":{"alt_text":"","src":"","width":0,"height":0},"classes":[]},{"id":12952,"url":"https:\/\/moir.com.co\/web\/sin-nacer-cada-colombiano-debe-10-millones\/","url_meta":{"origin":14169,"position":1},"title":"&#8220;Sin nacer, cada colombiano debe $10 millones&#8221;","author":"admin","date":"julio 23, 2017","format":false,"excerpt":"Entrevista de El Nuevo Siglo a Aurelio Su\u00e1rez Montoya, Bogot\u00e1, julio 23 de 2017 La situaci\u00f3n de la econom\u00eda colombiana es hoy de postraci\u00f3n, el momento es muy dif\u00edcil, la corrupci\u00f3n, los malos contratos y el robo campean, dejando a m\u00e1s colombianos en serias dificultades por la baja calidad del\u2026","rel":"","context":"En \u00abAgro\u00bb","block_context":{"text":"Agro","link":"https:\/\/moir.com.co\/web\/category\/temas\/agro\/"},"img":{"alt_text":"","src":"https:\/\/i0.wp.com\/moir.com.co\/web\/wp-content\/uploads\/2017\/07\/aurelio_sv3-1.jpg?fit=228%2C228&ssl=1&resize=350%2C200","width":350,"height":200},"classes":[]},{"id":13957,"url":"https:\/\/moir.com.co\/web\/desaceleracion-o-crisis-he-ahi-la-cuestion\/","url_meta":{"origin":14169,"position":2},"title":"\u00bfDesaceleraci\u00f3n o crisis? He ah\u00ed la cuesti\u00f3n","author":"admin","date":"noviembre 27, 2017","format":false,"excerpt":"Aurelio Su\u00e1rez Montoya, El Tiempo, Bogot\u00e1, noviembre 27 de 2017 Afirmando que \u201cno son los mismos con las mismas\u201d y de que \u201cme sorprender\u00eda\u201d, Rudolf Hommes, por la v\u00eda de un chat, me hizo llegar el discurso econ\u00f3mico de Humberto de la Calle en la Seap. En la l\u00ednea de\u2026","rel":"","context":"En \u00abAurelio Su\u00e1rez Montoya\u00bb","block_context":{"text":"Aurelio Su\u00e1rez Montoya","link":"https:\/\/moir.com.co\/web\/category\/bitacoras\/aurelio-suarez-montoya\/"},"img":{"alt_text":"","src":"https:\/\/i0.wp.com\/moir.com.co\/web\/wp-content\/uploads\/2017\/11\/aureliosuarezdiariodelhuila.jpg?fit=600%2C375&ssl=1&resize=350%2C200","width":350,"height":200,"srcset":"https:\/\/i0.wp.com\/moir.com.co\/web\/wp-content\/uploads\/2017\/11\/aureliosuarezdiariodelhuila.jpg?fit=600%2C375&ssl=1&resize=350%2C200 1x, https:\/\/i0.wp.com\/moir.com.co\/web\/wp-content\/uploads\/2017\/11\/aureliosuarezdiariodelhuila.jpg?fit=600%2C375&ssl=1&resize=525%2C300 1.5x"},"classes":[]},{"id":13887,"url":"https:\/\/moir.com.co\/web\/colombia-es-perdedor-en-el-comercio-agricola-aurelio-suarez\/","url_meta":{"origin":14169,"position":3},"title":"Colombia es perdedor en el comercio agr\u00edcola: Aurelio Su\u00e1rez","author":"admin","date":"noviembre 20, 2017","format":false,"excerpt":"Redacci\u00f3n Diario del Huila, Neiva, noviembre 20 de 2017 Desde hace un mes Aurelio Suarez Montoya, viene recorriendo el pa\u00eds con el objetivo de conocer de primera mano la realidad que se vive en las regiones en diferentes aspectos; en Colombia, su nombre es conocido porque es una de las\u2026","rel":"","context":"En \u00abAgro\u00bb","block_context":{"text":"Agro","link":"https:\/\/moir.com.co\/web\/category\/temas\/agro\/"},"img":{"alt_text":"","src":"https:\/\/i0.wp.com\/moir.com.co\/web\/wp-content\/uploads\/2017\/11\/aureliosuarezdiariodelhuila.jpg?fit=600%2C375&ssl=1&resize=350%2C200","width":350,"height":200,"srcset":"https:\/\/i0.wp.com\/moir.com.co\/web\/wp-content\/uploads\/2017\/11\/aureliosuarezdiariodelhuila.jpg?fit=600%2C375&ssl=1&resize=350%2C200 1x, https:\/\/i0.wp.com\/moir.com.co\/web\/wp-content\/uploads\/2017\/11\/aureliosuarezdiariodelhuila.jpg?fit=600%2C375&ssl=1&resize=525%2C300 1.5x"},"classes":[]},{"id":13078,"url":"https:\/\/moir.com.co\/web\/aurelio-suarez-dio-una-mirada-a-la-politica-y-la-economia\/","url_meta":{"origin":14169,"position":4},"title":"Aurelio Su\u00e1rez dio una mirada a la pol\u00edtica y la econom\u00eda","author":"admin","date":"agosto 10, 2017","format":false,"excerpt":"El Nuevo D\u00eda, Ibagu\u00e9, agosto 10 de 2017 El analista pol\u00edtico, econ\u00f3mico y consultor Aurelio Su\u00e1rez Montoya, quien tambi\u00e9n es columnista y panelista de medios nacionales de comunicaci\u00f3n, excandidato a la Alcald\u00eda de Bogot\u00e1 en 2011 y exdiputado de la Asamblea de Risaralda. Aurelio Su\u00e1rez fue invitado a Ibagu\u00e9 en\u2026","rel":"","context":"En \u00abAgro\u00bb","block_context":{"text":"Agro","link":"https:\/\/moir.com.co\/web\/category\/temas\/agro\/"},"img":{"alt_text":"","src":"https:\/\/i0.wp.com\/moir.com.co\/web\/wp-content\/uploads\/2017\/07\/aurelio_sv3-1.jpg?fit=228%2C228&ssl=1&resize=350%2C200","width":350,"height":200},"classes":[]},{"id":14351,"url":"https:\/\/moir.com.co\/web\/video-alarmante-incremento-de-la-desigualdad-economica-en-el-mundo-aurelio-suarez-montoya\/","url_meta":{"origin":14169,"position":5},"title":"Video: Alarmante incremento de la desigualdad econ\u00f3mica en el mundo, Aurelio Su\u00e1rez Montoya","author":"admin","date":"enero 29, 2018","format":"video","excerpt":"Bogot\u00e1, enero 29 de 2018","rel":"","context":"En \u00abAurelio Su\u00e1rez Montoya\u00bb","block_context":{"text":"Aurelio Su\u00e1rez Montoya","link":"https:\/\/moir.com.co\/web\/category\/bitacoras\/aurelio-suarez-montoya\/"},"img":{"alt_text":"","src":"","width":0,"height":0},"classes":[]}],"jetpack_sharing_enabled":true,"_links":{"self":[{"href":"https:\/\/moir.com.co\/web\/wp-json\/wp\/v2\/posts\/14169","targetHints":{"allow":["GET"]}}],"collection":[{"href":"https:\/\/moir.com.co\/web\/wp-json\/wp\/v2\/posts"}],"about":[{"href":"https:\/\/moir.com.co\/web\/wp-json\/wp\/v2\/types\/post"}],"author":[{"embeddable":true,"href":"https:\/\/moir.com.co\/web\/wp-json\/wp\/v2\/users\/1"}],"replies":[{"embeddable":true,"href":"https:\/\/moir.com.co\/web\/wp-json\/wp\/v2\/comments?post=14169"}],"version-history":[{"count":1,"href":"https:\/\/moir.com.co\/web\/wp-json\/wp\/v2\/posts\/14169\/revisions"}],"predecessor-version":[{"id":14171,"href":"https:\/\/moir.com.co\/web\/wp-json\/wp\/v2\/posts\/14169\/revisions\/14171"}],"wp:attachment":[{"href":"https:\/\/moir.com.co\/web\/wp-json\/wp\/v2\/media?parent=14169"}],"wp:term":[{"taxonomy":"category","embeddable":true,"href":"https:\/\/moir.com.co\/web\/wp-json\/wp\/v2\/categories?post=14169"},{"taxonomy":"post_tag","embeddable":true,"href":"https:\/\/moir.com.co\/web\/wp-json\/wp\/v2\/tags?post=14169"}],"curies":[{"name":"wp","href":"https:\/\/api.w.org\/{rel}","templated":true}]}}