{"id":14140,"date":"2017-12-20T15:17:53","date_gmt":"2017-12-20T15:17:53","guid":{"rendered":"https:\/\/moir.org.co\/web\/?p=14140"},"modified":"2017-12-20T15:17:53","modified_gmt":"2017-12-20T15:17:53","slug":"bases-programaticas-de-la-coalicion-colombia-partido-alianza-verde-polo-democratico-alternativo-y-compromiso-ciudadano","status":"publish","type":"post","link":"https:\/\/moir.com.co\/web\/bases-programaticas-de-la-coalicion-colombia-partido-alianza-verde-polo-democratico-alternativo-y-compromiso-ciudadano\/","title":{"rendered":"Bases program\u00e1ticas de la Coalici\u00f3n Colombia: Partido Alianza Verde, Polo Democr\u00e1tico Alternativo y Compromiso Ciudadano"},"content":{"rendered":"<p><strong>Bogot\u00e1, diciembre 20 de 2017<\/strong><\/p>\n<iframe src=\"\/\/docs.google.com\/viewer?url=https%3A%2F%2Fmoir.org.co%2Fweb%2Fwp-content%2Fuploads%2F2017%2F12%2FPROGRAMA-CoCo.pdf&hl=en_US&embedded=true\" class=\"gde-frame\" style=\"width:100%; height:500px; border: none;\" scrolling=\"no\"><\/iframe>\n<p class=\"gde-text\"><a href=\"https:\/\/moir.org.co\/web\/wp-content\/uploads\/2017\/12\/PROGRAMA-CoCo.pdf\" class=\"gde-link\">Download (PDF, Unknown)<\/a><\/p>\n","protected":false},"excerpt":{"rendered":"<p>Bogot\u00e1, diciembre 20 de 2017<\/p>\n","protected":false},"author":1,"featured_media":14143,"comment_status":"open","ping_status":"open","sticky":false,"template":"","format":"standard","meta":{"advanced_seo_description":"","jetpack_seo_html_title":"","jetpack_seo_noindex":false,"_jetpack_memberships_contains_paid_content":false,"footnotes":""},"categories":[114,77,101,76,102,103,104,97,105,106,107,98,96,108,109,110,111],"tags":[],"class_list":["post-14140","post","type-post","status-publish","format-standard","has-post-thumbnail","hentry","category-agro","category-artes","category-bogota","category-ciencia","category-economia","category-educacion","category-historia","category-imperialismo-y-neoliberalismo","category-internacional-articulos-de-actualidad","category-medio-ambiente","category-mineria-y-petroleo","category-politica","category-salud-y-pensiones","category-servicios-publicos-articulos-de-actualidad","category-sindical","category-vias-y-transporte","category-vivienda-y-desarrollo-urbano"],"jetpack_featured_media_url":"https:\/\/i0.wp.com\/moir.com.co\/web\/wp-content\/uploads\/2017\/12\/coalicioncolombia4-1.jpeg?fit=300%2C168&ssl=1","jetpack-related-posts":[{"id":12907,"url":"https:\/\/moir.com.co\/web\/programa-radial-de-tribuna-magisterial-julio-16-de-2017\/","url_meta":{"origin":14140,"position":0},"title":"Programa Radial de Tribuna Magisterial, julio 16 de 2017","author":"admin","date":"julio 17, 2017","format":"audio","excerpt":"Bogot\u00e1, julio 16 de 2017 En la emisi\u00f3n del 16 de julio de 2017, Mar\u00eda Antonieta Cano, directiva de la ADE y directora del programa, entrevist\u00f3 al Senador del Polo Democr\u00e1tico Alternativo Jorge Robledo quien explic\u00f3 las razones por las cuales N\u00e9stor Humberto Mart\u00ednez, Fiscal General de la Naci\u00f3n, le\u2026","rel":"","context":"En \u00abBogot\u00e1\u00bb","block_context":{"text":"Bogot\u00e1","link":"https:\/\/moir.com.co\/web\/category\/temas\/bogota\/"},"img":{"alt_text":"","src":"https:\/\/i0.wp.com\/moir.com.co\/web\/wp-content\/uploads\/2017\/07\/tribmagton%CC%83a5.jpg?fit=900%2C1200&ssl=1&resize=350%2C200","width":350,"height":200,"srcset":"https:\/\/i0.wp.com\/moir.com.co\/web\/wp-content\/uploads\/2017\/07\/tribmagton%CC%83a5.jpg?fit=900%2C1200&ssl=1&resize=350%2C200 1x, https:\/\/i0.wp.com\/moir.com.co\/web\/wp-content\/uploads\/2017\/07\/tribmagton%CC%83a5.jpg?fit=900%2C1200&ssl=1&resize=525%2C300 1.5x, https:\/\/i0.wp.com\/moir.com.co\/web\/wp-content\/uploads\/2017\/07\/tribmagton%CC%83a5.jpg?fit=900%2C1200&ssl=1&resize=700%2C400 2x"},"classes":[]},{"id":12199,"url":"https:\/\/moir.com.co\/web\/proclama-del-primero-de-mayo-de-2017-ante-la-barbarie-economica-impulsemos-la-mas-amplia-protesta-nacional\/","url_meta":{"origin":14140,"position":1},"title":"Proclama del primero de mayo de 2017: ante la barbarie econ\u00f3mica, impulsemos la m\u00e1s amplia protesta nacional","author":"admin","date":"abril 28, 2017","format":false,"excerpt":"Bogot\u00e1, abril 28 de 2017","rel":"","context":"En \u00abEconom\u00eda\u00bb","block_context":{"text":"Econom\u00eda","link":"https:\/\/moir.com.co\/web\/category\/temas\/economia\/"},"img":{"alt_text":"","src":"https:\/\/i0.wp.com\/moir.com.co\/web\/wp-content\/uploads\/2017\/04\/cut.jpg?fit=341%2C200&ssl=1&resize=350%2C200","width":350,"height":200},"classes":[]},{"id":12468,"url":"https:\/\/moir.com.co\/web\/programa-radial-de-tribuna-magisterial-mayo-21-de-2017\/","url_meta":{"origin":14140,"position":2},"title":"Programa Radial de Tribuna Magisterial, mayo 21 de 2017","author":"admin","date":"mayo 22, 2017","format":"audio","excerpt":"Bogot\u00e1, mayo 21 de 2017 El programa radial Tribuna Magisterial del 21 de mayo estuvo dedicado a realizar un profundo an\u00e1lisis del paro del magisterio y la negociaci\u00f3n del pliego de peticiones de Fecode con el gobierno nacional. Jorge Enrique Robledo, senador del Polo Democr\u00e1tico y candidato presidencial analiz\u00f3 los\u2026","rel":"","context":"En \u00abBogot\u00e1\u00bb","block_context":{"text":"Bogot\u00e1","link":"https:\/\/moir.com.co\/web\/category\/temas\/bogota\/"},"img":{"alt_text":"","src":"https:\/\/i0.wp.com\/moir.com.co\/web\/wp-content\/uploads\/2016\/11\/tribmagton%CC%83a5-1.jpg?fit=900%2C1200&ssl=1&resize=350%2C200","width":350,"height":200,"srcset":"https:\/\/i0.wp.com\/moir.com.co\/web\/wp-content\/uploads\/2016\/11\/tribmagton%CC%83a5-1.jpg?fit=900%2C1200&ssl=1&resize=350%2C200 1x, https:\/\/i0.wp.com\/moir.com.co\/web\/wp-content\/uploads\/2016\/11\/tribmagton%CC%83a5-1.jpg?fit=900%2C1200&ssl=1&resize=525%2C300 1.5x, https:\/\/i0.wp.com\/moir.com.co\/web\/wp-content\/uploads\/2016\/11\/tribmagton%CC%83a5-1.jpg?fit=900%2C1200&ssl=1&resize=700%2C400 2x"},"classes":[]},{"id":11859,"url":"https:\/\/moir.com.co\/web\/programa-radial-de-tribuna-magisterial-marzo-5-de-2017\/","url_meta":{"origin":14140,"position":3},"title":"Programa Radial de Tribuna Magisterial, marzo 5 de 2017","author":"admin","date":"marzo 8, 2017","format":"audio","excerpt":"Bogot\u00e1, marzo 5 de 2017 En el programa del 5 de marzo de 2017 se entrevist\u00f3 a Francisco Torres del Comit\u00e9 Ejecutivo de FECODE, quien realiz\u00f3 un balance positivo de las movilizaciones del pasado 28 de febrero, dio un informe sobre el pliego de peticiones presentado a la Ministra de\u2026","rel":"","context":"En \u00abBogot\u00e1\u00bb","block_context":{"text":"Bogot\u00e1","link":"https:\/\/moir.com.co\/web\/category\/temas\/bogota\/"},"img":{"alt_text":"","src":"https:\/\/i0.wp.com\/moir.com.co\/web\/wp-content\/uploads\/2016\/11\/tribmagton%CC%83a2.jpg?fit=298%2C268&ssl=1&resize=350%2C200","width":350,"height":200},"classes":[]},{"id":11938,"url":"https:\/\/moir.com.co\/web\/programa-radial-de-tribuna-magisterial-marzo-19-de-2017\/","url_meta":{"origin":14140,"position":4},"title":"Programa Radial de Tribuna Magisterial, marzo 19 de 2017","author":"admin","date":"marzo 21, 2017","format":"audio","excerpt":"Bogot\u00e1, marzo 19 de 2017 En el programa del 19 de marzo de 2017, Mar\u00eda Antonieta Cano, de la Junta Directiva de la ADE y directora del programa, dedic\u00f3 el editorial a dar un informe sobre las problem\u00e1ticas que se est\u00e1n presentado en los colegios p\u00fablicos por cuenta de la\u2026","rel":"","context":"En \u00abBogot\u00e1\u00bb","block_context":{"text":"Bogot\u00e1","link":"https:\/\/moir.com.co\/web\/category\/temas\/bogota\/"},"img":{"alt_text":"","src":"https:\/\/i0.wp.com\/moir.com.co\/web\/wp-content\/uploads\/2016\/11\/tribmagton%CC%83a5-1.jpg?fit=900%2C1200&ssl=1&resize=350%2C200","width":350,"height":200,"srcset":"https:\/\/i0.wp.com\/moir.com.co\/web\/wp-content\/uploads\/2016\/11\/tribmagton%CC%83a5-1.jpg?fit=900%2C1200&ssl=1&resize=350%2C200 1x, https:\/\/i0.wp.com\/moir.com.co\/web\/wp-content\/uploads\/2016\/11\/tribmagton%CC%83a5-1.jpg?fit=900%2C1200&ssl=1&resize=525%2C300 1.5x, https:\/\/i0.wp.com\/moir.com.co\/web\/wp-content\/uploads\/2016\/11\/tribmagton%CC%83a5-1.jpg?fit=900%2C1200&ssl=1&resize=700%2C400 2x"},"classes":[]},{"id":11276,"url":"https:\/\/moir.com.co\/web\/polo-democratico-alternativo-voto-negativamente-el-presupuesto-de-penalosa-para-el-2017\/","url_meta":{"origin":14140,"position":5},"title":"Polo Democr\u00e1tico Alternativo vot\u00f3 negativamente el Presupuesto de Pe\u00f1alosa para el 2017","author":"admin","date":"diciembre 12, 2016","format":false,"excerpt":"Oficina de prensa del concejal Manuel Sarmiento, Bogot\u00e1, diciembre 8 de 2016 \"Este es el presupuesto del negocio, socio\". As\u00ed resumi\u00f3 el concejal Manuel Sarmiento la propuesta de gastos del alcalde Pe\u00f1alosa, que para el 2017 prioriza grandes y malos negocios para la ciudad como las APP, las concesiones de\u2026","rel":"","context":"En \u00abBogot\u00e1\u00bb","block_context":{"text":"Bogot\u00e1","link":"https:\/\/moir.com.co\/web\/category\/temas\/bogota\/"},"img":{"alt_text":"","src":"https:\/\/i0.wp.com\/moir.com.co\/web\/wp-content\/uploads\/2016\/12\/manuelsarmientoetb.jpg?fit=800%2C534&ssl=1&resize=350%2C200","width":350,"height":200,"srcset":"https:\/\/i0.wp.com\/moir.com.co\/web\/wp-content\/uploads\/2016\/12\/manuelsarmientoetb.jpg?fit=800%2C534&ssl=1&resize=350%2C200 1x, https:\/\/i0.wp.com\/moir.com.co\/web\/wp-content\/uploads\/2016\/12\/manuelsarmientoetb.jpg?fit=800%2C534&ssl=1&resize=525%2C300 1.5x, https:\/\/i0.wp.com\/moir.com.co\/web\/wp-content\/uploads\/2016\/12\/manuelsarmientoetb.jpg?fit=800%2C534&ssl=1&resize=700%2C400 2x"},"classes":[]}],"jetpack_sharing_enabled":true,"_links":{"self":[{"href":"https:\/\/moir.com.co\/web\/wp-json\/wp\/v2\/posts\/14140","targetHints":{"allow":["GET"]}}],"collection":[{"href":"https:\/\/moir.com.co\/web\/wp-json\/wp\/v2\/posts"}],"about":[{"href":"https:\/\/moir.com.co\/web\/wp-json\/wp\/v2\/types\/post"}],"author":[{"embeddable":true,"href":"https:\/\/moir.com.co\/web\/wp-json\/wp\/v2\/users\/1"}],"replies":[{"embeddable":true,"href":"https:\/\/moir.com.co\/web\/wp-json\/wp\/v2\/comments?post=14140"}],"version-history":[{"count":1,"href":"https:\/\/moir.com.co\/web\/wp-json\/wp\/v2\/posts\/14140\/revisions"}],"predecessor-version":[{"id":14144,"href":"https:\/\/moir.com.co\/web\/wp-json\/wp\/v2\/posts\/14140\/revisions\/14144"}],"wp:featuredmedia":[{"embeddable":true,"href":"https:\/\/moir.com.co\/web\/wp-json\/wp\/v2\/media\/14143"}],"wp:attachment":[{"href":"https:\/\/moir.com.co\/web\/wp-json\/wp\/v2\/media?parent=14140"}],"wp:term":[{"taxonomy":"category","embeddable":true,"href":"https:\/\/moir.com.co\/web\/wp-json\/wp\/v2\/categories?post=14140"},{"taxonomy":"post_tag","embeddable":true,"href":"https:\/\/moir.com.co\/web\/wp-json\/wp\/v2\/tags?post=14140"}],"curies":[{"name":"wp","href":"https:\/\/api.w.org\/{rel}","templated":true}]}}