{"id":14131,"date":"2017-12-19T20:24:07","date_gmt":"2017-12-19T20:24:07","guid":{"rendered":"https:\/\/moir.org.co\/web\/?p=14131"},"modified":"2017-12-19T20:24:07","modified_gmt":"2017-12-19T20:24:07","slug":"robledo-denuncia-al-presidente-santos-y-al-fiscal-martinez-por-presuntos-delitos-cometidos-en-la-campana-santos-vargas-2014","status":"publish","type":"post","link":"https:\/\/moir.com.co\/web\/robledo-denuncia-al-presidente-santos-y-al-fiscal-martinez-por-presuntos-delitos-cometidos-en-la-campana-santos-vargas-2014\/","title":{"rendered":"Robledo denuncia al Presidente Santos y al Fiscal Mart\u00ednez por presuntos delitos cometidos en la campa\u00f1a Santos-Vargas 2014"},"content":{"rendered":"<p><strong>Oficina de prensa del senador Jorge Enrique Robledo, Bogot\u00e1, diciembre 19 de 2017<\/strong><\/p>\n<p><em>Que se investigue a Santos y a Mart\u00ednez en la Comisi\u00f3n de Acusaciones de la C\u00e1mara de Representantes por lavados de activos, cohecho, fraude procesal, entre otros presuntos delitos pide Robledo. Entre 4.000 y 8.000 millones de pesos habr\u00eda recibido la campa\u00f1a Santos-Vargas por parte de la multinacional corrupta Odebrecht tramitados por N\u00e9stor Humberto Mart\u00ednez.<\/em><\/p>\n<p>(Bogot\u00e1, 19 de diciembre 2017) El senador del Polo Democr\u00e1tico Jorge Enrique Robledo radic\u00f3 en la Comisi\u00f3n de Acusaciones de la C\u00e1mara de Representantes una denuncia penal en contra del Presidente Juan Manuel Santos y del Fiscal N\u00e9stor Humberto Mart\u00ednez por los presuntos delitos cometidos durante la campa\u00f1a Santos-Vargas 2014.<\/p>\n<p>\u201cDos Senadores de la Unidad Nacional, quienes tienen porque saberlo, han acusando a la campa\u00f1a Santos-Vargas de recibir dineros ilicitos de parte de Odebrecht para ganar las elecciones. Son denucias grav\u00edsimas. La Comisi\u00f3n de Acusaciones debe invesgiar porque ninguna otra entidad del Estado puede hacerlo\u201d precis\u00f3 Robledo.<\/p>\n<p>\u201cEsta denuncia es otro paso m\u00e1s en la lucha para que los colombianos derrotemos el pacto de impunidad que les permite a los mismos con las mismas seguir gobernando en contra de la gente y ganar las elecciones con corrupci\u00f3n\u201d se\u00f1al\u00f3 el senador Robledo.<\/p>\n<div class=\"SandboxRoot env-bp-350\" data-twitter-event-id=\"0\">\n<div id=\"twitter-widget-0\" class=\"EmbeddedTweet EmbeddedTweet--edge EmbeddedTweet--mediaForward media-forward js-clickToOpenTarget js-tweetIdInfo tweet-InformationCircle-widgetParent\" lang=\"es\" data-click-to-open-target=\"https:\/\/twitter.com\/JERobledo\/status\/943169654423474176\" data-iframe-title=\"Tweet de Twitter\" data-dt-full=\"%{hours24}:%{minutes} - %{day} %{month} %{year}\" data-dt-explicit-timestamp=\"12:22 - 19 dic. 2017\" data-dt-months=\"ene|feb|mar|abr|Mayo|jun|jul|ago|sep|oct|nov|dic\" data-dt-am=\"AM\" data-dt-pm=\"PM\" data-dt-now=\"ahora\" data-dt-s=\"s\" data-dt-m=\"m\" data-dt-h=\"h\" data-dt-second=\"segundo\" data-dt-seconds=\"segundos\" data-dt-minute=\"minuto\" data-dt-minutes=\"minutos\" data-dt-hour=\"hora\" data-dt-hours=\"horas\" data-dt-abbr=\"%{number}%{symbol}\" data-dt-short=\"%{day} %{month}\" data-dt-long=\"%{day} %{month} %{year}\" data-scribe=\"page:tweet\" data-tweet-id=\"943169654423474176\" data-twitter-event-id=\"1\">\n<article class=\"MediaCard\n           MediaCard--mediaForward\n\n           cards-multimedia\n           customisable-border\" dir=\"ltr\" data-scribe=\"component:card\"><\/p>\n<div class=\"MediaCard-media\">\n<div class=\"MediaCard-widthConstraint js-cspForcedStyle\" data-style=\"max-width: 2000px\">\n<div class=\"MediaCard-mediaContainer js-cspForcedStyle\" data-style=\"padding-bottom: 56.2500%\">\n<div class=\"NaturalImage-ctaOverlay PlayButton PlayButton--centered\" data-scribe=\"element:play_button\"><\/div>\n<p><a class=\"MediaCard-mediaAsset MediaCard-mediaPlaceholder NaturalImage NaturalImage--fill js-playableMediaInterstitial\" href=\"https:\/\/twitter.com\/JERobledo\/status\/943169654423474176\"><img data-recalc-dims=\"1\" decoding=\"async\" class=\"NaturalImage-image\" src=\"https:\/\/i0.wp.com\/pbs.twimg.com\/ext_tw_video_thumb\/943169082697879553\/pu\/img\/yYw1GBo9M3ZAJDCI.jpg?w=800&#038;ssl=1\" alt=\"\" data-scribe=\"element:poster_image\" \/><\/a><\/div>\n<\/div>\n<\/div>\n<\/article>\n<div class=\"EmbeddedTweet-tweet\">\n<blockquote class=\"Tweet h-entry js-tweetIdInfo subject expanded is-deciderHtmlWhitespace\" cite=\"https:\/\/twitter.com\/JERobledo\/status\/943169654423474176\" data-tweet-id=\"943169654423474176\" data-scribe=\"section:subject\">\n<div class=\"Tweet-header u-cf\">\n<div class=\"Tweet-brand u-floatRight\"><\/div>\n<div class=\"TweetAuthor js-inViewportScribingTarget\" data-scribe=\"component:author\"><a class=\"TweetAuthor-link Identity u-linkBlend\" href=\"https:\/\/twitter.com\/JERobledo\" data-scribe=\"element:user_link\" aria-label=\"Jorge Robledo (nombre de pantalla: JERobledo)\"><span class=\"TweetAuthor-avatar Identity-avatar\"><img data-recalc-dims=\"1\" decoding=\"async\" class=\"Avatar Avatar--edge\" src=\"https:\/\/i0.wp.com\/pbs.twimg.com\/profile_images\/907368655654146048\/DqmgFlHr_bigger.jpg?w=800&#038;ssl=1\" alt=\"\" data-scribe=\"element:avatar\" data-src-2x=\"https:\/\/pbs.twimg.com\/profile_images\/907368655654146048\/DqmgFlHr_bigger.jpg\" data-src-1x=\"https:\/\/pbs.twimg.com\/profile_images\/907368655654146048\/DqmgFlHr_normal.jpg\" \/><\/span><span class=\"TweetAuthor-decoratedName\"><span class=\"TweetAuthor-name Identity-name customisable-highlight\" title=\"Jorge Robledo\" data-scribe=\"element:name\">Jorge Robledo<\/span><\/span><\/a><\/p>\n<div class=\"Icon Icon--verified \" title=\"Cuenta verificada\" role=\"img\" aria-label=\"Cuenta verificada\"><\/div>\n<p><a class=\"TweetAuthor-link Identity u-linkBlend\" href=\"https:\/\/twitter.com\/JERobledo\" data-scribe=\"element:user_link\" aria-label=\"Jorge Robledo (nombre de pantalla: JERobledo)\"><span class=\"TweetAuthor-decoratedName\"><span class=\"TweetAuthor-verifiedBadge\" data-scribe=\"element:verified_badge\"><b class=\"u-hiddenVisually\">\u2714<\/b><\/span><\/span><span class=\"TweetAuthor-screenName Identity-screenName\" dir=\"ltr\" title=\"@JERobledo\" data-scribe=\"element:screen_name\">@JERobledo<\/span><\/a><\/div>\n<\/div>\n<div class=\"Tweet-body e-entry-content\" data-scribe=\"component:tweet\">\n<div class=\"u-hiddenVisually js-inViewportScribingTarget\"><\/div>\n<p class=\"Tweet-text e-entry-title\" dir=\"ltr\" lang=\"es\">Cumpliendo mi deber de ciudadano y de senador del Polo acabo de denunciar en la Comisi\u00f3n de Acusaciones de la C\u00e1mara al Presidente Santos y al Fiscal Mart\u00ednez por delitos cometidos en la campa\u00f1a Santos-Vargas 2014 al recibir dineros de la corrupta Odebrecht.<a class=\"PrettyLink hashtag customisable\" dir=\"ltr\" href=\"https:\/\/twitter.com\/hashtag\/VerdadTotalOdebrecht?src=hash\" rel=\"tag\" data-query-source=\"hashtag_click\" data-scribe=\"element:hashtag\"><span class=\"PrettyLink-prefix\">#<\/span><span class=\"PrettyLink-value\">VerdadTotalOdebrecht<\/span><\/a><\/p>\n<div class=\"Tweet-metadata dateline\"><a class=\"u-linkBlend u-url customisable-highlight long-permalink\" href=\"https:\/\/twitter.com\/JERobledo\/status\/943169654423474176\" data-datetime=\"2017-12-19T17:22:23+0000\" data-scribe=\"element:full_timestamp\"><time class=\"dt-updated\" title=\"Publicado a las: 19 de diciembre de 2017 17:22:23 (UTC)\" datetime=\"2017-12-19T17:22:23+0000\">12:22 &#8211; 19 dic. 2017<\/time><\/a><\/div>\n<ul class=\"Tweet-actions\" role=\"menu\" data-scribe=\"component:actions\" aria-label=\"Acciones del Tweet\">\n<li class=\"Tweet-action\">\n<div class=\"Icon Icon--reply TweetAction-icon Icon--replyEdge\" title=\"Responder\" role=\"img\" aria-label=\"Responder\"><\/div>\n<p><a class=\"TweetAction TweetAction--replyEdge web-intent\" href=\"https:\/\/twitter.com\/intent\/tweet?in_reply_to=943169654423474176\" data-scribe=\"element:reply\">\u00a0<span class=\"TweetAction-stat\" data-scribe=\"element:reply_count\" aria-hidden=\"true\">14<\/span><span class=\"u-hiddenVisually\">14 respuestas<\/span><\/a><\/li>\n<li class=\"Tweet-action\">\n<div class=\"Icon Icon--retweet TweetAction-icon Icon--retweetEdge\" title=\"Retwittear\" role=\"img\" aria-label=\"Retwittear\"><\/div>\n<p><a class=\"TweetAction TweetAction--retweetEdge web-intent\" href=\"https:\/\/twitter.com\/intent\/retweet?tweet_id=943169654423474176\" data-scribe=\"element:retweet\">\u00a0<span class=\"TweetAction-stat\" data-scribe=\"element:retweet_count\" aria-hidden=\"true\">134<\/span><span class=\"u-hiddenVisually\">134 Retweets<\/span><\/a><\/li>\n<li class=\"Tweet-action\">\n<div class=\"Icon Icon--heart TweetAction-icon Icon--heartEdge\" title=\"Me gusta\" role=\"img\" aria-label=\"Me gusta\"><\/div>\n<p><a class=\"TweetAction TweetAction--heartEdge web-intent\" href=\"https:\/\/twitter.com\/intent\/like?tweet_id=943169654423474176\" data-scribe=\"element:heart\">\u00a0<span class=\"TweetAction-stat\" data-scribe=\"element:heart_count\" aria-hidden=\"true\">204<\/span><span class=\"u-hiddenVisually\">204 me gusta<\/span><\/a><\/li>\n<\/ul>\n<\/div>\n<\/blockquote>\n<\/div>\n<\/div>\n<div class=\"resize-sensor\"><\/div>\n<\/div>\n<p>Texto de la denuncia \u2013&gt;\u00a0<a href=\"https:\/\/jorgerobledo.com\/wp-content\/uploads\/2017\/12\/DENUNCIA-PENAL-SANTOS-NHM.-PLATA-CAMPAN%CC%83AS.19.DIC_.17.pdf\">DENUNCIA PENAL SANTOS \u2013 NHM. PLATA CAMPAN\u0303AS.19.DIC.17<\/a><\/p>\n","protected":false},"excerpt":{"rendered":"<p>Oficina de prensa del senador Jorge Enrique Robledo, Bogot\u00e1, diciembre 19 de 2017 Que se investigue a Santos y a Mart\u00ednez en la Comisi\u00f3n de Acusaciones de la C\u00e1mara de Representantes por lavados de activos, cohecho, fraude procesal, entre otros presuntos delitos pide Robledo. Entre 4.000 y 8.000 millones de pesos habr\u00eda recibido la campa\u00f1a [&hellip;]<\/p>\n","protected":false},"author":1,"featured_media":14132,"comment_status":"open","ping_status":"open","sticky":false,"template":"","format":"standard","meta":{"advanced_seo_description":"","jetpack_seo_html_title":"","jetpack_seo_noindex":false,"_jetpack_memberships_contains_paid_content":false,"footnotes":""},"categories":[102,97,4,98],"tags":[],"class_list":["post-14131","post","type-post","status-publish","format-standard","has-post-thumbnail","hentry","category-economia","category-imperialismo-y-neoliberalismo","category-jorge-enrique-robledo","category-politica"],"jetpack_featured_media_url":"https:\/\/i0.wp.com\/moir.com.co\/web\/wp-content\/uploads\/2017\/12\/robledocacusaciones.jpeg?fit=768%2C432&ssl=1","jetpack-related-posts":[{"id":13271,"url":"https:\/\/moir.com.co\/web\/robledo-pide-celeridad-y-tramite-preferente-en-proceso-contra-el-fiscal-martinez-en-la-comision-de-acusaciones\/","url_meta":{"origin":14131,"position":0},"title":"Robledo pide celeridad y tramite preferente en proceso contra el Fiscal Mart\u00ednez en la Comisi\u00f3n de Acusaciones","author":"admin","date":"septiembre 6, 2017","format":false,"excerpt":"Oficina de prensa del senador Jorge Enrique Robledo, Bogot\u00e1, septiembre 5 de 2017 Mediante un oficio radicado en la Comisi\u00f3n de Acusaciones de la C\u00e1mara de Representantes el senador Jorge Enrique Robledo solicita que se \u201cle d\u00e9 tr\u00e1mite preferente y urgente, en la medida que la primera denuncia fue presentada\u2026","rel":"","context":"En \u00abImperialismo y Neoliberalismo\u00bb","block_context":{"text":"Imperialismo y Neoliberalismo","link":"https:\/\/moir.com.co\/web\/category\/temas\/imperialismo-y-neoliberalismo\/"},"img":{"alt_text":"","src":"https:\/\/i0.wp.com\/moir.com.co\/web\/wp-content\/uploads\/2017\/08\/Robledoelnuevosiglo.jpg?fit=730%2C450&ssl=1&resize=350%2C200","width":350,"height":200,"srcset":"https:\/\/i0.wp.com\/moir.com.co\/web\/wp-content\/uploads\/2017\/08\/Robledoelnuevosiglo.jpg?fit=730%2C450&ssl=1&resize=350%2C200 1x, https:\/\/i0.wp.com\/moir.com.co\/web\/wp-content\/uploads\/2017\/08\/Robledoelnuevosiglo.jpg?fit=730%2C450&ssl=1&resize=525%2C300 1.5x, https:\/\/i0.wp.com\/moir.com.co\/web\/wp-content\/uploads\/2017\/08\/Robledoelnuevosiglo.jpg?fit=730%2C450&ssl=1&resize=700%2C400 2x"},"classes":[]},{"id":12143,"url":"https:\/\/moir.com.co\/web\/senador-robledo-denunciara-penalmente-a-nestor-humberto-martinez-y-luis-fernando-andrade-ani-por-sus-presuntos-delitos-en-caso-odebrecht\/","url_meta":{"origin":14131,"position":1},"title":"Senador Robledo denunciar\u00e1 penalmente a N\u00e9stor Humberto Mart\u00ednez y Luis Fernando Andrade (ANI) por sus presuntos delitos en caso Odebrecht","author":"admin","date":"abril 19, 2017","format":false,"excerpt":"Oficina de prensa del senador Jorge Enrique Robledo, Bogot\u00e1, abril 19 de 2017 \u00a0En horas de la ma\u00f1ana de este mi\u00e9rcoles 19 de abril ante la Fiscal\u00eda General de la Naci\u00f3n Robledo denunciar\u00e1 a Mart\u00ednez Neira. El actual Fiscal habr\u00eda incurrido en los delitos de prevaricato por acci\u00f3n, violaci\u00f3n al\u2026","rel":"","context":"En \u00abEconom\u00eda\u00bb","block_context":{"text":"Econom\u00eda","link":"https:\/\/moir.com.co\/web\/category\/temas\/economia\/"},"img":{"alt_text":"","src":"","width":0,"height":0},"classes":[]},{"id":11715,"url":"https:\/\/moir.com.co\/web\/robledo-denuncio-al-fiscal-martinez-en-la-procuraduria-por-sus-vinculos-y-negocios-con-odebrecht-y-el-grupo-aval\/","url_meta":{"origin":14131,"position":2},"title":"Robledo denunci\u00f3 al Fiscal Mart\u00ednez en la Procuradur\u00eda por sus v\u00ednculos y negocios con Odebrecht y el Grupo Aval","author":"admin","date":"febrero 16, 2017","format":"video","excerpt":"Oficina de prensa del senador Jorge Enrique Robledo, Bogot\u00e1, febrero 16 de 2017 El senador y precandidato presidencial Jorge Enrique Robledo radic\u00f3 hoy a las 9:00 am una queja disciplinaria ante la Procuradur\u00eda en contra del Fiscal N\u00e9stor Humberto Mart\u00ednez por sus actuaciones como Ministro de la Presidencia y sus\u2026","rel":"","context":"En \u00abEconom\u00eda\u00bb","block_context":{"text":"Econom\u00eda","link":"https:\/\/moir.com.co\/web\/category\/temas\/economia\/"},"img":{"alt_text":"","src":"https:\/\/i0.wp.com\/moir.com.co\/web\/wp-content\/uploads\/2017\/02\/robledoDenunciaProcur.jpg?fit=747%2C300&ssl=1&resize=350%2C200","width":350,"height":200,"srcset":"https:\/\/i0.wp.com\/moir.com.co\/web\/wp-content\/uploads\/2017\/02\/robledoDenunciaProcur.jpg?fit=747%2C300&ssl=1&resize=350%2C200 1x, https:\/\/i0.wp.com\/moir.com.co\/web\/wp-content\/uploads\/2017\/02\/robledoDenunciaProcur.jpg?fit=747%2C300&ssl=1&resize=525%2C300 1.5x, https:\/\/i0.wp.com\/moir.com.co\/web\/wp-content\/uploads\/2017\/02\/robledoDenunciaProcur.jpg?fit=747%2C300&ssl=1&resize=700%2C400 2x"},"classes":[]},{"id":12878,"url":"https:\/\/moir.com.co\/web\/el-colmo-del-fiscal-que-sea-capturado-por-corrupto-su-fiscal-anticorrupcion\/","url_meta":{"origin":14131,"position":3},"title":"El colmo del Fiscal: que sea capturado por corrupto su fiscal anticorrupci\u00f3n","author":"admin","date":"julio 14, 2017","format":false,"excerpt":"Patricia Cifuentes, Bogot\u00e1, julio 14 de 2017 Mucho se ha comentado sobre la reciente captura, por corrupto, del fiscal anticorrupci\u00f3n. Los colombianos ven entre sorprendidos e indignados c\u00f3mo N\u00e9stor Humberto Mart\u00ednez Neira, Fiscal General de la Naci\u00f3n, se lava las manos utilizando un \u201cme fue infiel\u201d, muy por el estilo\u2026","rel":"","context":"En \u00abImperialismo y Neoliberalismo\u00bb","block_context":{"text":"Imperialismo y Neoliberalismo","link":"https:\/\/moir.com.co\/web\/category\/temas\/imperialismo-y-neoliberalismo\/"},"img":{"alt_text":"","src":"","width":0,"height":0},"classes":[]},{"id":17733,"url":"https:\/\/moir.com.co\/web\/la-plata-de-odebrecht-aval-a-la-campana-de-santos\/","url_meta":{"origin":14131,"position":4},"title":"La plata de Odebrecht-Aval a la campa\u00f1a de Santos","author":"admin","date":"julio 8, 2019","format":false,"excerpt":"Jorge Enrique Robledo, Bogot\u00e1, julio 5 de 2019 Como lo revel\u00f3 W Radio, en Declaraci\u00f3n Jurada ante la Fiscal\u00eda, Andr\u00e9s Sanmiguel confes\u00f3 que su empresa firm\u00f3 un contrato falso \u2013que nunca se ejecutar\u00eda\u2013 con el Concesionario Constructor Ruta del Sol, Consol \u2013sociedad de Odebrecht y el Grupo Aval\u2013, fruto del\u2026","rel":"","context":"En \u00abEconom\u00eda\u00bb","block_context":{"text":"Econom\u00eda","link":"https:\/\/moir.com.co\/web\/category\/temas\/economia\/"},"img":{"alt_text":"","src":"https:\/\/i0.wp.com\/moir.com.co\/web\/wp-content\/uploads\/2017\/02\/odebrechtsantos.jpg?fit=650%2C466&ssl=1&resize=350%2C200","width":350,"height":200,"srcset":"https:\/\/i0.wp.com\/moir.com.co\/web\/wp-content\/uploads\/2017\/02\/odebrechtsantos.jpg?fit=650%2C466&ssl=1&resize=350%2C200 1x, https:\/\/i0.wp.com\/moir.com.co\/web\/wp-content\/uploads\/2017\/02\/odebrechtsantos.jpg?fit=650%2C466&ssl=1&resize=525%2C300 1.5x"},"classes":[]},{"id":17020,"url":"https:\/\/moir.com.co\/web\/el-senador-robledo-le-exige-a-duque-santos-uribe-pastrana-gaviria-y-vargas-no-sostener-mas-en-el-cargo-al-fiscal-martinez\/","url_meta":{"origin":14131,"position":5},"title":"El Senador Robledo le exige a Duque, Santos, Uribe, Pastrana, Gaviria y Vargas no sostener m\u00e1s en el cargo al Fiscal Mart\u00ednez","author":"admin","date":"febrero 27, 2019","format":false,"excerpt":"Oficina de prensa del senador Jorge Enrique Robledo, Bogot\u00e1, febrero 27 de 2019 En Carta abierta, el senador Jorge Enrique Robledo llama a Iv\u00e1n Duque, Juan Manuel Santos, \u00c1lvaro Uribe, Andr\u00e9s Pastrana, C\u00e9sar Gaviria y Germ\u00e1n Vargas a no sostener m\u00e1s en el cargo a N\u00e9stor Humberto Mart\u00ednez, porque los\u2026","rel":"","context":"En \u00abEconom\u00eda\u00bb","block_context":{"text":"Econom\u00eda","link":"https:\/\/moir.com.co\/web\/category\/temas\/economia\/"},"img":{"alt_text":"","src":"https:\/\/i0.wp.com\/moir.com.co\/web\/wp-content\/uploads\/2018\/11\/fiscalcorruptorobledo.jpeg?fit=1034%2C529&ssl=1&resize=350%2C200","width":350,"height":200,"srcset":"https:\/\/i0.wp.com\/moir.com.co\/web\/wp-content\/uploads\/2018\/11\/fiscalcorruptorobledo.jpeg?fit=1034%2C529&ssl=1&resize=350%2C200 1x, https:\/\/i0.wp.com\/moir.com.co\/web\/wp-content\/uploads\/2018\/11\/fiscalcorruptorobledo.jpeg?fit=1034%2C529&ssl=1&resize=525%2C300 1.5x, https:\/\/i0.wp.com\/moir.com.co\/web\/wp-content\/uploads\/2018\/11\/fiscalcorruptorobledo.jpeg?fit=1034%2C529&ssl=1&resize=700%2C400 2x"},"classes":[]}],"jetpack_sharing_enabled":true,"_links":{"self":[{"href":"https:\/\/moir.com.co\/web\/wp-json\/wp\/v2\/posts\/14131","targetHints":{"allow":["GET"]}}],"collection":[{"href":"https:\/\/moir.com.co\/web\/wp-json\/wp\/v2\/posts"}],"about":[{"href":"https:\/\/moir.com.co\/web\/wp-json\/wp\/v2\/types\/post"}],"author":[{"embeddable":true,"href":"https:\/\/moir.com.co\/web\/wp-json\/wp\/v2\/users\/1"}],"replies":[{"embeddable":true,"href":"https:\/\/moir.com.co\/web\/wp-json\/wp\/v2\/comments?post=14131"}],"version-history":[{"count":1,"href":"https:\/\/moir.com.co\/web\/wp-json\/wp\/v2\/posts\/14131\/revisions"}],"predecessor-version":[{"id":14133,"href":"https:\/\/moir.com.co\/web\/wp-json\/wp\/v2\/posts\/14131\/revisions\/14133"}],"wp:featuredmedia":[{"embeddable":true,"href":"https:\/\/moir.com.co\/web\/wp-json\/wp\/v2\/media\/14132"}],"wp:attachment":[{"href":"https:\/\/moir.com.co\/web\/wp-json\/wp\/v2\/media?parent=14131"}],"wp:term":[{"taxonomy":"category","embeddable":true,"href":"https:\/\/moir.com.co\/web\/wp-json\/wp\/v2\/categories?post=14131"},{"taxonomy":"post_tag","embeddable":true,"href":"https:\/\/moir.com.co\/web\/wp-json\/wp\/v2\/tags?post=14131"}],"curies":[{"name":"wp","href":"https:\/\/api.w.org\/{rel}","templated":true}]}}