{"id":14120,"date":"2017-12-19T19:56:22","date_gmt":"2017-12-19T19:56:22","guid":{"rendered":"https:\/\/moir.org.co\/web\/?p=14120"},"modified":"2017-12-19T19:56:22","modified_gmt":"2017-12-19T19:56:22","slug":"salario-como-factor-de-progreso","status":"publish","type":"post","link":"https:\/\/moir.com.co\/web\/salario-como-factor-de-progreso\/","title":{"rendered":"Salario como factor de progreso"},"content":{"rendered":"<p><strong>Libardo G\u00f3mez S\u00e1nchez, Neiva, diciembre 18 de 2017<\/strong><\/p>\n<p class=\"gmail-MsoNormal\">Ayer medio pa\u00eds estaba atento al resultado del \u00a0futbol, que defin\u00eda su campe\u00f3n entre dos de los clubes capitalinos m\u00e1s emblem\u00e1ticos: Santa Fe y Millonarios, cualquiera que sea su resultado en nada cambiar\u00e1 para la mayor\u00eda de los colombianos su calidad de vida, que se encuentra entre las peores del mundo, por el bajo nivel de ingresos que registran los asalariados y ni hablar de quienes deben acudir a la econom\u00eda del rebusque, que no ganan por su esfuerzo ni siquiera el salario m\u00ednimo; al mismo tiempo se adelanta, como ocurre todos los a\u00f1os, una parodia de negociaci\u00f3n del estipendio mensual, entre el gobierno, empresarios y centrales obreras; nunca han logrado los que representan a los asalariados que sus peticiones se tengan en cuenta y por el contrario, como ocurri\u00f3 el a\u00f1o anterior, el Ministerio del Trabajo termin\u00f3 decretando el aumento por debajo de la oferta de los empleadores; el jueves anterior los empresarios terminaron por ajustar una propuesta de 5,1% en esta ocasi\u00f3n condimentada por la preocupaci\u00f3n de Fenalco, que agrupa a los grandes comerciantes, por el estancamiento de sus ventas como consecuencia del poco poder adquisitivo de los compradores, reducido a\u00fan m\u00e1s por el aumento de la tasa del IVA, a su vez los voceros de las Centrales bajaron su pretensi\u00f3n al 9% con la ingenua presunci\u00f3n de que las \u201cnegociaciones\u201d se aproximen a un valor intermedio.<\/p>\n<p class=\"gmail-MsoNormal\">La verdad es que los interese de quienes gobiernan, hace imposible un incremento sustancial de los salarios, por el contrario su prop\u00f3sito es reducirlos alegando recomendaciones del Banco Mundial o apelando a formulas como salarios por regiones, porque no es de su provecho la generaci\u00f3n de riqueza, ni el crecimiento del mercado interno, elementos b\u00e1sicos en la prosperidad de las naciones desarrolladas; su ganancia est\u00e1 ligada a las finanzas del gran capital transnacional, que tienen como requisito primordial\u00a0 para sus inversiones disponer de mano de obra barata; dista su criterio en mucho del empleado por las naciones prosperas del planeta al\u00a0 decretar sus salarios m\u00ednimos, como ocurre con Alemania 1498 euros mes, Francia 1480 o Estados Unidos 1192 contra 233 de Colombia; mientras que la gente no disponga de dinero en el bolsillo para gastar, no habr\u00e1 repunte de la econom\u00eda y por el contrario continuar\u00e1 en un progresivo camino al despe\u00f1adero.<\/p>\n<p class=\"gmail-MsoNormal\">A prop\u00f3sito del actual debate electoral, en su \u00faltima columna Daniel Coronel busca explicaci\u00f3n a las diferencias entre los datos de las encuestas y la realidad en las urnas, se le olvida la principal: la manipulaci\u00f3n de la opini\u00f3n p\u00fablica de los intereses que las contratan.<\/p>\n","protected":false},"excerpt":{"rendered":"<p>Libardo G\u00f3mez S\u00e1nchez, Neiva, diciembre 18 de 2017 Ayer medio pa\u00eds estaba atento al resultado del \u00a0futbol, que defin\u00eda su campe\u00f3n entre dos de los clubes capitalinos m\u00e1s emblem\u00e1ticos: Santa Fe y Millonarios, cualquiera que sea su resultado en nada cambiar\u00e1 para la mayor\u00eda de los colombianos su calidad de vida, que se encuentra entre [&hellip;]<\/p>\n","protected":false},"author":1,"featured_media":14059,"comment_status":"open","ping_status":"open","sticky":false,"template":"","format":"standard","meta":{"advanced_seo_description":"","jetpack_seo_html_title":"","jetpack_seo_noindex":false,"_jetpack_memberships_contains_paid_content":false,"footnotes":""},"categories":[102,97,98,109],"tags":[],"class_list":["post-14120","post","type-post","status-publish","format-standard","has-post-thumbnail","hentry","category-economia","category-imperialismo-y-neoliberalismo","category-politica","category-sindical"],"jetpack_featured_media_url":"https:\/\/i0.wp.com\/moir.com.co\/web\/wp-content\/uploads\/2017\/12\/salariominimo.png?fit=530%2C422&ssl=1","jetpack-related-posts":[{"id":7512,"url":"https:\/\/moir.com.co\/web\/reivindicacion-de-los-salarios\/","url_meta":{"origin":14120,"position":0},"title":"Reivindicaci\u00f3n de los salarios","author":"admin","date":"abril 30, 2013","format":false,"excerpt":"Hoy se celebra el D\u00eda Internacional del Trabajo. Es el d\u00eda de la clase obrera, de la clase de los trabajadores asalariados. A la vez que se hace un reconocimiento a los que lucharon en el pasado, incluso dando su vida, por alcanzar los derechos democr\u00e1ticos y las libertades sindicales\u2026","rel":"","context":"En \u00abTemas\u00bb","block_context":{"text":"Temas","link":"https:\/\/moir.com.co\/web\/category\/temas\/"},"img":{"alt_text":"","src":"","width":0,"height":0},"classes":[]},{"id":9838,"url":"https:\/\/moir.com.co\/web\/no-hubo-concertacion-del-incremento-al-salario-minimo-con-el-gobierno-de-santos-y-los-gremios-economicos\/","url_meta":{"origin":14120,"position":1},"title":"No hubo concertaci\u00f3n del incremento al salario m\u00ednimo con el gobierno de santos y los gremios econ\u00f3micos","author":"admin","date":"diciembre 21, 2015","format":false,"excerpt":"Las protocolarias reuniones destinadas a discutir el incremento del salario m\u00ednimo culminaron el 15 de diciembre, tal como era previsible, sin acuerdo alguno que comprometa a la CUT. Las iras justificadas y contenidas de los trabajadores no tienen como expresarse, puesto que otra de las maniobras de los gobiernos neoliberales,\u2026","rel":"","context":"En \u00abPronunciamientos de Organizaciones Sociales\u00bb","block_context":{"text":"Pronunciamientos de Organizaciones Sociales","link":"https:\/\/moir.com.co\/web\/category\/pronunciamientos-de-organizaciones-sociales\/"},"img":{"alt_text":"","src":"","width":0,"height":0},"classes":[]},{"id":5169,"url":"https:\/\/moir.com.co\/web\/lo-que-se-oculta-tras-del-salario-minimo\/","url_meta":{"origin":14120,"position":2},"title":"Lo que se oculta tras del salario m\u00ednimo","author":"admin","date":"enero 5, 2011","format":false,"excerpt":"Si no tuviese el salario m\u00ednimo las connotaciones que tiene, la noticia de su aumento ser\u00eda el chiste del a\u00f1o. Obviamente un chiste de humor negro, pero chiste. Sin embargo las implicaciones reales son muy tristes, como quiera que el salario m\u00ednimo sea el indicador de la remuneraci\u00f3n de la\u2026","rel":"","context":"En \u00abTemas\u00bb","block_context":{"text":"Temas","link":"https:\/\/moir.com.co\/web\/category\/temas\/"},"img":{"alt_text":"","src":"","width":0,"height":0},"classes":[]},{"id":20366,"url":"https:\/\/moir.com.co\/web\/altiva-jornada-de-trabajadores-oficiales\/","url_meta":{"origin":14120,"position":3},"title":"ALTIVA JORNADA DE TRABAJADORES OFICIALES","author":"admin","date":"octubre 21, 2004","format":false,"excerpt":"600.000 maestros y trabajadores del Estado, afiliados a Fecode, al Cite y a Fenaltrase, paralizaron el 18 de mayo los Ministerios y dem\u00e1s establecimientos oficiales, en una jornada sin precedentes en la historia sindical del sector p\u00fablico. El combativo cese fue la respuesta de los asalariados a recientes decretos del\u2026","rel":"","context":"En \u00abTribuna Roja N\u00ba 32, Bogot\u00e1, mayo de 1978\u00bb","block_context":{"text":"Tribuna Roja N\u00ba 32, Bogot\u00e1, mayo de 1978","link":"https:\/\/moir.com.co\/web\/category\/tribuna-roja\/ediciones-1975-1979\/tribuna-roja-no-32-bogota-mayo-de-1978\/"},"img":{"alt_text":"","src":"","width":0,"height":0},"classes":[]},{"id":20678,"url":"https:\/\/moir.com.co\/web\/protesta-en-los-ff-nn\/","url_meta":{"origin":14120,"position":4},"title":"PROTESTA EN LOS FF.NN.","author":"admin","date":"enero 31, 2005","format":false,"excerpt":"El 5 de abril se cumpli\u00f3 con \u00e9xito en todo el pa\u00eds el paro de 24 horas programado por el Comit\u00e9 Ejecutivo del Sindicato Nacional Ferroviario, Sintrafer, que preside Santander Orellanos, como en anteriores oportunidades los trabajadores exigen que la empresa se ponga al d\u00eda en el pago se salarios\u2026","rel":"","context":"En \u00abTribuna Roja N\u00b043, Bogot\u00e1; mayo de 1982\u00bb","block_context":{"text":"Tribuna Roja N\u00b043, Bogot\u00e1; mayo de 1982","link":"https:\/\/moir.com.co\/web\/category\/tribuna-roja\/ediciones-1980-1984\/tribuna-roja-n43-bogota-mayo-de-1982\/"},"img":{"alt_text":"","src":"","width":0,"height":0},"classes":[]},{"id":20511,"url":"https:\/\/moir.com.co\/web\/frente-de-accion-conforman-asalariados-del-distrito\/","url_meta":{"origin":14120,"position":5},"title":"FRENTE DE ACCI\u00d3N CONFORMAN ASALARIADOS DEL DISTRITO","author":"admin","date":"enero 23, 2005","format":false,"excerpt":"Los sindicatos de la Empresa de Tel\u00e9fonos de Bogot\u00e1, del Acueducto y del Instituto de Desarrollo Urbano (IDU), as\u00ed como la asociaci\u00f3n de T\u00e9cnicos en Telecomunicaciones (Atelca), conformaron a mediados de febrero un frente distrital de unidad de acci\u00f3n, para enfrentar la intransigencia de los patronos en las actuales negociaciones\u2026","rel":"","context":"En \u00abTribuna Roja N\u00b0 36, Bogot\u00e1; febrero-marzo de 1980\u00bb","block_context":{"text":"Tribuna Roja N\u00b0 36, Bogot\u00e1; febrero-marzo de 1980","link":"https:\/\/moir.com.co\/web\/category\/tribuna-roja\/ediciones-1980-1984\/tribuna-roja-n-36-bogota-febrero-marzo-de-1980\/"},"img":{"alt_text":"","src":"","width":0,"height":0},"classes":[]}],"jetpack_sharing_enabled":true,"_links":{"self":[{"href":"https:\/\/moir.com.co\/web\/wp-json\/wp\/v2\/posts\/14120","targetHints":{"allow":["GET"]}}],"collection":[{"href":"https:\/\/moir.com.co\/web\/wp-json\/wp\/v2\/posts"}],"about":[{"href":"https:\/\/moir.com.co\/web\/wp-json\/wp\/v2\/types\/post"}],"author":[{"embeddable":true,"href":"https:\/\/moir.com.co\/web\/wp-json\/wp\/v2\/users\/1"}],"replies":[{"embeddable":true,"href":"https:\/\/moir.com.co\/web\/wp-json\/wp\/v2\/comments?post=14120"}],"version-history":[{"count":1,"href":"https:\/\/moir.com.co\/web\/wp-json\/wp\/v2\/posts\/14120\/revisions"}],"predecessor-version":[{"id":14121,"href":"https:\/\/moir.com.co\/web\/wp-json\/wp\/v2\/posts\/14120\/revisions\/14121"}],"wp:featuredmedia":[{"embeddable":true,"href":"https:\/\/moir.com.co\/web\/wp-json\/wp\/v2\/media\/14059"}],"wp:attachment":[{"href":"https:\/\/moir.com.co\/web\/wp-json\/wp\/v2\/media?parent=14120"}],"wp:term":[{"taxonomy":"category","embeddable":true,"href":"https:\/\/moir.com.co\/web\/wp-json\/wp\/v2\/categories?post=14120"},{"taxonomy":"post_tag","embeddable":true,"href":"https:\/\/moir.com.co\/web\/wp-json\/wp\/v2\/tags?post=14120"}],"curies":[{"name":"wp","href":"https:\/\/api.w.org\/{rel}","templated":true}]}}