{"id":14112,"date":"2017-12-16T15:47:53","date_gmt":"2017-12-16T15:47:53","guid":{"rendered":"https:\/\/moir.org.co\/web\/?p=14112"},"modified":"2017-12-16T15:47:53","modified_gmt":"2017-12-16T15:47:53","slug":"fajardo-y-coalicion-colombia-son-la-alternativa","status":"publish","type":"post","link":"https:\/\/moir.com.co\/web\/fajardo-y-coalicion-colombia-son-la-alternativa\/","title":{"rendered":"Fajardo y Coalici\u00f3n Colombia son la alternativa"},"content":{"rendered":"<p><strong>Jorge Enrique Robledo, Bogot\u00e1, diciembre 15 de 2017<\/strong><\/p>\n<div>Como es obvio, a quienes han malgobernado a Colombia en los \u00faltimos 16 a\u00f1os, y m\u00e1s atr\u00e1s, les qued\u00f3 gustando. De ah\u00ed que quieran que en 2018 el Presidente sea otro de \u201clos mismos con las mismas\u201d, como ya lo denunciara en sus d\u00edas Gait\u00e1n, de forma que con cara ganen ellos y con sello tambi\u00e9n. Que se sigan enquistados en el poder los que han puesto el ciento por ciento de los presidentes y han condenado al pa\u00eds a una econom\u00eda de mercado tan mediocre como grandes han sido sus esfuerzos por ocultarlo, y a unos \u00edndices de desigualdad social y corrupci\u00f3n que nos averg\u00fcenzan ante los pa\u00edses que s\u00ed han tenido \u00e9xito en la modernizaci\u00f3n de su aparato econ\u00f3mico y sus relaciones sociales y pol\u00edticas.<\/div>\n<div><\/div>\n<div>Y se empe\u00f1an en que esta sea la segunda elecci\u00f3n presidencial consecutiva montada sobre una pelea de perros y gatos, manipulada para que los colombianos no puedan reflexionar, viveza tra\u00edda de la confrontaci\u00f3n de d\u00e9cadas entre liberales y conservadores que con tanto \u00e9xito usaron los antepasados pol\u00edticos y de todo orden de la Unidad Nacional y el Centro Democr\u00e1tico. El que no conoce la historia est\u00e1 condenado a repetirla.<\/div>\n<div><\/div>\n<div>Los de mi generaci\u00f3n nos criamos en el miedo y el odio a los del partido que no era el de nuestros padres, y eso que ya los jefes del liberalismo y el conservatismo hab\u00edan dado la orden de parar la matanza que azuzaron y que dej\u00f3 unos doscientos mil asesinados entre los campesinos y las gentes sencillas de los dos partidos, en tanto las diferencias entre sus jefes pol\u00edticos y los beneficiarios de sus medidas nunca fueron m\u00e1s que pleitos por el bot\u00edn burocr\u00e1tico y la imposici\u00f3n de pr\u00e1cticas que enriquec\u00edan a unos y a otros pero que no desarrollaban al pa\u00eds. Por ello fue que el Frente Nacional en nada modific\u00f3 el orden econ\u00f3mico y social, incluido aplicar todo lo que dictaminaran en Washington, pero s\u00ed impuso como orden legal la dictadura pol\u00edtica bipartidista y el reparto al cincuenta por ciento de la marrana burocr\u00e1tica y contractual.<\/div>\n<div><\/div>\n<div>Ese miedo que produc\u00eda escalofr\u00edo, aceitado con la corrupci\u00f3n clientelista y el poder de un Estado repartido como bot\u00edn, m\u00e1s la h\u00e1bil utilizaci\u00f3n del disparate de un alzamiento armado que nunca tuvo ninguna justificaci\u00f3n verdadera, les permiti\u00f3 a los mismos controlar la pol\u00edtica durante varias d\u00e9cadas. Y cuando les empez\u00f3 a fallar el truco, pero tambi\u00e9n como un enga\u00f1o a los colombianos, les sacaron cr\u00edas pol\u00edticas al liberalismo y el conservatismo, aut\u00e9nticos clones en todo lo fundamental, que mantienen a Colombia presa de un modelo de pa\u00eds que en muchos aspectos tiene m\u00e1s premoderno que de moderno.<\/div>\n<div><\/div>\n<div>Para el muy notorio prop\u00f3sito de regresar a Colombia a los d\u00edas de la hegemon\u00eda liberal-conservadora pero con otros personajes, las c\u00fapulas del santismo y el uribismo est\u00e1n usando el proceso de paz \u2013y no es que no pueda debatirse al respecto\u2013, de forma que los colombianos, envenenados, no puedan darse cuenta de que a ese proceso lo convirtieron en cortina de humo para ocultar que si son 50 los temas principales, santismo y uribismo est\u00e1n de acuerdo en 49, y que con cualquiera de ellos que gane en 2018 volver\u00e1 a triunfar el pacto que bien ilustra que los mismos con las mismas sostengan al Fiscal Mart\u00ednez, al que impusieron el Grupo Aval y Odebrecht, financistas de sus dos campa\u00f1as presidenciales en 2014.<\/div>\n<div><\/div>\n<div>De ah\u00ed que ellos est\u00e9n tan agresivos contra Fajardo y la Coalici\u00f3n Colombia, ayudados por los incoherentes que se aliaron con Santos desde el 2010 y votaron por este y por Vargas Lleras en la primera vuelta de 2014 o respaldaron al gobierno despu\u00e9s. Porque los mismos saben que Fajardo es el \u00fanico que puede ganarles, con el respaldo del Polo, los Verdes y Compromiso, verdades que est\u00e1n generando que millones de colombianos de todos los or\u00edgenes sociales y pol\u00edticos, mamados de los malos gobiernos y pol\u00edticos de siempre, se conviertan en el fen\u00f3meno ciudadano capaz de vencerlos y empezar a superar la crisis que vive Colombia.<\/div>\n<div><\/div>\n<div>A quienes se preguntan que por qu\u00e9 tom\u00e9 mis \u00faltimas decisiones, una respuesta breve: adem\u00e1s de lo dicho hasta aqu\u00ed, afirm\u00e9 que en la Coalici\u00f3n Colombia ocupar\u00eda el puesto que me tocara para construirla, inspirado en la idea de toda mi vida de que en pol\u00edtica solo hago lo que considere mejor para el pa\u00eds, incluso si entra en contradicci\u00f3n con mis intereses personales.<\/div>\n","protected":false},"excerpt":{"rendered":"<p>Jorge Enrique Robledo, Bogot\u00e1, diciembre 15 de 2017 Como es obvio, a quienes han malgobernado a Colombia en los \u00faltimos 16 a\u00f1os, y m\u00e1s atr\u00e1s, les qued\u00f3 gustando. De ah\u00ed que quieran que en 2018 el Presidente sea otro de \u201clos mismos con las mismas\u201d, como ya lo denunciara en sus d\u00edas Gait\u00e1n, de forma [&hellip;]<\/p>\n","protected":false},"author":1,"featured_media":14113,"comment_status":"open","ping_status":"open","sticky":false,"template":"","format":"standard","meta":{"advanced_seo_description":"","jetpack_seo_html_title":"","jetpack_seo_noindex":false,"_jetpack_memberships_contains_paid_content":false,"footnotes":""},"categories":[102,97,4,98],"tags":[],"class_list":["post-14112","post","type-post","status-publish","format-standard","has-post-thumbnail","hentry","category-economia","category-imperialismo-y-neoliberalismo","category-jorge-enrique-robledo","category-politica"],"jetpack_featured_media_url":"https:\/\/i0.wp.com\/moir.com.co\/web\/wp-content\/uploads\/2017\/12\/coalicioncolombia2.jpeg?fit=275%2C183&ssl=1","jetpack-related-posts":[{"id":10785,"url":"https:\/\/moir.com.co\/web\/senador-jorge-enrique-robledo-anuncia-su-precandidatura-a-la-presidencia\/","url_meta":{"origin":14112,"position":0},"title":"Senador Jorge Enrique Robledo anuncia su precandidatura a la Presidencia","author":"admin","date":"octubre 26, 2016","format":false,"excerpt":"Oficina de prensa del senador Jorge Enrique Robledo, Bogot\u00e1, octubre 26 de 2016e Jorge Enrique Robledo Castillo, recientemente elegido por quinta ocasi\u00f3n consecutiva por los l\u00edderes de opini\u00f3n como el mejor senador del pa\u00eds, anunci\u00f3 su precandidatura a la Presidencia de la Rep\u00fablica. Por medio de una carta, el senador\u2026","rel":"","context":"En \u00abJorge Enrique Robledo\u00bb","block_context":{"text":"Jorge Enrique Robledo","link":"https:\/\/moir.com.co\/web\/category\/jorge-enrique-robledo\/"},"img":{"alt_text":"","src":"https:\/\/i0.wp.com\/moir.com.co\/web\/wp-content\/uploads\/2016\/10\/robledocandidato2018.jpg?fit=835%2C470&ssl=1&resize=350%2C200","width":350,"height":200,"srcset":"https:\/\/i0.wp.com\/moir.com.co\/web\/wp-content\/uploads\/2016\/10\/robledocandidato2018.jpg?fit=835%2C470&ssl=1&resize=350%2C200 1x, https:\/\/i0.wp.com\/moir.com.co\/web\/wp-content\/uploads\/2016\/10\/robledocandidato2018.jpg?fit=835%2C470&ssl=1&resize=525%2C300 1.5x, https:\/\/i0.wp.com\/moir.com.co\/web\/wp-content\/uploads\/2016\/10\/robledocandidato2018.jpg?fit=835%2C470&ssl=1&resize=700%2C400 2x"},"classes":[]},{"id":13501,"url":"https:\/\/moir.com.co\/web\/el-mensaje-de-jorge-robledo-a-los-microempresarios-del-pais\/","url_meta":{"origin":14112,"position":1},"title":"El mensaje de Jorge Robledo a los microempresarios del pa\u00eds","author":"admin","date":"octubre 13, 2017","format":false,"excerpt":"http:\/\/www.elolfato.com\/, octubre 13 de 2017 \u201cSe vienen cuatro a\u00f1os de defensa de las micro, peque\u00f1as y medianas empresas, les toca a las MiPymes\u201d, les dijo el precandidato presidencial Jorge Enrique Robledo a cientos de empresarios presentes en Cartagena en el 62 Congreso de Acopi, gremio que agrupa a los micro,\u2026","rel":"","context":"En \u00abAgro\u00bb","block_context":{"text":"Agro","link":"https:\/\/moir.com.co\/web\/category\/temas\/agro\/"},"img":{"alt_text":"","src":"https:\/\/i0.wp.com\/moir.com.co\/web\/wp-content\/uploads\/2017\/10\/Robledopymes.jpg?fit=835%2C470&ssl=1&resize=350%2C200","width":350,"height":200,"srcset":"https:\/\/i0.wp.com\/moir.com.co\/web\/wp-content\/uploads\/2017\/10\/Robledopymes.jpg?fit=835%2C470&ssl=1&resize=350%2C200 1x, https:\/\/i0.wp.com\/moir.com.co\/web\/wp-content\/uploads\/2017\/10\/Robledopymes.jpg?fit=835%2C470&ssl=1&resize=525%2C300 1.5x, https:\/\/i0.wp.com\/moir.com.co\/web\/wp-content\/uploads\/2017\/10\/Robledopymes.jpg?fit=835%2C470&ssl=1&resize=700%2C400 2x"},"classes":[]},{"id":17333,"url":"https:\/\/moir.com.co\/web\/hagamos-un-pacto-en-defensa-de-la-industria-textil-y-de-confecciones-robledo\/","url_meta":{"origin":14112,"position":2},"title":"Hagamos un pacto en defensa de la industria textil y de confecciones: Robledo","author":"admin","date":"abril 24, 2019","format":false,"excerpt":"Oficina de prensa del senador Jorge Enrique Robledo, Bogot\u00e1, abril 23 de 2019 Industriales, trabajadores y diversos sectores pol\u00edticos se unieron para pedir un salvamento para el empleo y la producci\u00f3n a la industria de las confecciones y afines en Colombia. La Audiencia P\u00fablica \u201cDefendamos la industria textil y de\u2026","rel":"","context":"En \u00abEconom\u00eda\u00bb","block_context":{"text":"Econom\u00eda","link":"https:\/\/moir.com.co\/web\/category\/temas\/economia\/"},"img":{"alt_text":"","src":"https:\/\/i0.wp.com\/moir.com.co\/web\/wp-content\/uploads\/2019\/04\/audienciatextilconfecciones.jpg?fit=1200%2C624&ssl=1&resize=350%2C200","width":350,"height":200,"srcset":"https:\/\/i0.wp.com\/moir.com.co\/web\/wp-content\/uploads\/2019\/04\/audienciatextilconfecciones.jpg?fit=1200%2C624&ssl=1&resize=350%2C200 1x, https:\/\/i0.wp.com\/moir.com.co\/web\/wp-content\/uploads\/2019\/04\/audienciatextilconfecciones.jpg?fit=1200%2C624&ssl=1&resize=525%2C300 1.5x, https:\/\/i0.wp.com\/moir.com.co\/web\/wp-content\/uploads\/2019\/04\/audienciatextilconfecciones.jpg?fit=1200%2C624&ssl=1&resize=700%2C400 2x, https:\/\/i0.wp.com\/moir.com.co\/web\/wp-content\/uploads\/2019\/04\/audienciatextilconfecciones.jpg?fit=1200%2C624&ssl=1&resize=1050%2C600 3x"},"classes":[]},{"id":17488,"url":"https:\/\/moir.com.co\/web\/tlc-con-estados-unidos-7-anos-de-palizas-para-colombia-robledo\/","url_meta":{"origin":14112,"position":3},"title":"TLC con Estados Unidos, 7 a\u00f1os de palizas para Colombia: Robledo","author":"admin","date":"mayo 16, 2019","format":false,"excerpt":"Oficina de prensa del senador Jorge Enrique Robledo, Bogot\u00e1, mayo 16 de 2019 Los resultados de siete a\u00f1os de Tratado de Libre Comercio con Estados Unidos muestran que Nuestra balanza comercial con esa naci\u00f3n pas\u00f3 de positiva en 8.990 millones a negativa en 1.702 millones de d\u00f3lares. Una p\u00e9rdida de\u2026","rel":"","context":"En \u00abAgro\u00bb","block_context":{"text":"Agro","link":"https:\/\/moir.com.co\/web\/category\/temas\/agro\/"},"img":{"alt_text":"","src":"https:\/\/i0.wp.com\/moir.com.co\/web\/wp-content\/uploads\/2019\/05\/TLCcaricaturamatador.jpg?fit=600%2C480&ssl=1&resize=350%2C200","width":350,"height":200,"srcset":"https:\/\/i0.wp.com\/moir.com.co\/web\/wp-content\/uploads\/2019\/05\/TLCcaricaturamatador.jpg?fit=600%2C480&ssl=1&resize=350%2C200 1x, https:\/\/i0.wp.com\/moir.com.co\/web\/wp-content\/uploads\/2019\/05\/TLCcaricaturamatador.jpg?fit=600%2C480&ssl=1&resize=525%2C300 1.5x"},"classes":[]},{"id":11817,"url":"https:\/\/moir.com.co\/web\/con-millones-de-voluntarios-vamos-a-derrotar-a-los-corruptos-y-a-ganar-la-presidencia-robledo\/","url_meta":{"origin":14112,"position":4},"title":"Con millones de voluntarios vamos a derrotar a los corruptos y a ganar la Presidencia: Robledo","author":"admin","date":"marzo 2, 2017","format":false,"excerpt":"Oficina de prensa del candidato presidencial Jorge Enrique Robledo, Bogot\u00e1, febrero 1 de 2017 Las autoridades del Polo lo ratificaron como el candidato oficial del partido Jorge Enrique Robledo Castillo fue ratificado por las autoridades del Polo Democr\u00e1tico Alternativo como su candidato oficial para la Presidencia de Colombia. Es el\u2026","rel":"","context":"En \u00abEconom\u00eda\u00bb","block_context":{"text":"Econom\u00eda","link":"https:\/\/moir.com.co\/web\/category\/temas\/economia\/"},"img":{"alt_text":"","src":"https:\/\/i0.wp.com\/moir.com.co\/web\/wp-content\/uploads\/2017\/03\/robledocandidatopresidencial.jpg?fit=691%2C1024&ssl=1&resize=350%2C200","width":350,"height":200,"srcset":"https:\/\/i0.wp.com\/moir.com.co\/web\/wp-content\/uploads\/2017\/03\/robledocandidatopresidencial.jpg?fit=691%2C1024&ssl=1&resize=350%2C200 1x, https:\/\/i0.wp.com\/moir.com.co\/web\/wp-content\/uploads\/2017\/03\/robledocandidatopresidencial.jpg?fit=691%2C1024&ssl=1&resize=525%2C300 1.5x"},"classes":[]},{"id":11811,"url":"https:\/\/moir.com.co\/web\/9-puntos-de-enfasis-programaticos-senador-y-candidato-presidencial-jorge-enrique-robledo\/","url_meta":{"origin":14112,"position":5},"title":"9 puntos de \u00e9nfasis program\u00e1ticos. Senador y Candidato Presidencial Jorge Enrique Robledo","author":"admin","date":"marzo 1, 2017","format":false,"excerpt":"Polo Democr\u00e1tico Alternativo, Bogot\u00e1, marzo 1 de 2017 En Rueda de prensa realizada hoy en la ma\u00f1ana en la sede nacional del PDA, el Senador y Candidato Presidencial Jorge Enrique Robledo, expreso temas respecto a su campa\u00f1a presidencial. \u00c9nfasis program\u00e1ticos de la candidatura a la Presidencia del Senador Robledo 1.\u2026","rel":"","context":"En \u00abEconom\u00eda\u00bb","block_context":{"text":"Econom\u00eda","link":"https:\/\/moir.com.co\/web\/category\/temas\/economia\/"},"img":{"alt_text":"","src":"https:\/\/i0.wp.com\/moir.com.co\/web\/wp-content\/uploads\/2017\/03\/RobledoRuedaprensa010317.jpg?fit=1199%2C806&ssl=1&resize=350%2C200","width":350,"height":200,"srcset":"https:\/\/i0.wp.com\/moir.com.co\/web\/wp-content\/uploads\/2017\/03\/RobledoRuedaprensa010317.jpg?fit=1199%2C806&ssl=1&resize=350%2C200 1x, https:\/\/i0.wp.com\/moir.com.co\/web\/wp-content\/uploads\/2017\/03\/RobledoRuedaprensa010317.jpg?fit=1199%2C806&ssl=1&resize=525%2C300 1.5x, https:\/\/i0.wp.com\/moir.com.co\/web\/wp-content\/uploads\/2017\/03\/RobledoRuedaprensa010317.jpg?fit=1199%2C806&ssl=1&resize=700%2C400 2x, https:\/\/i0.wp.com\/moir.com.co\/web\/wp-content\/uploads\/2017\/03\/RobledoRuedaprensa010317.jpg?fit=1199%2C806&ssl=1&resize=1050%2C600 3x"},"classes":[]}],"jetpack_sharing_enabled":true,"_links":{"self":[{"href":"https:\/\/moir.com.co\/web\/wp-json\/wp\/v2\/posts\/14112","targetHints":{"allow":["GET"]}}],"collection":[{"href":"https:\/\/moir.com.co\/web\/wp-json\/wp\/v2\/posts"}],"about":[{"href":"https:\/\/moir.com.co\/web\/wp-json\/wp\/v2\/types\/post"}],"author":[{"embeddable":true,"href":"https:\/\/moir.com.co\/web\/wp-json\/wp\/v2\/users\/1"}],"replies":[{"embeddable":true,"href":"https:\/\/moir.com.co\/web\/wp-json\/wp\/v2\/comments?post=14112"}],"version-history":[{"count":1,"href":"https:\/\/moir.com.co\/web\/wp-json\/wp\/v2\/posts\/14112\/revisions"}],"predecessor-version":[{"id":14114,"href":"https:\/\/moir.com.co\/web\/wp-json\/wp\/v2\/posts\/14112\/revisions\/14114"}],"wp:featuredmedia":[{"embeddable":true,"href":"https:\/\/moir.com.co\/web\/wp-json\/wp\/v2\/media\/14113"}],"wp:attachment":[{"href":"https:\/\/moir.com.co\/web\/wp-json\/wp\/v2\/media?parent=14112"}],"wp:term":[{"taxonomy":"category","embeddable":true,"href":"https:\/\/moir.com.co\/web\/wp-json\/wp\/v2\/categories?post=14112"},{"taxonomy":"post_tag","embeddable":true,"href":"https:\/\/moir.com.co\/web\/wp-json\/wp\/v2\/tags?post=14112"}],"curies":[{"name":"wp","href":"https:\/\/api.w.org\/{rel}","templated":true}]}}