{"id":14081,"date":"2017-12-11T17:11:53","date_gmt":"2017-12-11T17:11:53","guid":{"rendered":"https:\/\/moir.org.co\/web\/?p=14081"},"modified":"2017-12-11T17:11:53","modified_gmt":"2017-12-11T17:11:53","slug":"huila-y-tolima-es-la-rentabilidad-del-agro","status":"publish","type":"post","link":"https:\/\/moir.com.co\/web\/huila-y-tolima-es-la-rentabilidad-del-agro\/","title":{"rendered":"Huila y Tolima: \u00a1Es la rentabilidad del agro!"},"content":{"rendered":"<p><strong>Aurelio Su\u00e1rez Montoya, Bogot\u00e1, diciembre 10 de 2017<\/strong><\/p>\n<p>Cuando se recorren las regiones de Colombia puede constatarse que la agricultura &#8211; aunque sea s\u00f3lo 6% del PIB nacional- es fuente de ingreso y empleo de decenas de millones de colombianos pero, as\u00ed mismo, se verifica el divorcio entre esta realidad y los centros de poder y de decisi\u00f3n en Bogot\u00e1.<\/p>\n<p>Es el caso de departamentos como Huila y Tolima, donde se hallan grandes territorios sembrados de caf\u00e9, pl\u00e1tano, mango, panela, aguacate, arroz y ma\u00edz soportando sus econom\u00edas: los cinco primeros son 68% de los cultivos permanentes tolimenses y los otros dos el 90% de sus transitorios y a la vez -en ambas regiones- funcionan como multiplicadores b\u00e1sicos para el consumo y la demanda de otros bienes y primer factor del desarrollo regional.<\/p>\n<p>Estudios del profesor de la Universidad Surcolombiana de Neiva Germ\u00e1n Casta\u00f1eda, para analizar la econom\u00eda huilense, que hoy es la mayor productora de caf\u00e9, muestran el siguiente cuadro: su contribuci\u00f3n al PIB nacional es s\u00f3lo del 1,8%; la pobreza monetaria se acerca al 50%; el ingreso de una familia de cuatro personas es inferior a $966.692 y est\u00e1, junto con Choc\u00f3, La Guajira, Cauca y Magdalena, entre los cinco con mayor pobreza extrema. El desempleo pasa del 10% y la informalidad ronda el 50% y, en forma asombrosa, afirma que \u201cel 10% m\u00e1s rico es due\u00f1o del 90% de la riqueza\u201d. Solo la agricultura, la construcci\u00f3n y el sector financiero contribuyen a su econom\u00eda, ya que la manufactura es inexistente.<\/p>\n<p>En el caso del Tolima, la agricultura aporta 15 de cada cien pesos de su econom\u00eda, que desde 2013, cuando acaeci\u00f3 la gran explosi\u00f3n del sector agropecuario, crece por debajo del promedio nacional. En Ibagu\u00e9, el 88% de la poblaci\u00f3n es de estratos Uno al Tres, y la pobreza cubre al 17% y al 33% en todo el departamento y, seg\u00fan la C\u00e1mara de Comercio, el ingreso por habitante es solo 70% del promedio nacional. El desempleo tambi\u00e9n se ubica sobre el 10% y en la capital departamental sube hasta 13%, mientras la informalidad es del 58%.<\/p>\n<p>Los dos cultivos emblem\u00e1ticos en Tolima y Huila, caf\u00e9 y arroz, atraviesan un periodo cr\u00edtico. Los caficultores cada vez presentan mayor p\u00e9rdida de poder adquisitivo: en 1989, con el valor de una carga de caf\u00e9 pod\u00edan pagar 60 jornales o comprar 1250 kilos de fertilizante o 300 galones de ACPM. A contramano, en 2017, los $800 mil que reciben por igual volumen de grano s\u00f3lo les alcanzan para pagar 32 jornales o adquirir 500 kilos de fertilizante o menos de 100 galones de Acpm. Sufren una ca\u00edda a la mitad o a tercias en la relaci\u00f3n de precios debido al congelamiento de la cotizaci\u00f3n internacional y la dependencia del cambio del d\u00f3lar.<\/p>\n<p>Para los arroceros la situaci\u00f3n es peor. Entre febrero de 2016 y noviembre de 2017 el precio de una tonelada de arroz paddy verde cay\u00f3 de $1\u2019424.750 a $878.857, 40% menos en solo 20 meses. Todo fruto de importaciones -que en 2016 fueron de 332 mil toneladas y 395 mil en 2015 y cuya sustituci\u00f3n ir\u00f3nicamente era el fin del programa \u201cColombia Siembra\u201d- en tanto la producci\u00f3n nacional, por ende, escal\u00f3 de m\u00e1s de 2 millones de toneladas en 2015 a 2,9 millones en 2017. La sobreoferta, causada por dichas compras externas que han continuado, en este producto en el cual Colombia es autosuficiente, arruina a los cultivadores, muchos con costos por tonelada de $1\u2019200.000 y que trabajan en tierras arrendadas.<\/p>\n<p>La descripci\u00f3n anterior se puede sintetizar en que la agricultura que prima en vastas zonas del pa\u00eds, en medio de la indiferencia y quiz\u00e1 de las conjuras de los grandes poderes del pa\u00eds, es solo de subsistencia y amenaza ruina y las graves secuelas que ello implica generan paulatinamente un bache mayor entre ellas y las dos o tres principales ciudades. El agro debe retornar a niveles de rentabilidad que redunden en provecho y bienestar para Tolima y Huila.<\/p>\n<p>La publicitada apertura de hace 27 a\u00f1os no solo no elimin\u00f3 las diferencias entre metr\u00f3polis y el resto de Colombia: las agrand\u00f3. Esto debe corregirse y para hacerlo se requiere de visiones diferentes a las que han imperado con p\u00e9simos balances.<\/p>\n","protected":false},"excerpt":{"rendered":"<p>Aurelio Su\u00e1rez Montoya, Bogot\u00e1, diciembre 10 de 2017 Cuando se recorren las regiones de Colombia puede constatarse que la agricultura &#8211; aunque sea s\u00f3lo 6% del PIB nacional- es fuente de ingreso y empleo de decenas de millones de colombianos pero, as\u00ed mismo, se verifica el divorcio entre esta realidad y los centros de poder [&hellip;]<\/p>\n","protected":false},"author":1,"featured_media":14082,"comment_status":"open","ping_status":"open","sticky":false,"template":"","format":"standard","meta":{"advanced_seo_description":"","jetpack_seo_html_title":"","jetpack_seo_noindex":false,"_jetpack_memberships_contains_paid_content":false,"footnotes":""},"categories":[114,79,102,97,98],"tags":[],"class_list":["post-14081","post","type-post","status-publish","format-standard","has-post-thumbnail","hentry","category-agro","category-aurelio-suarez-montoya","category-economia","category-imperialismo-y-neoliberalismo","category-politica"],"jetpack_featured_media_url":"https:\/\/i0.wp.com\/moir.com.co\/web\/wp-content\/uploads\/2017\/12\/agro4.jpg?fit=274%2C184&ssl=1","jetpack-related-posts":[{"id":17295,"url":"https:\/\/moir.com.co\/web\/video-intervencion-de-aurelio-suarez-montoya-en-la-audiencia-el-agro-en-crisis\/","url_meta":{"origin":14081,"position":0},"title":"Video: Intervenci\u00f3n de Aurelio Su\u00e1rez Montoya en la audiencia &#8220;El agro en crisis&#8221;","author":"admin","date":"abril 14, 2019","format":"video","excerpt":"Bogot\u00e1, abril 13 de 2019","rel":"","context":"En \u00abAgro\u00bb","block_context":{"text":"Agro","link":"https:\/\/moir.com.co\/web\/category\/temas\/agro\/"},"img":{"alt_text":"","src":"","width":0,"height":0},"classes":[]},{"id":15797,"url":"https:\/\/moir.com.co\/web\/video-economia-al-dia-con-yina-ramos-una-vision-de-la-economia-colombiana-2018-con-aurelio-suarez-montoya\/","url_meta":{"origin":14081,"position":1},"title":"Video: Econom\u00eda al D\u00eda con Yina Ramos: Una visi\u00f3n de la econom\u00eda colombiana 2018, con Aurelio Su\u00e1rez Montoya","author":"admin","date":"agosto 30, 2018","format":"video","excerpt":"Bogot\u00e1, agosto 27 de 2018","rel":"","context":"En \u00abAgro\u00bb","block_context":{"text":"Agro","link":"https:\/\/moir.com.co\/web\/category\/temas\/agro\/"},"img":{"alt_text":"","src":"","width":0,"height":0},"classes":[]},{"id":13887,"url":"https:\/\/moir.com.co\/web\/colombia-es-perdedor-en-el-comercio-agricola-aurelio-suarez\/","url_meta":{"origin":14081,"position":2},"title":"Colombia es perdedor en el comercio agr\u00edcola: Aurelio Su\u00e1rez","author":"admin","date":"noviembre 20, 2017","format":false,"excerpt":"Redacci\u00f3n Diario del Huila, Neiva, noviembre 20 de 2017 Desde hace un mes Aurelio Suarez Montoya, viene recorriendo el pa\u00eds con el objetivo de conocer de primera mano la realidad que se vive en las regiones en diferentes aspectos; en Colombia, su nombre es conocido porque es una de las\u2026","rel":"","context":"En \u00abAgro\u00bb","block_context":{"text":"Agro","link":"https:\/\/moir.com.co\/web\/category\/temas\/agro\/"},"img":{"alt_text":"","src":"https:\/\/i0.wp.com\/moir.com.co\/web\/wp-content\/uploads\/2017\/11\/aureliosuarezdiariodelhuila.jpg?fit=600%2C375&ssl=1&resize=350%2C200","width":350,"height":200,"srcset":"https:\/\/i0.wp.com\/moir.com.co\/web\/wp-content\/uploads\/2017\/11\/aureliosuarezdiariodelhuila.jpg?fit=600%2C375&ssl=1&resize=350%2C200 1x, https:\/\/i0.wp.com\/moir.com.co\/web\/wp-content\/uploads\/2017\/11\/aureliosuarezdiariodelhuila.jpg?fit=600%2C375&ssl=1&resize=525%2C300 1.5x"},"classes":[]},{"id":13753,"url":"https:\/\/moir.com.co\/web\/rueda-de-prensa-de-aurelio-suarez-montoya-en-pereira\/","url_meta":{"origin":14081,"position":3},"title":"Rueda de prensa de Aurelio Su\u00e1rez Montoya en Pereira","author":"admin","date":"noviembre 7, 2017","format":"video","excerpt":"Rueda de prensa con uno de los economistas m\u00e1s importantes del pa\u00eds, Aurelio Su\u00e1rez, hablar\u00e1 sobre temas de relevancia para el departamento de Risaralda. Pereira, noviembre 5 de 2017","rel":"","context":"En \u00abAgro\u00bb","block_context":{"text":"Agro","link":"https:\/\/moir.com.co\/web\/category\/temas\/agro\/"},"img":{"alt_text":"","src":"","width":0,"height":0},"classes":[]},{"id":12380,"url":"https:\/\/moir.com.co\/web\/el-agro-los-acuerdos-de-la-habana-y-las-agendas-en-disputa\/","url_meta":{"origin":14081,"position":4},"title":"El agro, los acuerdos de La Habana y las agendas en disputa","author":"admin","date":"mayo 13, 2017","format":false,"excerpt":"Aurelio Su\u00e1rez Montoya, Revista Semillas #65-66, mayo de 2017","rel":"","context":"En \u00abAgro\u00bb","block_context":{"text":"Agro","link":"https:\/\/moir.com.co\/web\/category\/temas\/agro\/"},"img":{"alt_text":"","src":"","width":0,"height":0},"classes":[]},{"id":1045,"url":"https:\/\/moir.com.co\/web\/marcha-arrocera-19-de-octubre-de-2004\/","url_meta":{"origin":14081,"position":5},"title":"MARCHA ARROCERA 19 DE OCTUBRE DE 2004","author":"admin","date":"octubre 15, 2004","format":false,"excerpt":"Bolet\u00edn de prensa, Ibagu\u00e9, 22 de Octubre de 2004 Centenares de productores de arroz y trabajadores del Tolima, Huila y Meta, de los municipios y Distritos de Riego de Prado, Purificaci\u00f3n, Natagaima, Ortega, Salda\u00f1a, L\u00e9rida, Guamo, Venadillo, Ambalema, Meseta de Ibagu\u00e9, Juncal, Campo Alegre, Yaguar\u00e1, Paicol, Villavieja, Tesalia, Granada, Fuente\u2026","rel":"","context":"En \u00abPronunciamientos de Organizaciones Sociales\u00bb","block_context":{"text":"Pronunciamientos de Organizaciones Sociales","link":"https:\/\/moir.com.co\/web\/category\/pronunciamientos-de-organizaciones-sociales\/"},"img":{"alt_text":"","src":"","width":0,"height":0},"classes":[]}],"jetpack_sharing_enabled":true,"_links":{"self":[{"href":"https:\/\/moir.com.co\/web\/wp-json\/wp\/v2\/posts\/14081","targetHints":{"allow":["GET"]}}],"collection":[{"href":"https:\/\/moir.com.co\/web\/wp-json\/wp\/v2\/posts"}],"about":[{"href":"https:\/\/moir.com.co\/web\/wp-json\/wp\/v2\/types\/post"}],"author":[{"embeddable":true,"href":"https:\/\/moir.com.co\/web\/wp-json\/wp\/v2\/users\/1"}],"replies":[{"embeddable":true,"href":"https:\/\/moir.com.co\/web\/wp-json\/wp\/v2\/comments?post=14081"}],"version-history":[{"count":1,"href":"https:\/\/moir.com.co\/web\/wp-json\/wp\/v2\/posts\/14081\/revisions"}],"predecessor-version":[{"id":14083,"href":"https:\/\/moir.com.co\/web\/wp-json\/wp\/v2\/posts\/14081\/revisions\/14083"}],"wp:featuredmedia":[{"embeddable":true,"href":"https:\/\/moir.com.co\/web\/wp-json\/wp\/v2\/media\/14082"}],"wp:attachment":[{"href":"https:\/\/moir.com.co\/web\/wp-json\/wp\/v2\/media?parent=14081"}],"wp:term":[{"taxonomy":"category","embeddable":true,"href":"https:\/\/moir.com.co\/web\/wp-json\/wp\/v2\/categories?post=14081"},{"taxonomy":"post_tag","embeddable":true,"href":"https:\/\/moir.com.co\/web\/wp-json\/wp\/v2\/tags?post=14081"}],"curies":[{"name":"wp","href":"https:\/\/api.w.org\/{rel}","templated":true}]}}