{"id":14078,"date":"2017-12-11T17:06:58","date_gmt":"2017-12-11T17:06:58","guid":{"rendered":"https:\/\/moir.org.co\/web\/?p=14078"},"modified":"2017-12-11T17:06:58","modified_gmt":"2017-12-11T17:06:58","slug":"dejen-que-el-salario-crezca","status":"publish","type":"post","link":"https:\/\/moir.com.co\/web\/dejen-que-el-salario-crezca\/","title":{"rendered":"Dejen que el salario crezca"},"content":{"rendered":"<p><strong>Mario Alejandro Valencia, Bogot\u00e1, diciembre 11 de 2017<\/strong><\/p>\n<p>Uno de los temas de mayor preocupaci\u00f3n para gobiernos y sector privado a nivel mundial es el crecimiento econ\u00f3mico. El m\u00e1s grande misterio sobre la causa de la riqueza de las naciones fue resuelto en 1776 por Adam Smith, al afirmar que \u201cdepender\u00e1 necesariamente de la proporci\u00f3n entre el n\u00famero de quienes anualmente se emplean en una labor \u00fatil y el de quienes no lo est\u00e1n de esta manera\u201d. Es decir, la fuente principal de la \u201cabundancia\u201d est\u00e1 en la producci\u00f3n por medio de la fuerza de trabajo productiva. As\u00ed es hasta el d\u00eda de hoy.<\/p>\n<p>Si el trabajo es el que genera riqueza, \u00bfpor qu\u00e9 en Colombia los trabajadores ganan tan poco? El 70% de los trabajadores del pa\u00eds ganan entre 0 y $1\u2018106.572 y el poder adquisitivo del salario m\u00ednimo alcanza para 81 Big Mac al mes cuando en Francia alcanza para 371. La explicaci\u00f3n es que quienes dirigen la econom\u00eda est\u00e1n poco interesados en originar riqueza a la naci\u00f3n. \u00bfPara qu\u00e9 producir si hay petr\u00f3leo?<\/p>\n<p>De acuerdo con lo anterior, es entendible que cada a\u00f1o la discusi\u00f3n econ\u00f3mica de diciembre sea por procurar salarios bajos a los trabajadores; \u00a1as\u00ed queda m\u00e1s del bot\u00edn para repartirse en mermelada! En cada ocasi\u00f3n tanto el gobierno como las instituciones a su servicio, se inventan f\u00f3rmulas para intentar explicar lo inexplicable: que lo que conviene al pa\u00eds es bajar el salario m\u00ednimo o que no suba tanto, establecer salarios regionales o cualquier argucia te\u00f3rica que convenga a su dogma.<\/p>\n<p>El Departamento Nacional de Planeaci\u00f3n, por ejemplo, subestima las cifras de productividad para justificar una situaci\u00f3n precaria a los trabajadores. Usando la funci\u00f3n de Cobb Douglas, mide la productividad tomando la participaci\u00f3n combinada del capital y del empleo en el producto (Productividad Total de los Factores, PTF), pero sin medir la Productividad Media Laboral, (PML) que es la generada exclusivamente por los trabajadores. Un estudio de Cedetrabajo muestra que en los \u00faltimos 11 a\u00f1os la PTF siempre ha sido menor que la PML y esta diferencia ha significado que el salario dej\u00f3 de pagar 13,5 puntos porcentuales de productividad. En dinero son $1.077.588 por trabajador, unos $18 billones que todos los trabajadores han dejado de recibir en este periodo.<\/p>\n<div id=\"ctl12_PauteFacil1\" class=\"Publicidad RobaPagina ui right floated SuTarget\"><\/div>\n<p>\u00bfCu\u00e1ntas necesidades b\u00e1sicas se hubieran podido atender con este monto, cu\u00e1nto est\u00edmulo al consumo y a la producci\u00f3n nacional se hubiera logrado, de no ser por las astucias matem\u00e1ticas y la miop\u00eda de algunos dirigentes gremiales? Lo que m\u00e1s conviene a Colombia es un plan de choque en la demanda para reactivar el consumo de los hogares, acompa\u00f1ado de una pol\u00edtica estructural de oferta para recuperar el aparato productivo local. La chispa detonante de un c\u00edrculo virtuoso de crecimiento debe empezar por reconocer que no es posible tener una econom\u00eda sana con trabajadores mal pagos. Por eso la propuesta de la CUT de incrementar el salario m\u00ednimo en 12% es sensata. Ojal\u00e1 este diciembre se logre que el salario pueda detonar.<\/p>\n","protected":false},"excerpt":{"rendered":"<p>Mario Alejandro Valencia, Bogot\u00e1, diciembre 11 de 2017 Uno de los temas de mayor preocupaci\u00f3n para gobiernos y sector privado a nivel mundial es el crecimiento econ\u00f3mico. El m\u00e1s grande misterio sobre la causa de la riqueza de las naciones fue resuelto en 1776 por Adam Smith, al afirmar que \u201cdepender\u00e1 necesariamente de la proporci\u00f3n [&hellip;]<\/p>\n","protected":false},"author":1,"featured_media":14079,"comment_status":"open","ping_status":"open","sticky":false,"template":"","format":"standard","meta":{"advanced_seo_description":"","jetpack_seo_html_title":"","jetpack_seo_noindex":false,"_jetpack_memberships_contains_paid_content":false,"footnotes":""},"categories":[102,97,98],"tags":[],"class_list":["post-14078","post","type-post","status-publish","format-standard","has-post-thumbnail","hentry","category-economia","category-imperialismo-y-neoliberalismo","category-politica"],"jetpack_featured_media_url":"https:\/\/i0.wp.com\/moir.com.co\/web\/wp-content\/uploads\/2017\/12\/salariominimo3.jpg?fit=251%2C201&ssl=1","jetpack-related-posts":[{"id":14058,"url":"https:\/\/moir.com.co\/web\/trabajar-mas-para-ganar-menos\/","url_meta":{"origin":14078,"position":0},"title":"Trabajar m\u00e1s para ganar menos","author":"admin","date":"diciembre 8, 2017","format":false,"excerpt":"Oficina de prensa del senador y candidato presidencial del Polo Jorge Enrique Robledo, Bogot\u00e1, diciembre 8 de 2017 Reflexiones sobre el aumento del salario m\u00ednimo; es necesario reactivar el consumo para hacer crecer las ventas; debe abandonarse esa idea de que saldremos adelante como pa\u00eds si los trabajadores ganan poco\u2026","rel":"","context":"En \u00abEconom\u00eda\u00bb","block_context":{"text":"Econom\u00eda","link":"https:\/\/moir.com.co\/web\/category\/temas\/economia\/"},"img":{"alt_text":"","src":"https:\/\/i0.wp.com\/moir.com.co\/web\/wp-content\/uploads\/2017\/12\/salariominimo.png?fit=530%2C422&ssl=1&resize=350%2C200","width":350,"height":200,"srcset":"https:\/\/i0.wp.com\/moir.com.co\/web\/wp-content\/uploads\/2017\/12\/salariominimo.png?fit=530%2C422&ssl=1&resize=350%2C200 1x, https:\/\/i0.wp.com\/moir.com.co\/web\/wp-content\/uploads\/2017\/12\/salariominimo.png?fit=530%2C422&ssl=1&resize=525%2C300 1.5x"},"classes":[]},{"id":9015,"url":"https:\/\/moir.com.co\/web\/salario-miniatura\/","url_meta":{"origin":14078,"position":1},"title":"Salario miniatura","author":"admin","date":"enero 17, 2015","format":false,"excerpt":"El salario m\u00ednimo en Colombia es insuficiente para garantizar una vida digna. Seg\u00fan el Dane, la canasta b\u00e1sica familiar est\u00e1 valorada en $1.124.570 y para el 2015 el salario m\u00ednimo es de $644.350. En este sentido, el salario m\u00ednimo es una de las razones principales que explican la enorme desigualdad\u2026","rel":"","context":"En \u00abTemas\u00bb","block_context":{"text":"Temas","link":"https:\/\/moir.com.co\/web\/category\/temas\/"},"img":{"alt_text":"","src":"","width":0,"height":0},"classes":[]},{"id":9844,"url":"https:\/\/moir.com.co\/web\/los-verdaderos-juegos-del-hambre\/","url_meta":{"origin":14078,"position":2},"title":"Los verdaderos Juegos del Hambre","author":"admin","date":"diciembre 24, 2015","format":false,"excerpt":"La discusi\u00f3n entre trabajadores, gobierno y empresarios para concertar el salario m\u00ednimo del a\u00f1o 2016 ha tenido como tel\u00f3n de fondo la crisis econ\u00f3mica que afronta el pa\u00eds, cuyos detonantes fueron la ca\u00edda de los precios del petr\u00f3leo y el incremento del d\u00f3lar, raz\u00f3n por la cual se han encarecido\u2026","rel":"","context":"En \u00abTemas\u00bb","block_context":{"text":"Temas","link":"https:\/\/moir.com.co\/web\/category\/temas\/"},"img":{"alt_text":"","src":"","width":0,"height":0},"classes":[]},{"id":7512,"url":"https:\/\/moir.com.co\/web\/reivindicacion-de-los-salarios\/","url_meta":{"origin":14078,"position":3},"title":"Reivindicaci\u00f3n de los salarios","author":"admin","date":"abril 30, 2013","format":false,"excerpt":"Hoy se celebra el D\u00eda Internacional del Trabajo. Es el d\u00eda de la clase obrera, de la clase de los trabajadores asalariados. A la vez que se hace un reconocimiento a los que lucharon en el pasado, incluso dando su vida, por alcanzar los derechos democr\u00e1ticos y las libertades sindicales\u2026","rel":"","context":"En \u00abTemas\u00bb","block_context":{"text":"Temas","link":"https:\/\/moir.com.co\/web\/category\/temas\/"},"img":{"alt_text":"","src":"","width":0,"height":0},"classes":[]},{"id":6167,"url":"https:\/\/moir.com.co\/web\/empleo-y-politica-de-concertacion-salarial\/","url_meta":{"origin":14078,"position":4},"title":"Empleo y pol\u00edtica de concertaci\u00f3n salarial","author":"admin","date":"diciembre 5, 2011","format":false,"excerpt":"Cada a\u00f1o asistimos a la comedia que, con unos actores principales con caracter\u00edsticas aut\u00e1rquicas e imponentes \u2013Gobierno Nacional y Empresarios- y otros secundarios \u2013Centrales Obreras y Pensionados-, debilitados por los primeros, tiene los mismos argumentos que pretenden mostrar a los colombianos una supuesta pol\u00edtica de concertaci\u00f3n salarial, que es una\u2026","rel":"","context":"En \u00abTemas\u00bb","block_context":{"text":"Temas","link":"https:\/\/moir.com.co\/web\/category\/temas\/"},"img":{"alt_text":"","src":"","width":0,"height":0},"classes":[]},{"id":10279,"url":"https:\/\/moir.com.co\/web\/de-los-salarios-la-desigualdad-y-otros-demonios\/","url_meta":{"origin":14078,"position":5},"title":"De los salarios, la desigualdad y otros demonios","author":"admin","date":"julio 26, 2016","format":false,"excerpt":"Seg\u00fan un estudio reciente de la OCDE, Colombia es el segundo pa\u00eds donde su gente trabaja m\u00e1s, con 2.496 horas al a\u00f1o. Muy lejos de pa\u00edses como Espa\u00f1a, Reino Unido o Chile, que registran 1.691, 1.674, y 1988 horas anuales respectivamente, y precisa que entre m\u00e1s desarrollado el pa\u00eds, menos\u2026","rel":"","context":"En \u00abTemas\u00bb","block_context":{"text":"Temas","link":"https:\/\/moir.com.co\/web\/category\/temas\/"},"img":{"alt_text":"","src":"","width":0,"height":0},"classes":[]}],"jetpack_sharing_enabled":true,"_links":{"self":[{"href":"https:\/\/moir.com.co\/web\/wp-json\/wp\/v2\/posts\/14078","targetHints":{"allow":["GET"]}}],"collection":[{"href":"https:\/\/moir.com.co\/web\/wp-json\/wp\/v2\/posts"}],"about":[{"href":"https:\/\/moir.com.co\/web\/wp-json\/wp\/v2\/types\/post"}],"author":[{"embeddable":true,"href":"https:\/\/moir.com.co\/web\/wp-json\/wp\/v2\/users\/1"}],"replies":[{"embeddable":true,"href":"https:\/\/moir.com.co\/web\/wp-json\/wp\/v2\/comments?post=14078"}],"version-history":[{"count":1,"href":"https:\/\/moir.com.co\/web\/wp-json\/wp\/v2\/posts\/14078\/revisions"}],"predecessor-version":[{"id":14080,"href":"https:\/\/moir.com.co\/web\/wp-json\/wp\/v2\/posts\/14078\/revisions\/14080"}],"wp:featuredmedia":[{"embeddable":true,"href":"https:\/\/moir.com.co\/web\/wp-json\/wp\/v2\/media\/14079"}],"wp:attachment":[{"href":"https:\/\/moir.com.co\/web\/wp-json\/wp\/v2\/media?parent=14078"}],"wp:term":[{"taxonomy":"category","embeddable":true,"href":"https:\/\/moir.com.co\/web\/wp-json\/wp\/v2\/categories?post=14078"},{"taxonomy":"post_tag","embeddable":true,"href":"https:\/\/moir.com.co\/web\/wp-json\/wp\/v2\/tags?post=14078"}],"curies":[{"name":"wp","href":"https:\/\/api.w.org\/{rel}","templated":true}]}}