{"id":14075,"date":"2017-12-11T16:58:54","date_gmt":"2017-12-11T16:58:54","guid":{"rendered":"https:\/\/moir.org.co\/web\/?p=14075"},"modified":"2017-12-11T16:58:54","modified_gmt":"2017-12-11T16:58:54","slug":"colombianos-en-la-industria-del-rebusque","status":"publish","type":"post","link":"https:\/\/moir.com.co\/web\/colombianos-en-la-industria-del-rebusque\/","title":{"rendered":"Colombianos en la &#8220;industria&#8221; del rebusque"},"content":{"rendered":"<p><strong>Jos\u00e9 Arlex Arias, Cartagena, diciembre 11 de 2017<\/strong><\/p>\n<p>Nada m\u00e1s gr\u00e1fico para retratar la situaci\u00f3n del pa\u00eds que el &#8220;corre, corre&#8221; fren\u00e9tico de sus habitantes en el mes de diciembre. No es tanto por los acostumbrados balances, sino que la agon\u00eda del a\u00f1o lleva consigo el desespero por tratar de nivelar las cargas que se han descompensado durante el a\u00f1o y que tienen exhaustos los bolsillos de los trabajadores. La sociedad, adem\u00e1s de impulsarlos a obtener todo tipo de art\u00edculos necesarios, tambi\u00e9n los hace consumir hasta las baratijas m\u00e1s asombrosas.<\/p>\n<p>&nbsp;<\/p>\n<p>Los analistas econ\u00f3micos, incluidos los oficialistas \u2013que son muchos\u2013, coinciden en que el a\u00f1o 2017 ha sido particularmente malo para los colombianos. As\u00ed se deduce del raqu\u00edtico crecimiento y la ralentizaci\u00f3n de la mayor\u00eda de los sectores de la econom\u00eda, con la consecuencia de un desempleo estructural y una alt\u00edsima informalidad que, seg\u00fan las cifras del gobierno, raya en m\u00e1s de la mitad de la poblaci\u00f3n econ\u00f3micamente activa, pero que para los analistas independientes supera el 60% de esa poblaci\u00f3n. Se pueden palpar los ej\u00e9rcitos de personas tratando de obtener una vacante, as\u00ed como los millones de colombianos en las calles ejerciendo el rebusque, hasta el punto de ya ser real el sarcasmo popular que dice que: &#8220;la mayor f\u00e1brica o industria generadora de empleo en el pa\u00eds es el sem\u00e1foro&#8221;.<\/p>\n<p>&nbsp;<\/p>\n<p>Ante este desesperado panorama de los colombianos, la &#8220;gran pol\u00edtica de desarrollo &#8220;y empleo&#8221; ha sido la de fomentar las peque\u00f1as y medianas empresas, o fami &#8211; empresas, para maquillar el agotamiento del aparato productivo del pa\u00eds, o el traslado de la mayor\u00eda de sus industrias a propiedad de las multinacionales, exportando al exterior nuestra riqueza, tanto en materias primas como su mano de obra barata. Esa pol\u00edtica de fomento de las peque\u00f1as y medianas empresas, que el gobierno nacional &#8220;vende&#8221; como de emprendimiento, indica que en los primeros nueve meses de este a\u00f1o se crearon 264.020 unidades productivas, de las que el 78,8% (208.056) corresponde a personas naturales. Y mientras la creaci\u00f3n de compa\u00f1\u00edas o personas jur\u00eddicas baj\u00f3 6,5%, el n\u00famero de matr\u00edculas de personas naturales aument\u00f3 12%; sin embargo, la Confederaci\u00f3n Colombiana de C\u00e1maras de Comercio, Confec\u00e1maras, revela que,\u00a0a septiembre pasado, 129.050 personas naturales cancelaron la matr\u00edcula, y calcula que\u00a0la tasa de supervivencia en los cinco primeros a\u00f1os de los negocios personales es solo del 25,2%, mientras que la de las sociedades jur\u00eddicas es del 42,9%. O sea, son negocios que de 100, solo tienen probabilidad de sobrevivir 25 en el caso de los personales y 42 en los jur\u00eddicos. La competencia por los mismos nichos de mercado no les da una mejor probabilidad de supervivencia.<\/p>\n<p>&nbsp;<\/p>\n<p>Los negocios personales no son m\u00e1s que otra forma de autoempleo, de rebusque, con una alta l\u00f3gica de volatilidad, con un aterrador pron\u00f3stico de Confec\u00e1maras: &#8220;al primer a\u00f1o solo sobrevive el 40% de estas. Los sectores que impulsaron el registro de personas naturales en esos nueve primeros meses fueron\u00a0alojamiento y servicios de comida; comercio y otros servicios, y actividades art\u00edsticas y de entretenimiento\u201d. As\u00ed las cosas, en el primer a\u00f1o, 40, y a los cinco a\u00f1os, 75 de cada 100 emprendedores con negocio personal regresan a su mejor empleador: \u00a1los sem\u00e1foros!<\/p>\n","protected":false},"excerpt":{"rendered":"<p>Jos\u00e9 Arlex Arias, Cartagena, diciembre 11 de 2017 Nada m\u00e1s gr\u00e1fico para retratar la situaci\u00f3n del pa\u00eds que el &#8220;corre, corre&#8221; fren\u00e9tico de sus habitantes en el mes de diciembre. No es tanto por los acostumbrados balances, sino que la agon\u00eda del a\u00f1o lleva consigo el desespero por tratar de nivelar las cargas que se [&hellip;]<\/p>\n","protected":false},"author":1,"featured_media":14076,"comment_status":"open","ping_status":"open","sticky":false,"template":"","format":"standard","meta":{"advanced_seo_description":"","jetpack_seo_html_title":"","jetpack_seo_noindex":false,"_jetpack_memberships_contains_paid_content":false,"footnotes":""},"categories":[102,97],"tags":[],"class_list":["post-14075","post","type-post","status-publish","format-standard","has-post-thumbnail","hentry","category-economia","category-imperialismo-y-neoliberalismo"],"jetpack_featured_media_url":"https:\/\/i0.wp.com\/moir.com.co\/web\/wp-content\/uploads\/2017\/12\/famiempresas.jpeg?fit=259%2C194&ssl=1","jetpack-related-posts":[{"id":13307,"url":"https:\/\/moir.com.co\/web\/con-penalosa-transmilenio-y-el-sitp-siguen-en-franco-deterioro-concejal-manuel-sarmiento\/","url_meta":{"origin":14075,"position":0},"title":"\u201cCon Pe\u00f1alosa, Transmilenio y el SITP siguen en franco deterioro\u201d: concejal Manuel Sarmiento","author":"admin","date":"septiembre 14, 2017","format":false,"excerpt":"Oficina de prensa del concejal del Polo Manuel Sarmiento, Bogot\u00e1, septiembre 14 de 2017 La promesa de Pe\u00f1alosa de arreglar los problemas de movilidad en cuesti\u00f3n de meses ha resultado ser completamente falsa. \u201cEn lo corrido de 2017 los buses del SITP y de Transmilenio presentan cada vez m\u00e1s fallas,\u2026","rel":"","context":"En \u00abBogot\u00e1\u00bb","block_context":{"text":"Bogot\u00e1","link":"https:\/\/moir.com.co\/web\/category\/temas\/bogota\/"},"img":{"alt_text":"","src":"https:\/\/i0.wp.com\/moir.com.co\/web\/wp-content\/uploads\/2017\/09\/transmileniositpdeterioro.jpg?fit=730%2C450&ssl=1&resize=350%2C200","width":350,"height":200,"srcset":"https:\/\/i0.wp.com\/moir.com.co\/web\/wp-content\/uploads\/2017\/09\/transmileniositpdeterioro.jpg?fit=730%2C450&ssl=1&resize=350%2C200 1x, https:\/\/i0.wp.com\/moir.com.co\/web\/wp-content\/uploads\/2017\/09\/transmileniositpdeterioro.jpg?fit=730%2C450&ssl=1&resize=525%2C300 1.5x, https:\/\/i0.wp.com\/moir.com.co\/web\/wp-content\/uploads\/2017\/09\/transmileniositpdeterioro.jpg?fit=730%2C450&ssl=1&resize=700%2C400 2x"},"classes":[]},{"id":14313,"url":"https:\/\/moir.com.co\/web\/y-colombia-no-repunto\/","url_meta":{"origin":14075,"position":1},"title":"Y Colombia no repunt\u00f3","author":"admin","date":"enero 22, 2018","format":false,"excerpt":"Mario Alejandro Valencia, Bogot\u00e1, enero 22 de 2018 \u00bfHan notado el optimismo desbordado del ministro Mauricio C\u00e1rdenas cuando comienza cada a\u00f1o, en contraste con su pesimismo cuando se negocia el salario m\u00ednimo en diciembre? No es extra\u00f1o, es su naturaleza: la de la astucia. Que Santos gobern\u00f3 para hacer felices\u2026","rel":"","context":"En \u00abEconom\u00eda\u00bb","block_context":{"text":"Econom\u00eda","link":"https:\/\/moir.com.co\/web\/category\/temas\/economia\/"},"img":{"alt_text":"","src":"","width":0,"height":0},"classes":[]},{"id":11248,"url":"https:\/\/moir.com.co\/web\/presidente-y-ministro-es-el-modelo-neoliberal\/","url_meta":{"origin":14075,"position":2},"title":"\u201cPresidente y ministro\u201d: \u00a1es el modelo neoliberal!","author":"admin","date":"diciembre 5, 2016","format":false,"excerpt":"Jos\u00e9 Arlex Arias, La Verdad, Cartagena, diciembre 5 de 2016 Daba hasta l\u00e1stima ver al presidente Santos y al \u201cflamante mejor ministro de Hacienda de Am\u00e9rica\u201d, Mauricio C\u00e1rdenas, desencajados y fam\u00e9licos ech\u00e1ndole la culpa, en primer lugar, al portentoso paro camionero, que cometi\u00f3 \u2013seg\u00fan ellos\u2013 el grave delito de defender\u2026","rel":"","context":"En \u00abAgro\u00bb","block_context":{"text":"Agro","link":"https:\/\/moir.com.co\/web\/category\/temas\/agro\/"},"img":{"alt_text":"","src":"","width":0,"height":0},"classes":[]},{"id":14025,"url":"https:\/\/moir.com.co\/web\/el-precio-de-los-combustibles-un-lastre-para-el-consumo-y-la-competitividad-robledo\/","url_meta":{"origin":14075,"position":3},"title":"El precio de los combustibles, un lastre para el consumo y la competitividad: Robledo","author":"admin","date":"diciembre 5, 2017","format":false,"excerpt":"Oficina de prensa del senador y candidato presidencial del Polo Jorge Enrique Robledo, Bogot\u00e1, diciembre 5 de 2017 Los precios de los combustibles hace rato se comieron el aumento del salario m\u00ednimo; una decisi\u00f3n mala por donde se le mire; es necesario construir una nueva pol\u00edtica de precios de los\u2026","rel":"","context":"En \u00abEconom\u00eda\u00bb","block_context":{"text":"Econom\u00eda","link":"https:\/\/moir.com.co\/web\/category\/temas\/economia\/"},"img":{"alt_text":"","src":"https:\/\/i0.wp.com\/moir.com.co\/web\/wp-content\/uploads\/2017\/12\/gasolinaPRECIOCOMBUSTIBLES.jpg?fit=486%2C373&ssl=1&resize=350%2C200","width":350,"height":200},"classes":[]},{"id":16631,"url":"https:\/\/moir.com.co\/web\/la-crisis-del-sector-educativo\/","url_meta":{"origin":14075,"position":4},"title":"La crisis del sector educativo","author":"admin","date":"diciembre 17, 2018","format":false,"excerpt":"Jos\u00e9 Arlex Arias, Cartagena, diciembre 17 de 2018 Es indiscutible que este 2018 ha sido bastante movido, por parte de los sectores sociales que en Colombia reclaman mejores condiciones y garant\u00edas para su desarrollo. El gobierno de Iv\u00e1n Duque -UriDuque- fiel continuador del neoliberalismo hace agua ante las exigencias de\u2026","rel":"","context":"En \u00abCiencia\u00bb","block_context":{"text":"Ciencia","link":"https:\/\/moir.com.co\/web\/category\/temas\/ciencia\/"},"img":{"alt_text":"","src":"https:\/\/i0.wp.com\/moir.com.co\/web\/wp-content\/uploads\/2018\/12\/jenniferpedraza.jpeg?fit=224%2C224&ssl=1&resize=350%2C200","width":350,"height":200},"classes":[]},{"id":13458,"url":"https:\/\/moir.com.co\/web\/a-20-kmtshora-en-un-ferrari\/","url_meta":{"origin":14075,"position":5},"title":"A 20 kmts\/hora en un Ferrari","author":"admin","date":"octubre 9, 2017","format":false,"excerpt":"Mario Alejandro Valencia, Bogot\u00e1, octubre 9 de 2017 Hay cosas que se crean con un prop\u00f3sito: tener un Ferrari para no correr a alta velocidad ser\u00eda un desperdicio, una subutilizaci\u00f3n lamentable para quien lo compre. As\u00ed se ha comportado la econom\u00eda colombiana durante d\u00e9cadas, corriendo mucho menos de su verdadero\u2026","rel":"","context":"En \u00abEconom\u00eda\u00bb","block_context":{"text":"Econom\u00eda","link":"https:\/\/moir.com.co\/web\/category\/temas\/economia\/"},"img":{"alt_text":"","src":"https:\/\/i0.wp.com\/moir.com.co\/web\/wp-content\/uploads\/2017\/10\/ferrarisantoscardenas.jpg?fit=700%2C500&ssl=1&resize=350%2C200","width":350,"height":200,"srcset":"https:\/\/i0.wp.com\/moir.com.co\/web\/wp-content\/uploads\/2017\/10\/ferrarisantoscardenas.jpg?fit=700%2C500&ssl=1&resize=350%2C200 1x, https:\/\/i0.wp.com\/moir.com.co\/web\/wp-content\/uploads\/2017\/10\/ferrarisantoscardenas.jpg?fit=700%2C500&ssl=1&resize=525%2C300 1.5x, https:\/\/i0.wp.com\/moir.com.co\/web\/wp-content\/uploads\/2017\/10\/ferrarisantoscardenas.jpg?fit=700%2C500&ssl=1&resize=700%2C400 2x"},"classes":[]}],"jetpack_sharing_enabled":true,"_links":{"self":[{"href":"https:\/\/moir.com.co\/web\/wp-json\/wp\/v2\/posts\/14075","targetHints":{"allow":["GET"]}}],"collection":[{"href":"https:\/\/moir.com.co\/web\/wp-json\/wp\/v2\/posts"}],"about":[{"href":"https:\/\/moir.com.co\/web\/wp-json\/wp\/v2\/types\/post"}],"author":[{"embeddable":true,"href":"https:\/\/moir.com.co\/web\/wp-json\/wp\/v2\/users\/1"}],"replies":[{"embeddable":true,"href":"https:\/\/moir.com.co\/web\/wp-json\/wp\/v2\/comments?post=14075"}],"version-history":[{"count":1,"href":"https:\/\/moir.com.co\/web\/wp-json\/wp\/v2\/posts\/14075\/revisions"}],"predecessor-version":[{"id":14077,"href":"https:\/\/moir.com.co\/web\/wp-json\/wp\/v2\/posts\/14075\/revisions\/14077"}],"wp:featuredmedia":[{"embeddable":true,"href":"https:\/\/moir.com.co\/web\/wp-json\/wp\/v2\/media\/14076"}],"wp:attachment":[{"href":"https:\/\/moir.com.co\/web\/wp-json\/wp\/v2\/media?parent=14075"}],"wp:term":[{"taxonomy":"category","embeddable":true,"href":"https:\/\/moir.com.co\/web\/wp-json\/wp\/v2\/categories?post=14075"},{"taxonomy":"post_tag","embeddable":true,"href":"https:\/\/moir.com.co\/web\/wp-json\/wp\/v2\/tags?post=14075"}],"curies":[{"name":"wp","href":"https:\/\/api.w.org\/{rel}","templated":true}]}}