{"id":14073,"date":"2017-12-11T16:50:17","date_gmt":"2017-12-11T16:50:17","guid":{"rendered":"https:\/\/moir.org.co\/web\/?p=14073"},"modified":"2017-12-11T16:50:17","modified_gmt":"2017-12-11T16:50:17","slug":"robledo-y-sus-propuestas","status":"publish","type":"post","link":"https:\/\/moir.com.co\/web\/robledo-y-sus-propuestas\/","title":{"rendered":"Robledo y sus propuestas"},"content":{"rendered":"<p><strong>Libardo G\u00f3mez S\u00e1nchez, Neiva, diciembre 11 de 2017<\/strong><\/p>\n<p class=\"gmail-MsoNormal\">Los contradictores del ex candidato presidencial del Polo, Jorge Robledo ante la imposibilidad de se\u00f1alar alguna mancha en su trayectoria pol\u00edtica y por supuesto renuentes a reconocer sus logros en el control pol\u00edtico que ha ejercido en el congreso y su larga trayectoria de participaci\u00f3n en la lucha social al lado de los agricultores, los sindicalistas, los maestros, estudiantes y la gente del trabajo, se dieron a la tarea de presentarlo a la opini\u00f3n p\u00fablica, como un sectario que se opone a todo y no tiene propuestas para cambiar al pa\u00eds; la verdad es que dada la agenda legislativa presentada por los gobiernos de Uribe y Santos, que han coincidido con su papel de congresista, no ha tenido otra opci\u00f3n que oponerse a las continuas reformas tributarias que lesionan especialmente a las capas medias y pobres; rechazar la suscripci\u00f3n de los tratados de libre comercio que han inundado el mercado nacional de productos importados afectando a agro y a la industria nacional, ocasionando una enorme p\u00e9rdida de empleos; objetar la pol\u00edtica de privatizaci\u00f3n de la educaci\u00f3n que restringe el derecho de los j\u00f3venes a formarse; enfrentar al sistema de salud en manos de las EPS que ha matado mas colombianos que la misma violencia y a denunciar las privatizaciones de las empresas rentables del estado como ISAGEN; desaprobar la elecci\u00f3n de Procuradores y Fiscales al servicio de grupos econ\u00f3micos corruptos; apoyar estas pol\u00edticas hubiera constituido un acto de traici\u00f3n a la patria; en su lugar las propuestas del Polo presentadas al congreso han sido objetadas con el veto de las bancadas de la Unidad Nacional y el Centro Democr\u00e1tico, como la revisi\u00f3n de los TLC, modificaciones al sistema de salud, el agua como consumo vital, entre otras.<\/p>\n<p class=\"gmail-MsoNormal\">Robledo venia presentando propuestas que transformaran a Colombia: la revisi\u00f3n de los TLC para darle garant\u00edas a los empresarios nacionales del campo y la ciudad, creaci\u00f3n del Ministerio de la peque\u00f1a y mediana empresa; fortalecimiento del sistema p\u00fablico de salud y no mas EPS; suspensi\u00f3n a nuevas privatizaciones de las empresas de servicios p\u00fablicos domiciliarios; recursos para educaci\u00f3n b\u00e1sica y superior y fortalecimiento de la investigaci\u00f3n cient\u00edfica, porque como expresara el neur\u00f3logo Rodolfo Llinas: un pa\u00eds que no tiene ciencia le pertenece a otro; Fajardo ahora como candidato presidencial de la Coalici\u00f3n Colombia, har\u00eda bien en considerar la incorporaci\u00f3n de estas ideas a su propuesta de programa de gobierno, porque este pa\u00eds si tiene arreglo.<\/p>\n","protected":false},"excerpt":{"rendered":"<p>Libardo G\u00f3mez S\u00e1nchez, Neiva, diciembre 11 de 2017 Los contradictores del ex candidato presidencial del Polo, Jorge Robledo ante la imposibilidad de se\u00f1alar alguna mancha en su trayectoria pol\u00edtica y por supuesto renuentes a reconocer sus logros en el control pol\u00edtico que ha ejercido en el congreso y su larga trayectoria de participaci\u00f3n en la [&hellip;]<\/p>\n","protected":false},"author":1,"featured_media":13697,"comment_status":"open","ping_status":"open","sticky":false,"template":"","format":"standard","meta":{"advanced_seo_description":"","jetpack_seo_html_title":"","jetpack_seo_noindex":false,"_jetpack_memberships_contains_paid_content":false,"footnotes":""},"categories":[114,76,102,103,97,98,96],"tags":[],"class_list":["post-14073","post","type-post","status-publish","format-standard","has-post-thumbnail","hentry","category-agro","category-ciencia","category-economia","category-educacion","category-imperialismo-y-neoliberalismo","category-politica","category-salud-y-pensiones"],"jetpack_featured_media_url":"https:\/\/i0.wp.com\/moir.com.co\/web\/wp-content\/uploads\/2017\/11\/robledosemana2017.jpg?fit=1000%2C530&ssl=1","jetpack-related-posts":[{"id":6503,"url":"https:\/\/moir.com.co\/web\/senador-robledo-se-opone-a-aumento-en-la-edad-de-jubilacion\/","url_meta":{"origin":14073,"position":0},"title":"Senador Robledo se opone a aumento en la edad de jubilaci\u00f3n","author":"admin","date":"mayo 2, 2012","format":false,"excerpt":"Propuestas de los Fondos Privados lesiona los intereses de los trabajadores. Se debe fortalecer el r\u00e9gimen de prima media. En el Quinto Congreso de Asofondos los Fondos Privados de Pensiones propusieron una \u201creforma estructural al sistema pensional\u201d que aumente las edades de jubilaci\u00f3n, reduzca el monto de las mesadas pensionales\u2026","rel":"","context":"En \u00abJorge Enrique Robledo\u00bb","block_context":{"text":"Jorge Enrique Robledo","link":"https:\/\/moir.com.co\/web\/category\/jorge-enrique-robledo\/"},"img":{"alt_text":"","src":"","width":0,"height":0},"classes":[]},{"id":6187,"url":"https:\/\/moir.com.co\/web\/ley-de-regalias-concentra-mas-poder-en-el-presidente\/","url_meta":{"origin":14073,"position":1},"title":"Ley de regal\u00edas concentra m\u00e1s poder en el Presidente","author":"admin","date":"diciembre 14, 2011","format":false,"excerpt":"No es democr\u00e1tico quitarles a los municipios sus recursos para financiar los macroproyectos. Se concentra m\u00e1s poder en el ejecutivo. Dos grandes micos. No se resuelve el problema de la fiscalizaci\u00f3n. Como un proyecto totalmente antidemocr\u00e1tico calific\u00f3 el senador Jorge Enrique Robledo la propuesta con la que el gobierno pretende\u2026","rel":"","context":"En \u00abJorge Enrique Robledo\u00bb","block_context":{"text":"Jorge Enrique Robledo","link":"https:\/\/moir.com.co\/web\/category\/jorge-enrique-robledo\/"},"img":{"alt_text":"","src":"","width":0,"height":0},"classes":[]},{"id":8841,"url":"https:\/\/moir.com.co\/web\/robledo-respalda-a-los-chiquinquirenos-contra-la-privatizacion-del-acueducto\/","url_meta":{"origin":14073,"position":2},"title":"Robledo respalda a los chiquinquire\u00f1os contra la privatizaci\u00f3n del acueducto","author":"admin","date":"noviembre 4, 2014","format":false,"excerpt":"En los \u00faltimos d\u00edas, usuarios y trabajadores de la empresa de acueducto y alcantarillado de Chiquinquir\u00e1 se han movilizado en rechazo a la propuesta del Alcalde de privatizar la empresa, mediante la figura de la concesi\u00f3n a particulares, en detrimento del patrimonio de municipal y el servicio de los usuarios.\u2026","rel":"","context":"En \u00abJorge Enrique Robledo\u00bb","block_context":{"text":"Jorge Enrique Robledo","link":"https:\/\/moir.com.co\/web\/category\/jorge-enrique-robledo\/"},"img":{"alt_text":"","src":"","width":0,"height":0},"classes":[]},{"id":1052,"url":"https:\/\/moir.com.co\/web\/jorge-enrique-robledo-por-un-programa-y-un-candidato-que-valgan-la-pena\/","url_meta":{"origin":14073,"position":3},"title":"JORGE ENRIQUE ROBLEDO: POR UN PROGRAMA Y UN CANDIDATO QUE VALGAN LA PENA","author":"admin","date":"octubre 28, 2004","format":false,"excerpt":"Es un hecho que el proyecto de reelecci\u00f3n presidencial, concebido a la medida de \u00c1lvaro Uribe V\u00e9lez y del exclusivo club que lo rodea, ser\u00e1 aprobado en el Congreso. \u00a1Y de qu\u00e9 manera consiguieron los votos suficientes! Pues no fue porque s\u00ed que el estilo presidencial consign\u00f3 los nombres de\u2026","rel":"","context":"En \u00abEscritos del Moir\u00bb","block_context":{"text":"Escritos del Moir","link":"https:\/\/moir.com.co\/web\/category\/moir\/escritos-del-moir\/"},"img":{"alt_text":"","src":"","width":0,"height":0},"classes":[]},{"id":8694,"url":"https:\/\/moir.com.co\/web\/la-reforma-politica-y-electoral-de-santos-mantiene-y-oculta-un-sistema-inicuo\/","url_meta":{"origin":14073,"position":4},"title":"La reforma pol\u00edtica y electoral de Santos mantiene y oculta un sistema inicuo","author":"admin","date":"septiembre 4, 2014","format":false,"excerpt":"La bancada del Polo Democr\u00e1tico Alternativo en Senado y C\u00e1mara presentar\u00e1 su propia propuesta de reforma pol\u00edtica y electoral, por considerar que la del gobierno est\u00e1 dise\u00f1ada para mantener un sistema ignominioso, en el que el clientelismo y la corrupci\u00f3n imponen que un porcentaje determinante de los colombianos sea v\u00edctima\u2026","rel":"","context":"En \u00abJorge Enrique Robledo\u00bb","block_context":{"text":"Jorge Enrique Robledo","link":"https:\/\/moir.com.co\/web\/category\/jorge-enrique-robledo\/"},"img":{"alt_text":"","src":"","width":0,"height":0},"classes":[]},{"id":10915,"url":"https:\/\/moir.com.co\/web\/por-que-es-robledo-la-mejor-opcion-presidencial-para-2018\/","url_meta":{"origin":14073,"position":5},"title":"\u00bfPor qu\u00e9 es Robledo la mejor opci\u00f3n presidencial para 2018?","author":"admin","date":"noviembre 8, 2016","format":false,"excerpt":"Alvaro Morales S\u00e1nchez, Santa Marta, noviembre 8 de 2016 Cuando el senador Jorge Enrique Robledo comunic\u00f3 a la direcci\u00f3n del Polo Democr\u00e1tico Alternativo y a la opini\u00f3n p\u00fablica su decisi\u00f3n de aceptar la invitaci\u00f3n insistente que le han hecho numerosas personas, desde dentro y desde fuera del Polo, a presentar\u2026","rel":"","context":"En \u00abEconom\u00eda\u00bb","block_context":{"text":"Econom\u00eda","link":"https:\/\/moir.com.co\/web\/category\/temas\/economia\/"},"img":{"alt_text":"","src":"https:\/\/i0.wp.com\/moir.com.co\/web\/wp-content\/uploads\/2016\/11\/robledovanguardia210315.jpg?fit=650%2C433&ssl=1&resize=350%2C200","width":350,"height":200,"srcset":"https:\/\/i0.wp.com\/moir.com.co\/web\/wp-content\/uploads\/2016\/11\/robledovanguardia210315.jpg?fit=650%2C433&ssl=1&resize=350%2C200 1x, https:\/\/i0.wp.com\/moir.com.co\/web\/wp-content\/uploads\/2016\/11\/robledovanguardia210315.jpg?fit=650%2C433&ssl=1&resize=525%2C300 1.5x"},"classes":[]}],"jetpack_sharing_enabled":true,"_links":{"self":[{"href":"https:\/\/moir.com.co\/web\/wp-json\/wp\/v2\/posts\/14073","targetHints":{"allow":["GET"]}}],"collection":[{"href":"https:\/\/moir.com.co\/web\/wp-json\/wp\/v2\/posts"}],"about":[{"href":"https:\/\/moir.com.co\/web\/wp-json\/wp\/v2\/types\/post"}],"author":[{"embeddable":true,"href":"https:\/\/moir.com.co\/web\/wp-json\/wp\/v2\/users\/1"}],"replies":[{"embeddable":true,"href":"https:\/\/moir.com.co\/web\/wp-json\/wp\/v2\/comments?post=14073"}],"version-history":[{"count":1,"href":"https:\/\/moir.com.co\/web\/wp-json\/wp\/v2\/posts\/14073\/revisions"}],"predecessor-version":[{"id":14074,"href":"https:\/\/moir.com.co\/web\/wp-json\/wp\/v2\/posts\/14073\/revisions\/14074"}],"wp:featuredmedia":[{"embeddable":true,"href":"https:\/\/moir.com.co\/web\/wp-json\/wp\/v2\/media\/13697"}],"wp:attachment":[{"href":"https:\/\/moir.com.co\/web\/wp-json\/wp\/v2\/media?parent=14073"}],"wp:term":[{"taxonomy":"category","embeddable":true,"href":"https:\/\/moir.com.co\/web\/wp-json\/wp\/v2\/categories?post=14073"},{"taxonomy":"post_tag","embeddable":true,"href":"https:\/\/moir.com.co\/web\/wp-json\/wp\/v2\/tags?post=14073"}],"curies":[{"name":"wp","href":"https:\/\/api.w.org\/{rel}","templated":true}]}}