{"id":1407,"date":"2006-05-30T07:00:00","date_gmt":"2006-05-30T07:00:00","guid":{"rendered":"https:\/\/moir.org.co\/web\/posicion-de-la-corriente-sindical-clasista-y-unitaria-de-la-cut-sobre-el-acuerdo-tripartito-por-el-derecho-de-asociacion\/"},"modified":"2006-05-30T07:00:00","modified_gmt":"2006-05-30T07:00:00","slug":"posicion-de-la-corriente-sindical-clasista-y-unitaria-de-la-cut-sobre-el-acuerdo-tripartito-por-el-derecho-de-asociacion","status":"publish","type":"post","link":"https:\/\/moir.com.co\/web\/posicion-de-la-corriente-sindical-clasista-y-unitaria-de-la-cut-sobre-el-acuerdo-tripartito-por-el-derecho-de-asociacion\/","title":{"rendered":"POSICI\u00d3N DE LA CORRIENTE SINDICAL CLASISTA Y UNITARIA DE LA CUT,  SOBRE EL &#8220;ACUERDO TRIPARTITO POR EL DERECHO DE ASOCIACION&#8221;"},"content":{"rendered":"<p>El 1 de junio de 2.006 fue suscrito en Ginebra (Suiza), al inicio de la 95\u00b0 Conferencia de la OIT, el llamado &#8220;Acuerdo Tripartito por el Derecho de Asociaci\u00f3n y la Democracia&#8221;, entre los delegados del gobierno, de los patronos y de las centrales sindicales de Colombia.<\/p>\n<p>Como era de esperarse, el gobierno y los patronos se han congratulado ampliamente por el Acuerdo, los medios de comunicaci\u00f3n le han dado un despliegue inusitado y lo han colmado de elogios y el propio Director General de la OIT ha manifestado que <b>&#8220;Un caso que no se examinar\u00e1 este a\u00f1o es el caso de Colombia gracias a un acuerdo tripartito hist\u00f3rico que nos ha dado a todos esperanzas para poder seguir adelante con objetivos comunes&#8221;.<\/b> El Presidente de la CUT, Carlos Rodr\u00edguez, por su aporte, en lo que m\u00e1s parece un novel\u00f3n, ha afirmado que fue posible lo imposible y que se trat\u00f3 algo as\u00ed como de una acci\u00f3n heroica.<\/p>\n<p>Entre los trabajadores, mientras tanto, cunde el desconcierto por este nuevo hecho consumado sin consentimiento del movimiento sindical, cuyas consecuencias pol\u00edticas favorecen al gobierno y a los patronos y son tremendamente negativas para los trabajadores. Para tener comprensi\u00f3n de lo ocurrido, nos permitimos puntualizar algunos hechos que son imprescindibles para el an\u00e1lisis:<\/p>\n<p>1. El 29 de octubre de 2.005, la &#8220;Visita Tripartita de Alto Nivel&#8221; de la OIT, antes de marcharse del pa\u00eds hizo las siguientes recomendaciones: <b>&#8220;1) que, a fin de combatir la impunidad existente deber\u00eda existir un compromiso pleno en los siguientes aspectos: un di\u00e1logo tripartito y continuo sobre los derechos fundamentales, una voluntad pol\u00edtica clara y amplia y los recursos necesarios para ello; 2) las instituciones tripartitas existentes, como la Comisi\u00f3n Interinstitucional para la Promoci\u00f3n de los Derechos Humanos, la Comisi\u00f3n Permanente de Concertaci\u00f3n en Pol\u00edticas Laborales y Salariales y la Comisi\u00f3n Especial de Tratamiento de Conflictos ante la OIT, deben ser r\u00e1pidamente reactivadas; 3) deber\u00eda establecerse una presencia permanente de la OIT en el pa\u00eds a fin de desarrollar un programa sostenible que facilite el esfuerzo continuado para combatir la impunidad y que re\u00fana toda la informaci\u00f3n actualizada pertinente tal como ofreciera el Fiscal General de la Naci\u00f3n. Esta presencia ayudar\u00e1 a la plena implementaci\u00f3n de la libertad sindical y del di\u00e1logo tripartito&#8221;.<\/b><\/p>\n<p>Es conveniente se\u00f1alar que sobre estas recomendaciones varios integrantes de la Corriente Sindical Clasista y Unitaria se\u00f1alamos en su momento en el Comit\u00e9 Ejecutivo de la CUT que las consider\u00e1bamos precarias e insuficientes dada la gravedad de la situaci\u00f3n de los derechos humanos y de la libertad sindical en nuestro pa\u00eds. Quiere decir que lo que ahora se presenta como un gran logro no es m\u00e1s que la reiteraci\u00f3n de lo que ya hab\u00eda recomendado la &#8220;Visita Tripartita de Alto Nivel&#8221;. La diferencia est\u00e1 en que ya no se trata de una decisi\u00f3n tomada por la OIT contra un gobierno que viola los derechos y libertades sino que es el producto de un &#8220;Acuerdo&#8221; que deja al gobierno a salvo de cualquier censura.<\/p>\n<p>Precisamente por eso, el propio Carlos Rodr\u00edguez en su contradictorio escrito dice que Colombia figuraba en la lista de pa\u00edses a ser llamados ante la Comisi\u00f3n de Aplicaci\u00f3n de Normas de la Conferencia de la OIT, <b>&#8220;pero producto del acuerdo se defini\u00f3 su exclusi\u00f3n&#8221;.<\/b> En otras palabras, el gobierno estaba a punto de ser sentado en el banquillo de los acusados, pero la mano milagrosa del &#8220;Acuerdo&#8221; lo libr\u00f3 de rendir cuentas. Desde luego, entendemos que tambi\u00e9n hubiese podido suceder lo contrario, es decir, que gracias al &#8220;lobby&#8221; de gobierno y empresarios Colombia no hubiera sido incluido en la lista. En tal caso, el movimiento sindical habr\u00eda mantenido intacta su autoridad moral para seguir reclamando, como lo ha hecho a lo largo de 20 a\u00f1os.<\/p>\n<p>El premio de consolaci\u00f3n por este logro incuestionable del gobierno es que, seg\u00fan reza el texto del Acuerdo, <b>&#8220;El Gobierno Colombiano acordar\u00e1 con la Oficina de la OIT y con el apoyo de trabajadores y empresarios, una renovada presencia de esa organizaci\u00f3n internacional en el pa\u00eds&#8221;<\/b>, que seg\u00fan la muy particular interpretaci\u00f3n del Presidente de la CUT es una medida que est\u00e1 por encima del p\u00e1rrafo especial y hasta de la Comisi\u00f3n de Encuesta.<\/p>\n<p>Al respecto queremos dejar bien claro que no desde\u00f1amos la presencia de la Oficina de la OIT en Colombia, mucho menos nos oponemos a su instalaci\u00f3n, pero tampoco podemos ignorar que por el pa\u00eds han pasado todo tipo de comisiones y misiones de la OIT, con muy escasos resultados, por lo que no consideramos justo exagerar su significado.<\/p>\n<p>2. La delegaci\u00f3n que participa en nombre de la CUT en la Conferencia de la OIT no fue elegida por el Comit\u00e9 Ejecutivo, tal como lo disponen los Estatutos. El informe de la centrales obreras a la Conferencia s\u00f3lo vinimos a conocerlo cuando ya hab\u00eda sido entregado a la OIT y del Acuerdo Tripartito nos enteramos por los medios de comunicaci\u00f3n. Estos hechos constituyen violaciones flagrantes a la democracia sindical y son una pr\u00e1ctica inveterada de la actual mayor\u00eda del Comit\u00e9 Ejecutivo, no obstante las reiteradas reclamaciones que hemos hecho para que se le ponga fin a esos procederes.<\/p>\n<p>3. El 29 de abril de 2.006, el Comando Nacional Unitario, a instancias del Comit\u00e9 Ejecutivo de la CUT, tom\u00f3 la decisi\u00f3n de <b>&#8220;retirarse de todos los espacios de participaci\u00f3n institucionales hasta tanto no se ofrezcan plenas garant\u00edas para el ejercicio pleno y el desarrollo del sindicalismo, de los derechos laborales individuales, as\u00ed como la protecci\u00f3n de la vida de los dirigentes y afiliados y que el gobierno nacional fije una posici\u00f3n clara respecto al absurdo documento del Banco Mundial, el cual condena a los trabajadores colombianos a vivir en medio de la miseria en forma definitiva&#8221;<\/b>.<\/p>\n<p>Que sepamos, nada de esto ha cambiado. Sin embargo, en el Acuerdo se establece que <b>&#8220;se convocar\u00e1 la Comisi\u00f3n Nacional de Concertaci\u00f3n de Pol\u00edticas Laborales y Salariales, con agenda de trabajo permanente y se invitar\u00e1 a la OIT a que acompa\u00f1e el proceso de las reuniones&#8221;<\/b>. Otra vez, los firmantes del Acuerdo dan marcha atr\u00e1s pasando por encima de los organismos de direcci\u00f3n de la Central, sin hacer ninguna evaluaci\u00f3n y sin que se cumplan los requisitos fijados por el Comando Nacional Unitario.<\/p>\n<p>4. Adem\u00e1s de lo ya anotado, consideramos que el Acuerdo es un atentado contra la unidad no solo de la CUT sino de los organismos unitarios en los cuales participa la Central, entre ellos, la Gran Coalici\u00f3n Democr\u00e1tica, en momentos en que se requiere concretar el m\u00e1s amplio frente contra un gobierno caracterizado por ser el peor enemigo de los trabajadores, que sigue actuando contra el movimiento sindical, como lo demuestra la ilegalizaci\u00f3n del paro de ASONAL JUDICIAL, y que  anuncia la continuidad de su pol\u00edtica con reformas regresivas y antipopulares como la Reforma Tributaria, la reforma a las transferencias, sin descartar nuevas reformas laborales y pensionales, lo mismo que con privatizaciones, reestructuraciones del Estado y despidos en masa de trabajadores. Particularmente nos preocupa que el Acuerdo contribuye a viabilizar el TLC, por cuanto deja al gobierno libre de cualquier riesgo de ser acusado de violar las cl\u00e1usulas laborales de dicho tratado.<\/p>\n<p>Por \u00faltimo, la Corriente Sindical Clasista y Unitaria considera urgente que el movimiento sindical y, en particular la CUT, definan una clara posici\u00f3n frente al gobierno de Uribe V\u00e9lez para evitar que la ambig\u00fcedad y la conciliaci\u00f3n sigan causando tropiezos a la unidad y a la lucha contra la oligarqu\u00eda y el imperialismo.<\/p>\n<p><i>Miguel Antonio Caro Pineda, Gustavo Rub\u00e9n Triana, Gloria In\u00e9s Ram\u00edrez, Di\u00f3genes Orjuela, Domingo Tovar Arrieta, Tarsicio Rivera Mu\u00f1oz, Lu\u00eds Alfonso Vel\u00e1squez, \u00c1lvaro Morales y Orlando Ospina<\/i> <b>(Miembros del Comit\u00e9 Ejecutivo Nacional de la CUT)<\/b>.<\/p>\n","protected":false},"excerpt":{"rendered":"<p>El 1 de junio de 2.006 fue suscrito en Ginebra (Suiza), al inicio de la 95\u00b0 Conferencia de la OIT, el llamado &#8220;Acuerdo Tripartito por el Derecho de Asociaci\u00f3n y la Democracia&#8221;, entre los delegados del gobierno, de los patronos y de las centrales sindicales de Colombia. Como era de esperarse, el gobierno y los [&hellip;]<\/p>\n","protected":false},"author":1,"featured_media":0,"comment_status":"open","ping_status":"open","sticky":false,"template":"","format":"standard","meta":{"advanced_seo_description":"","jetpack_seo_html_title":"","jetpack_seo_noindex":false,"_jetpack_memberships_contains_paid_content":false,"footnotes":""},"categories":[7],"tags":[],"class_list":["post-1407","post","type-post","status-publish","format-standard","hentry","category-pronunciamientos-de-organizaciones-sociales"],"jetpack_featured_media_url":"","jetpack-related-posts":[{"id":4450,"url":"https:\/\/moir.com.co\/web\/gobierno-de-colombia-acepto-sancion-en-la-oit-reconocio-la-grave-situacion-de-las-libertades-sindicales-en-colombia\/","url_meta":{"origin":1407,"position":0},"title":"Gobierno de Colombia acept\u00f3 sanci\u00f3n en la OIT: Reconoci\u00f3 la grave situaci\u00f3n de las libertades sindicales en Colombia","author":"admin","date":"junio 7, 2010","format":false,"excerpt":"Para evitar un debate este a\u00f1o en la Comisi\u00f3n de Normas de la OIT, el gobierno colombiano acept\u00f3 una sanci\u00f3n que consiste en recibir una Misi\u00f3n Tripartita de Alto Nivel de la OIT, reconociendo con ello que la situaci\u00f3n de las libertades sindicales en Colombia no ha mejorado. Como se\u2026","rel":"","context":"En \u00abPronunciamientos de Organizaciones Sociales\u00bb","block_context":{"text":"Pronunciamientos de Organizaciones Sociales","link":"https:\/\/moir.com.co\/web\/category\/pronunciamientos-de-organizaciones-sociales\/"},"img":{"alt_text":"","src":"","width":0,"height":0},"classes":[]},{"id":5311,"url":"https:\/\/moir.com.co\/web\/carta-de-cut-y-ctc-a-director-de-la-oit\/","url_meta":{"origin":1407,"position":1},"title":"Carta de CUT y CTC a Director de la OIT","author":"admin","date":"febrero 20, 2011","format":false,"excerpt":"Se\u00f1or JUAN SOMAVIA Director de la OIT Se\u00f1or GUY RYDER Director Ejecutivo de las Normas y Principios y Derechos Fundamentales en el Trabajo Se\u00f1ora CLEOPATRA DUMBIA Directora del Departamento de Normas Internacionales del Trabajo Se\u00f1ores Comisi\u00f3n de Expertos en Aplicaci\u00f3n de Convenios y Recomendaciones de la OIT Respetados se\u00f1ores y\u2026","rel":"","context":"En \u00abPronunciamientos de Organizaciones Sociales\u00bb","block_context":{"text":"Pronunciamientos de Organizaciones Sociales","link":"https:\/\/moir.com.co\/web\/category\/pronunciamientos-de-organizaciones-sociales\/"},"img":{"alt_text":"","src":"","width":0,"height":0},"classes":[]},{"id":5706,"url":"https:\/\/moir.com.co\/web\/el-sindicalismo-debe-persistir-en-las-banderas-reivindicativas-y-patrioticas\/","url_meta":{"origin":1407,"position":2},"title":"El sindicalismo debe persistir en las banderas reivindicativas y patri\u00f3ticas","author":"admin","date":"junio 13, 2011","format":false,"excerpt":"La calidad nacional y democr\u00e1tica del sindicalismo se mide por su consecuencia con los intereses de las clases trabajadoras y el pueblo colombiano; por la verticalidad a la hora de desechar las conductas conciliacionistas y patronales, es decir el esquirolaje e inconsecuencias con los intereses de la clase y de\u2026","rel":"","context":"En \u00abEscritos del Moir\u00bb","block_context":{"text":"Escritos del Moir","link":"https:\/\/moir.com.co\/web\/category\/moir\/escritos-del-moir\/"},"img":{"alt_text":"","src":"","width":0,"height":0},"classes":[]},{"id":1324,"url":"https:\/\/moir.com.co\/web\/posicion-sobre-el-acuerdo-del-salario-minimo-legal\/","url_meta":{"origin":1407,"position":3},"title":"POSICI\u00d3N SOBRE EL ACUERDO DEL SALARIO M\u00cdNIMO LEGAL","author":"admin","date":"diciembre 7, 2005","format":false,"excerpt":"El acuerdo tripartito en la Comisi\u00f3n Permanente de Concertaci\u00f3n entre gobierno, patronos y centrales obreras, no corresponde a la realidad que viven el movimiento sindical y las masas laboriosas y significa un rev\u00e9s en la lucha contra las pol\u00edticas de Uribe y sus prop\u00f3sitos reeleccionistas. Tampoco se resuelve ninguno de\u2026","rel":"","context":"En \u00abPronunciamientos de Organizaciones Sociales\u00bb","block_context":{"text":"Pronunciamientos de Organizaciones Sociales","link":"https:\/\/moir.com.co\/web\/category\/pronunciamientos-de-organizaciones-sociales\/"},"img":{"alt_text":"","src":"","width":0,"height":0},"classes":[]},{"id":5823,"url":"https:\/\/moir.com.co\/web\/la-cut-la-ctc-y-la-afl-cio-mantienen-su-batallar-contra-el-tlc-con-estados-unidos\/","url_meta":{"origin":1407,"position":4},"title":"La CUT, la CTC y la AFL-CIO mantienen su batallar contra el TLC con  Estados Unidos","author":"admin","date":"agosto 4, 2011","format":false,"excerpt":"\u201cLa campa\u00f1a contra el TLC adelantada a mediados de junio pasado en Washington por la CUT, la CTC, la AFL-CIO y otras organizaciones sociales norteamericanas y lo sucedido en la V reuni\u00f3n del Consejo Directivo de la CSA en Rio de Janeiro el 28, 29 y 30 de junio, nos\u2026","rel":"","context":"En \u00abPronunciamientos de Organizaciones Sociales\u00bb","block_context":{"text":"Pronunciamientos de Organizaciones Sociales","link":"https:\/\/moir.com.co\/web\/category\/pronunciamientos-de-organizaciones-sociales\/"},"img":{"alt_text":"","src":"","width":0,"height":0},"classes":[]},{"id":5657,"url":"https:\/\/moir.com.co\/web\/pronunciamiento-de-la-cut-frente-a-la-carta-acuerdo-laboral\/","url_meta":{"origin":1407,"position":5},"title":"Pronunciamiento de la CUT frente a la Carta Acuerdo Laboral","author":"admin","date":"mayo 28, 2011","format":false,"excerpt":"La Central Unitaria de Trabajadores de Colombia, CUT, informa y comunica a los trabajadores, sectores sociales y opini\u00f3n p\u00fablica nacional e internacional, que nunca ha negado el di\u00e1logo y la concertaci\u00f3n, siempre y cuando, \u00e9sta sea fruto del entendimiento entre las partes y no a conveniencia de las pol\u00edticas gubernamentales,\u2026","rel":"","context":"En \u00abPronunciamientos de Organizaciones Sociales\u00bb","block_context":{"text":"Pronunciamientos de Organizaciones Sociales","link":"https:\/\/moir.com.co\/web\/category\/pronunciamientos-de-organizaciones-sociales\/"},"img":{"alt_text":"","src":"","width":0,"height":0},"classes":[]}],"jetpack_sharing_enabled":true,"_links":{"self":[{"href":"https:\/\/moir.com.co\/web\/wp-json\/wp\/v2\/posts\/1407","targetHints":{"allow":["GET"]}}],"collection":[{"href":"https:\/\/moir.com.co\/web\/wp-json\/wp\/v2\/posts"}],"about":[{"href":"https:\/\/moir.com.co\/web\/wp-json\/wp\/v2\/types\/post"}],"author":[{"embeddable":true,"href":"https:\/\/moir.com.co\/web\/wp-json\/wp\/v2\/users\/1"}],"replies":[{"embeddable":true,"href":"https:\/\/moir.com.co\/web\/wp-json\/wp\/v2\/comments?post=1407"}],"version-history":[{"count":0,"href":"https:\/\/moir.com.co\/web\/wp-json\/wp\/v2\/posts\/1407\/revisions"}],"wp:attachment":[{"href":"https:\/\/moir.com.co\/web\/wp-json\/wp\/v2\/media?parent=1407"}],"wp:term":[{"taxonomy":"category","embeddable":true,"href":"https:\/\/moir.com.co\/web\/wp-json\/wp\/v2\/categories?post=1407"},{"taxonomy":"post_tag","embeddable":true,"href":"https:\/\/moir.com.co\/web\/wp-json\/wp\/v2\/tags?post=1407"}],"curies":[{"name":"wp","href":"https:\/\/api.w.org\/{rel}","templated":true}]}}