{"id":14058,"date":"2017-12-08T21:47:53","date_gmt":"2017-12-08T21:47:53","guid":{"rendered":"https:\/\/moir.org.co\/web\/?p=14058"},"modified":"2017-12-08T21:47:53","modified_gmt":"2017-12-08T21:47:53","slug":"trabajar-mas-para-ganar-menos","status":"publish","type":"post","link":"https:\/\/moir.com.co\/web\/trabajar-mas-para-ganar-menos\/","title":{"rendered":"Trabajar m\u00e1s para ganar menos"},"content":{"rendered":"<p><strong>Oficina de prensa del senador y candidato presidencial del Polo Jorge Enrique Robledo, Bogot\u00e1, diciembre 8 de 2017<\/strong><\/p>\n<p><em>Reflexiones sobre el aumento del salario m\u00ednimo; es necesario reactivar el consumo para hacer crecer las ventas; debe abandonarse esa idea de que saldremos adelante como pa\u00eds si los trabajadores ganan poco<\/em><\/p>\n<p>\u201cColombia necesita urgente un plan de choque para reactivar el consumo,\u201d expres\u00f3 el candidato presidencial y senador Jorge Enrique Robledo. Y para ello es necesario superar esa idea de que los trabajadores deben ganar poco porque as\u00ed saldremos adelante. \u201cHay espacio para aumentar el salario m\u00ednimo en una cifra cercana o igual a la que est\u00e1n solicitando las centrales obreras\u201d, agreg\u00f3 Robledo.<\/p>\n<p>Si ganan mejor, al pa\u00eds le ir\u00e1 mejor<\/p>\n<p>Mientras en Colombia los trabajadores se quedan con la tercera parte de la riqueza que produce el pa\u00eds, en Jap\u00f3n capturan el doble (60 por ciento del PIB). Aqu\u00ed el ingreso por habitante es de 5.800 d\u00f3lares anuales y all\u00e1 es de 39.000. \u201cAumentar el salario m\u00ednimo no es un lastre para la econom\u00eda, al contrario, puede ser una fuente de mayores ventas para las empresas y de mejor nivel de vida para todos\u201d, explic\u00f3 el congresista.<\/p>\n<div class=\"SandboxRoot env-bp-350\" data-twitter-event-id=\"0\">\n<div id=\"twitter-widget-0\" class=\"EmbeddedTweet EmbeddedTweet--edge js-clickToOpenTarget tweet-InformationCircle-widgetParent\" lang=\"es\" data-click-to-open-target=\"https:\/\/twitter.com\/JERobledo\/status\/938004350932221952\" data-iframe-title=\"Tweet de Twitter\" data-dt-full=\"%{hours24}:%{minutes} - %{day} %{month} %{year}\" data-dt-explicit-timestamp=\"6:17 - 5 dic. 2017\" data-dt-months=\"ene|feb|mar|abr|Mayo|jun|jul|ago|sep|oct|nov|dic\" data-dt-am=\"AM\" data-dt-pm=\"PM\" data-dt-now=\"ahora\" data-dt-s=\"s\" data-dt-m=\"m\" data-dt-h=\"h\" data-dt-second=\"segundo\" data-dt-seconds=\"segundos\" data-dt-minute=\"minuto\" data-dt-minutes=\"minutos\" data-dt-hour=\"hora\" data-dt-hours=\"horas\" data-dt-abbr=\"%{number}%{symbol}\" data-dt-short=\"%{day} %{month}\" data-dt-long=\"%{day} %{month} %{year}\" data-scribe=\"page:tweet\" data-twitter-event-id=\"1\">\n<div class=\"EmbeddedTweet-tweet\">\n<blockquote class=\"Tweet h-entry js-tweetIdInfo subject expanded is-deciderHtmlWhitespace\" cite=\"https:\/\/twitter.com\/JERobledo\/status\/938004350932221952\" data-tweet-id=\"938004350932221952\" data-scribe=\"section:subject\">\n<div class=\"Tweet-header u-cf\">\n<div class=\"Tweet-brand u-floatRight\"><\/div>\n<div class=\"TweetAuthor js-inViewportScribingTarget\" data-scribe=\"component:author\"><a class=\"TweetAuthor-link Identity u-linkBlend\" href=\"https:\/\/twitter.com\/JERobledo\" data-scribe=\"element:user_link\" aria-label=\"Jorge Robledo (nombre de pantalla: JERobledo)\"><span class=\"TweetAuthor-avatar Identity-avatar\"><img data-recalc-dims=\"1\" decoding=\"async\" class=\"Avatar Avatar--edge\" src=\"https:\/\/i0.wp.com\/pbs.twimg.com\/profile_images\/907368655654146048\/DqmgFlHr_bigger.jpg?w=800&#038;ssl=1\" alt=\"\" data-scribe=\"element:avatar\" data-src-2x=\"https:\/\/pbs.twimg.com\/profile_images\/907368655654146048\/DqmgFlHr_bigger.jpg\" data-src-1x=\"https:\/\/pbs.twimg.com\/profile_images\/907368655654146048\/DqmgFlHr_normal.jpg\" \/><\/span><span class=\"TweetAuthor-decoratedName\"><span class=\"TweetAuthor-name Identity-name customisable-highlight\" title=\"Jorge Robledo\" data-scribe=\"element:name\">Jorge Robledo<\/span><\/span><\/a><\/p>\n<div class=\"Icon Icon--verified \" title=\"Cuenta verificada\" role=\"img\" aria-label=\"Cuenta verificada\"><\/div>\n<p><a class=\"TweetAuthor-link Identity u-linkBlend\" href=\"https:\/\/twitter.com\/JERobledo\" data-scribe=\"element:user_link\" aria-label=\"Jorge Robledo (nombre de pantalla: JERobledo)\"><span class=\"TweetAuthor-decoratedName\"><span class=\"TweetAuthor-verifiedBadge\" data-scribe=\"element:verified_badge\"><b class=\"u-hiddenVisually\">\u2714<\/b><\/span><\/span><span class=\"TweetAuthor-screenName Identity-screenName\" dir=\"ltr\" title=\"@JERobledo\" data-scribe=\"element:screen_name\">@JERobledo<\/span><\/a><\/div>\n<\/div>\n<div class=\"Tweet-body e-entry-content\" data-scribe=\"component:tweet\">\n<div class=\"u-hiddenVisually js-inViewportScribingTarget\"><\/div>\n<p class=\"Tweet-text e-entry-title\" dir=\"ltr\" lang=\"es\">Sobre el salario m\u00ednimo no olvidar que si bien este determina un costo de la econom\u00eda, tambi\u00e9n mucho de la capacidad de compra de un pa\u00eds, luego promueve o no la producci\u00f3n y el empleo<br \/>\nY Colombia requiere con urgencia promover la producci\u00f3n y el empleo.<\/p>\n<div class=\"Tweet-metadata dateline\"><a class=\"u-linkBlend u-url customisable-highlight long-permalink\" href=\"https:\/\/twitter.com\/JERobledo\/status\/938004350932221952\" data-datetime=\"2017-12-05T11:17:19+0000\" data-scribe=\"element:full_timestamp\"><time class=\"dt-updated\" title=\"Publicado a las: 05 de diciembre de 2017 11:17:19 (UTC)\" datetime=\"2017-12-05T11:17:19+0000\">6:17 &#8211; 5 dic. 2017<\/time><\/a><\/div>\n<\/div>\n<\/blockquote>\n<\/div>\n<\/div>\n<div class=\"resize-sensor\"><\/div>\n<\/div>\n<p><strong>Un robo continuado<\/strong><\/p>\n<p>Robledo expres\u00f3 su rechazo a lo hecho por el DNP en los \u00faltimos once a\u00f1os, quien usando metodolog\u00edas inadecuadas le ha quitado a los trabajadores y trabajadoras colombianas 18 billones de pesos de ingresos, como lo explic\u00f3 el centro de investigaciones Cedetrabajo (<a href=\"http:\/\/bit.ly\/2AEkA2L\">http:\/\/bit.ly\/2AEkA2L<\/a>). \u201cDe haberse hecho bien las cosas, hoy el salario m\u00ednimo no ser\u00eda de 737.717 pesos sino de 823.893, \u00a112 por ciento m\u00e1s! Un robo continuado auspiciado por los dos \u00faltimos gobiernos en contra de la mitad de los empleados colombianos. Y dizque quieren mucho a los trabajadores. En mi gobierno existir\u00e1 una pol\u00edtica econ\u00f3mica que favorezca la producci\u00f3n y el empleo, habr\u00e1 m\u00e1s consumo y m\u00e1s riqueza para que el solo brille para todos\u201d, concluy\u00f3 Robledo.<\/p>\n<div class=\"jetpack-video-wrapper\"><span class=\"embed-youtube\"><iframe class=\"youtube-player\" src=\"https:\/\/www.youtube.com\/embed\/bggWbohcAV4?version=3&amp;rel=1&amp;fs=1&amp;autohide=2&amp;showsearch=0&amp;showinfo=1&amp;iv_load_policy=1&amp;wmode=transparent\" width=\"300\" height=\"150\" allowfullscreen=\"allowfullscreen\" data-ratio=\"0.609375\" data-width=\"640\" data-height=\"390\" data-mce-fragment=\"1\"><\/iframe><\/span><\/div>\n","protected":false},"excerpt":{"rendered":"<p>Oficina de prensa del senador y candidato presidencial del Polo Jorge Enrique Robledo, Bogot\u00e1, diciembre 8 de 2017 Reflexiones sobre el aumento del salario m\u00ednimo; es necesario reactivar el consumo para hacer crecer las ventas; debe abandonarse esa idea de que saldremos adelante como pa\u00eds si los trabajadores ganan poco \u201cColombia necesita urgente un plan [&hellip;]<\/p>\n","protected":false},"author":1,"featured_media":14059,"comment_status":"open","ping_status":"open","sticky":false,"template":"","format":"standard","meta":{"advanced_seo_description":"","jetpack_seo_html_title":"","jetpack_seo_noindex":false,"_jetpack_memberships_contains_paid_content":false,"footnotes":""},"categories":[102,97,4,98,109],"tags":[],"class_list":["post-14058","post","type-post","status-publish","format-standard","has-post-thumbnail","hentry","category-economia","category-imperialismo-y-neoliberalismo","category-jorge-enrique-robledo","category-politica","category-sindical"],"jetpack_featured_media_url":"https:\/\/i0.wp.com\/moir.com.co\/web\/wp-content\/uploads\/2017\/12\/salariominimo.png?fit=530%2C422&ssl=1","jetpack-related-posts":[{"id":11341,"url":"https:\/\/moir.com.co\/web\/salario-minimo-debe-aumentar-14-como-lo-piden-las-centrales-obreras-robledo\/","url_meta":{"origin":14058,"position":0},"title":"Salario m\u00ednimo debe aumentar 14% como lo piden las centrales obreras: Robledo","author":"admin","date":"diciembre 20, 2016","format":false,"excerpt":"Oficina de prensa del senador Jorge Enrique Robledo, Bogot\u00e1, diciembre 19 de 2016 Colombia sigue siendo uno de los pa\u00edses m\u00e1s desiguales del mundo. Aumento en el salario m\u00ednimo tambi\u00e9n favorece las ventas de las empresas. El senador y precandidato presidencial Jorge Enrique Robledo respald\u00f3 la petici\u00f3n de las Centrales\u2026","rel":"","context":"En \u00abEconom\u00eda\u00bb","block_context":{"text":"Econom\u00eda","link":"https:\/\/moir.com.co\/web\/category\/temas\/economia\/"},"img":{"alt_text":"","src":"https:\/\/i0.wp.com\/moir.com.co\/web\/wp-content\/uploads\/2016\/12\/salriominimo.jpg?fit=214%2C235&ssl=1&resize=350%2C200","width":350,"height":200},"classes":[]},{"id":14025,"url":"https:\/\/moir.com.co\/web\/el-precio-de-los-combustibles-un-lastre-para-el-consumo-y-la-competitividad-robledo\/","url_meta":{"origin":14058,"position":1},"title":"El precio de los combustibles, un lastre para el consumo y la competitividad: Robledo","author":"admin","date":"diciembre 5, 2017","format":false,"excerpt":"Oficina de prensa del senador y candidato presidencial del Polo Jorge Enrique Robledo, Bogot\u00e1, diciembre 5 de 2017 Los precios de los combustibles hace rato se comieron el aumento del salario m\u00ednimo; una decisi\u00f3n mala por donde se le mire; es necesario construir una nueva pol\u00edtica de precios de los\u2026","rel":"","context":"En \u00abEconom\u00eda\u00bb","block_context":{"text":"Econom\u00eda","link":"https:\/\/moir.com.co\/web\/category\/temas\/economia\/"},"img":{"alt_text":"","src":"https:\/\/i0.wp.com\/moir.com.co\/web\/wp-content\/uploads\/2017\/12\/gasolinaPRECIOCOMBUSTIBLES.jpg?fit=486%2C373&ssl=1&resize=350%2C200","width":350,"height":200},"classes":[]},{"id":11817,"url":"https:\/\/moir.com.co\/web\/con-millones-de-voluntarios-vamos-a-derrotar-a-los-corruptos-y-a-ganar-la-presidencia-robledo\/","url_meta":{"origin":14058,"position":2},"title":"Con millones de voluntarios vamos a derrotar a los corruptos y a ganar la Presidencia: Robledo","author":"admin","date":"marzo 2, 2017","format":false,"excerpt":"Oficina de prensa del candidato presidencial Jorge Enrique Robledo, Bogot\u00e1, febrero 1 de 2017 Las autoridades del Polo lo ratificaron como el candidato oficial del partido Jorge Enrique Robledo Castillo fue ratificado por las autoridades del Polo Democr\u00e1tico Alternativo como su candidato oficial para la Presidencia de Colombia. Es el\u2026","rel":"","context":"En \u00abEconom\u00eda\u00bb","block_context":{"text":"Econom\u00eda","link":"https:\/\/moir.com.co\/web\/category\/temas\/economia\/"},"img":{"alt_text":"","src":"https:\/\/i0.wp.com\/moir.com.co\/web\/wp-content\/uploads\/2017\/03\/robledocandidatopresidencial.jpg?fit=691%2C1024&ssl=1&resize=350%2C200","width":350,"height":200,"srcset":"https:\/\/i0.wp.com\/moir.com.co\/web\/wp-content\/uploads\/2017\/03\/robledocandidatopresidencial.jpg?fit=691%2C1024&ssl=1&resize=350%2C200 1x, https:\/\/i0.wp.com\/moir.com.co\/web\/wp-content\/uploads\/2017\/03\/robledocandidatopresidencial.jpg?fit=691%2C1024&ssl=1&resize=525%2C300 1.5x"},"classes":[]},{"id":12716,"url":"https:\/\/moir.com.co\/web\/en-mi-gobierno-crearemos-un-ministerio-para-la-pequena-y-mediana-economia-robledo\/","url_meta":{"origin":14058,"position":3},"title":"En mi gobierno crearemos un Ministerio para la Peque\u00f1a y Mediana Econom\u00eda: Robledo","author":"admin","date":"junio 14, 2017","format":false,"excerpt":"Oficina de prensa del senador Jorge Enrique Robledo, Bogot\u00e1, junio 14 de 2017 Toda la econom\u00eda empresarial es bienvenida, pero la m\u00e1s d\u00e9bil debe recibir espacial respaldo. Ese ministerio tambi\u00e9n velar\u00e1 por el progreso de la producci\u00f3n campesina e ind\u00edgena. Atender a sectores populares y a la clase media empleada\u2026","rel":"","context":"En \u00abAgro\u00bb","block_context":{"text":"Agro","link":"https:\/\/moir.com.co\/web\/category\/temas\/agro\/"},"img":{"alt_text":"","src":"https:\/\/i0.wp.com\/moir.com.co\/web\/wp-content\/uploads\/2017\/03\/robledoelpais130317.jpeg?fit=565%2C440&ssl=1&resize=350%2C200","width":350,"height":200,"srcset":"https:\/\/i0.wp.com\/moir.com.co\/web\/wp-content\/uploads\/2017\/03\/robledoelpais130317.jpeg?fit=565%2C440&ssl=1&resize=350%2C200 1x, https:\/\/i0.wp.com\/moir.com.co\/web\/wp-content\/uploads\/2017\/03\/robledoelpais130317.jpeg?fit=565%2C440&ssl=1&resize=525%2C300 1.5x"},"classes":[]},{"id":11840,"url":"https:\/\/moir.com.co\/web\/el-polo-ya-tiene-su-propio-candidato-presidencial\/","url_meta":{"origin":14058,"position":4},"title":"\u00a1El Polo ya tiene su propio candidato presidencial!","author":"admin","date":"marzo 6, 2017","format":false,"excerpt":"Manuel Sarmiento, concejal Polo, Bogot\u00e1, marzo 5 de 2017 La decisi\u00f3n del Comit\u00e9 Ejecutivo Nacional del Polo de designar como su candidato presidencial al senador Jorge Enrique Robledo representa un gran avance hacia la necesaria y democr\u00e1tica transformaci\u00f3n de Colombia. El pa\u00eds no puede seguir siendo gobernado por los mismos\u2026","rel":"","context":"En \u00abBogot\u00e1\u00bb","block_context":{"text":"Bogot\u00e1","link":"https:\/\/moir.com.co\/web\/category\/temas\/bogota\/"},"img":{"alt_text":"","src":"https:\/\/i0.wp.com\/moir.com.co\/web\/wp-content\/uploads\/2017\/02\/robledoodebrecht.jpg?fit=800%2C420&ssl=1&resize=350%2C200","width":350,"height":200,"srcset":"https:\/\/i0.wp.com\/moir.com.co\/web\/wp-content\/uploads\/2017\/02\/robledoodebrecht.jpg?fit=800%2C420&ssl=1&resize=350%2C200 1x, https:\/\/i0.wp.com\/moir.com.co\/web\/wp-content\/uploads\/2017\/02\/robledoodebrecht.jpg?fit=800%2C420&ssl=1&resize=525%2C300 1.5x, https:\/\/i0.wp.com\/moir.com.co\/web\/wp-content\/uploads\/2017\/02\/robledoodebrecht.jpg?fit=800%2C420&ssl=1&resize=700%2C400 2x"},"classes":[]},{"id":14529,"url":"https:\/\/moir.com.co\/web\/seguire-en-el-senado-con-la-frente-en-alto-y-siempre-inspirado-en-hacer-lo-mejor-para-colombia-robledo\/","url_meta":{"origin":14058,"position":5},"title":"Seguir\u00e9 en el Senado con la frente en alto y siempre inspirado en hacer lo mejor para Colombia: Robledo","author":"admin","date":"febrero 20, 2018","format":false,"excerpt":"Oficina de prensa del senador Jorge Enrique Robledo, Bogot\u00e1, febrero 20 de 2018 M\u00e1s de 2000 l\u00edderes del Polo Democr\u00e1tico Alternativo en Bogot\u00e1 se reunieron en el Centro de Convenciones Gonzalo Jim\u00e9nez de Quesada para expresar su respaldo a las candidaduras de Jorge Enrique Robledo al Senado Polo #1, Germ\u00e1n\u2026","rel":"","context":"En \u00abBogot\u00e1\u00bb","block_context":{"text":"Bogot\u00e1","link":"https:\/\/moir.com.co\/web\/category\/temas\/bogota\/"},"img":{"alt_text":"","src":"https:\/\/i0.wp.com\/moir.com.co\/web\/wp-content\/uploads\/2018\/02\/robledosenado2018.jpg?fit=400%2C421&ssl=1&resize=350%2C200","width":350,"height":200},"classes":[]}],"jetpack_sharing_enabled":true,"_links":{"self":[{"href":"https:\/\/moir.com.co\/web\/wp-json\/wp\/v2\/posts\/14058","targetHints":{"allow":["GET"]}}],"collection":[{"href":"https:\/\/moir.com.co\/web\/wp-json\/wp\/v2\/posts"}],"about":[{"href":"https:\/\/moir.com.co\/web\/wp-json\/wp\/v2\/types\/post"}],"author":[{"embeddable":true,"href":"https:\/\/moir.com.co\/web\/wp-json\/wp\/v2\/users\/1"}],"replies":[{"embeddable":true,"href":"https:\/\/moir.com.co\/web\/wp-json\/wp\/v2\/comments?post=14058"}],"version-history":[{"count":1,"href":"https:\/\/moir.com.co\/web\/wp-json\/wp\/v2\/posts\/14058\/revisions"}],"predecessor-version":[{"id":14060,"href":"https:\/\/moir.com.co\/web\/wp-json\/wp\/v2\/posts\/14058\/revisions\/14060"}],"wp:featuredmedia":[{"embeddable":true,"href":"https:\/\/moir.com.co\/web\/wp-json\/wp\/v2\/media\/14059"}],"wp:attachment":[{"href":"https:\/\/moir.com.co\/web\/wp-json\/wp\/v2\/media?parent=14058"}],"wp:term":[{"taxonomy":"category","embeddable":true,"href":"https:\/\/moir.com.co\/web\/wp-json\/wp\/v2\/categories?post=14058"},{"taxonomy":"post_tag","embeddable":true,"href":"https:\/\/moir.com.co\/web\/wp-json\/wp\/v2\/tags?post=14058"}],"curies":[{"name":"wp","href":"https:\/\/api.w.org\/{rel}","templated":true}]}}