{"id":14055,"date":"2017-12-08T21:41:24","date_gmt":"2017-12-08T21:41:24","guid":{"rendered":"https:\/\/moir.org.co\/web\/?p=14055"},"modified":"2017-12-08T21:41:24","modified_gmt":"2017-12-08T21:41:24","slug":"los-poderes-que-protegen-al-fiscal-martinez","status":"publish","type":"post","link":"https:\/\/moir.com.co\/web\/los-poderes-que-protegen-al-fiscal-martinez\/","title":{"rendered":"Los poderes que protegen al fiscal Mart\u00ednez"},"content":{"rendered":"<p><strong>Amaury N\u00fa\u00f1ez, Medell\u00edn, diciembre 7 de 2017<\/strong><\/p>\n<p>El primero de agosto de 2016 se posesion\u00f3 como fiscal N\u00e9stor Humberto Mart\u00ednez Neira. Desde entonces ha sido cuestionado por su inmenso poder y las relaciones que le permitieron llegar a ese cargo. Antes hab\u00eda sido Ministro de la Presidencia, cargo creado a su medida tras el triunfo de la llave de Juan Manuel Santos y Vargas Lleras en 2014. En esa campa\u00f1a se emple\u00f3 a fondo consiguiendo recursos y hoy se ventila, tras declaraciones del senador Armando Benedetti, que Odebrecht le habr\u00eda entregado directamente plata para financiar la campa\u00f1a del hoy presidente de la Rep\u00fablica.<\/p>\n<p>Sus relaciones con la multinacional brasilera ten\u00edan para entonces un antecedente. Fue protagonista en el procedimiento que se desarroll\u00f3 para que, tras la negativa dada el 6 de septiembre de 2011 a la petici\u00f3n del Concesionario Ruta del Sol para suscribir un contrato de estabilidad jur\u00eddica, las cosas se pusieran a su favor. Mart\u00ednez se ocup\u00f3 de aceitar la burocracia a favor de su cliente en calidad de abogado.<\/p>\n<p>El contrato solicitado congelar\u00eda por 13 a\u00f1os un paquete de impuestos y le generar\u00eda un ahorro millonario para la construcci\u00f3n del tramo 2 del proyecto. El 31 de diciembre de 2012 se firm\u00f3 el contrato con el Ministerio de Transporte para la concesi\u00f3n, cuyo socio mayoritario fue la multinacional brasile\u00f1a Odebrecht.<\/p>\n<p>El detalle se encuentra en que, tras la negativa, el abogado N\u00e9stor Humberto Mart\u00ednez present\u00f3 un recurso de reposici\u00f3n en febrero de 2012 contratado por el Concesionario Ruta del Sol. Lo anterior ha sido presentado por Mart\u00ednez como un detallito menor, que repite para que entre tanto barullo termine por ser aceptado como verdad. Al peri\u00f3dico El Colombiano le dijo que lo que existi\u00f3 fue \u201cun compromiso precontractual en la divisi\u00f3n de riesgos [\u2026] este tipo de contratos lo que buscan es incentivar la inversi\u00f3n extranjera\u201d (El Colombiano, 5\/11\/2017, p\u00e1g. 4-5). Falso.<\/p>\n<p>Un simple chequeo de la informaci\u00f3n permite contradecirlo. Mart\u00ednez le prest\u00f3 al Concesionario Ruta del Sol S.A.S tres asesor\u00edas, por las cu\u00e1les le pagaron cerca de 100 millones de pesos. Esto ha sido denunciado por el Senador Jorge Robledo en m\u00faltiples ocasiones. Entre los tres negocios, con tres razones sociales diferentes, se encuentra una asesor\u00eda para decidir sin licitaci\u00f3n el muy controvertido otros\u00ed de la v\u00eda Oca\u00f1a-Gamarra. Otro detalle, seguramente menor para el fiscal: Mart\u00ednez Neira aprob\u00f3 el otros\u00ed como ministro de la Presidencia en el Conpes 3817 de 2014.<\/p>\n<p>Seg\u00fan informaci\u00f3n del Concesionario Ruta del Sol, en el a\u00f1o 2010, bajo la raz\u00f3n social Mart\u00ednez &amp; Mart\u00ednez Abogados, la asesor\u00eda ten\u00eda por objeto la suscripci\u00f3n de un contrato de estabilidad jur\u00eddica con el Estado colombiano en m\u00e1ximo 10 meses. El pago fue de 80 millones de pesos. En 2012 Estudio Jur\u00eddico Mart\u00ednez Ltda. lo asesor\u00f3 con el objeto de avanzar en la viabilidad de suscribir un contrato de adici\u00f3n de la v\u00eda Oca\u00f1a-Gamarra. El pago fue de 15 millones de pesos. En 2015, Estudio Profesional MNA Ltda. hizo lo propio con el objeto de resolver requerimientos del Comit\u00e9 de Estabilidad, y el pago recibido fue de 5 millones de pesos.<\/p>\n<p>Otra cola de Mart\u00ednez Neira es el papel de Odebrecht en la reelecci\u00f3n de Santos y Vargas Lleras en el a\u00f1o 2014. Seg\u00fan declaraciones del senador Benedetti \u201cel \u00fanico bulldozer de Odebrecht en Colombia es N\u00e9stor Humberto Mart\u00ednez\u201d. Este habr\u00eda recibido 8 mil millones de pesos que la multinacional aport\u00f3 para aceitar la campa\u00f1a de su muy buen servidor, a su vez servido por el intermediario y hoy fiscal.<\/p>\n<p>Los cuestionamientos de Benedetti ahondan en esas relaciones. Seg\u00fan dijo, Mart\u00ednez recogi\u00f3 la plata para la segunda vuelta entre el 26 y el 28 de mayo de 2014. Cuatro mil millones de pesos, tras contactar al presidente de Odebrecht en Colombia Eleuberto Antonio Martorelli, habr\u00edan sido canalizados por el empresario Esteban Moreno a trav\u00e9s de la empresa RGQ Logistics Group International S.A.S. Hoy no cursa ninguna investigaci\u00f3n contra Moreno.<\/p>\n<p>Nuevamente saltan los v\u00ednculos del banquero Luis Carlos Sarmiento Angulo, amigo personal del fiscal Mart\u00ednez, en todo este caso. Sarmiento habr\u00eda autorizado el pago de coimas para hacerse con favores oficiales en la Concesi\u00f3n Ruta del Sol II, en la que participa a trav\u00e9s de Corficolombiana y Episol, empresas que representan el 33 por ciento del concesionario.<\/p>\n<p>\u00bfPor qu\u00e9 el Fiscal no desmiente ninguna de estas acusaciones? \u00bfPor qu\u00e9 a pesar de todos los cuestionamientos a Luis Carlos Sarmiento Angulo y Esteban Moreno no se han abierto investigaciones contra ellos? \u00bfEs el otros\u00ed que Mart\u00ednez Neira aprob\u00f3 como ministro de la Presidencia, en el Conpes 3817 de 2014, una forma de pago a los favores de Odebrecht al financiar la campa\u00f1a de Santos a la que le recogi\u00f3 plata? \u00bfSe abstiene el Fiscal de investigar esa campa\u00f1a por ser quien propici\u00f3 y recogi\u00f3 los recursos de la segunda vuelta, m\u00e1s los que recogi\u00f3 despu\u00e9s de la elecci\u00f3n? \u00bfEn qu\u00e9 otros favores se tradujeron los compromisos con Odebrecht por su generosidad? \u00bfQu\u00e9 poderes protegen al Fiscal? \u00bfLlegar\u00e1 el primero de agosto de 2020 sin que se aclaren las actividades de Mart\u00ednez Neira antes, durante y despu\u00e9s de la campa\u00f1a de Santos y Vargas Lleras? \u00bfPor qu\u00e9 se sostiene en el cargo? \u00bfLo sostienen sus c\u00f3mplices? \u00bfSeguir\u00e1 el pacto de impunidad y caer\u00e1n solo los t\u00edteres mientras el titiritero sale inc\u00f3lume?<\/p>\n<p>\u201c\u00a1Que viva el se\u00f1or vicepresidente!\u201d,\u00a0<a href=\"https:\/\/www.youtube.com\/watch?v=jxOxfIIzmpw\">grit\u00f3 en enero de 2015 N\u00e9stor Humberto Mart\u00ednez<\/a>\u00a0en un acto en el Carmen de Apical\u00e1, ovacionando a Germ\u00e1n Vargas Lleras.<\/p>\n","protected":false},"excerpt":{"rendered":"<p>Amaury N\u00fa\u00f1ez, Medell\u00edn, diciembre 7 de 2017 El primero de agosto de 2016 se posesion\u00f3 como fiscal N\u00e9stor Humberto Mart\u00ednez Neira. Desde entonces ha sido cuestionado por su inmenso poder y las relaciones que le permitieron llegar a ese cargo. Antes hab\u00eda sido Ministro de la Presidencia, cargo creado a su medida tras el triunfo [&hellip;]<\/p>\n","protected":false},"author":1,"featured_media":14056,"comment_status":"open","ping_status":"open","sticky":false,"template":"","format":"standard","meta":{"advanced_seo_description":"","jetpack_seo_html_title":"","jetpack_seo_noindex":false,"_jetpack_memberships_contains_paid_content":false,"footnotes":""},"categories":[102,97,98],"tags":[],"class_list":["post-14055","post","type-post","status-publish","format-standard","has-post-thumbnail","hentry","category-economia","category-imperialismo-y-neoliberalismo","category-politica"],"jetpack_featured_media_url":"https:\/\/i0.wp.com\/moir.com.co\/web\/wp-content\/uploads\/2017\/12\/fiscageneralColombia.jpg?fit=850%2C492&ssl=1","jetpack-related-posts":[{"id":12878,"url":"https:\/\/moir.com.co\/web\/el-colmo-del-fiscal-que-sea-capturado-por-corrupto-su-fiscal-anticorrupcion\/","url_meta":{"origin":14055,"position":0},"title":"El colmo del Fiscal: que sea capturado por corrupto su fiscal anticorrupci\u00f3n","author":"admin","date":"julio 14, 2017","format":false,"excerpt":"Patricia Cifuentes, Bogot\u00e1, julio 14 de 2017 Mucho se ha comentado sobre la reciente captura, por corrupto, del fiscal anticorrupci\u00f3n. Los colombianos ven entre sorprendidos e indignados c\u00f3mo N\u00e9stor Humberto Mart\u00ednez Neira, Fiscal General de la Naci\u00f3n, se lava las manos utilizando un \u201cme fue infiel\u201d, muy por el estilo\u2026","rel":"","context":"En \u00abImperialismo y Neoliberalismo\u00bb","block_context":{"text":"Imperialismo y Neoliberalismo","link":"https:\/\/moir.com.co\/web\/category\/temas\/imperialismo-y-neoliberalismo\/"},"img":{"alt_text":"","src":"","width":0,"height":0},"classes":[]},{"id":14148,"url":"https:\/\/moir.com.co\/web\/el-fiscal-personaje-del-ano-o-del-dano\/","url_meta":{"origin":14055,"position":1},"title":"El Fiscal: \u00bfPersonaje del a\u00f1o o del da\u00f1o?","author":"admin","date":"diciembre 20, 2017","format":false,"excerpt":"Andr\u00e9s Pach\u00f3n, Bogot\u00e1, diciembre 19 de 2017 Se acaba el a\u00f1o 2017 y es momento de hacer balances, entre ellos la selecci\u00f3n del personaje del a\u00f1o. En Colombia existe gente talentosa y sobresaliente que bien podr\u00eda ocupar esa distinguida designaci\u00f3n. Por ejemplo, prodigiosos deportistas como Rigoberto Ur\u00e1n, Mariana Paj\u00f3n, Jossimar\u2026","rel":"","context":"En \u00abPol\u00edtica\u00bb","block_context":{"text":"Pol\u00edtica","link":"https:\/\/moir.com.co\/web\/category\/temas\/politica\/"},"img":{"alt_text":"","src":"https:\/\/i0.wp.com\/moir.com.co\/web\/wp-content\/uploads\/2017\/12\/fiscaldan%CC%83o.jpg?fit=1024%2C600&ssl=1&resize=350%2C200","width":350,"height":200,"srcset":"https:\/\/i0.wp.com\/moir.com.co\/web\/wp-content\/uploads\/2017\/12\/fiscaldan%CC%83o.jpg?fit=1024%2C600&ssl=1&resize=350%2C200 1x, https:\/\/i0.wp.com\/moir.com.co\/web\/wp-content\/uploads\/2017\/12\/fiscaldan%CC%83o.jpg?fit=1024%2C600&ssl=1&resize=525%2C300 1.5x, https:\/\/i0.wp.com\/moir.com.co\/web\/wp-content\/uploads\/2017\/12\/fiscaldan%CC%83o.jpg?fit=1024%2C600&ssl=1&resize=700%2C400 2x"},"classes":[]},{"id":12291,"url":"https:\/\/moir.com.co\/web\/los-elefantes-del-fiscal-en-odebrecht\/","url_meta":{"origin":14055,"position":2},"title":"Los elefantes del Fiscal en Odebrecht","author":"admin","date":"mayo 5, 2017","format":false,"excerpt":"Jorge Enrique Robledo, Bogot\u00e1, mayo5 de 2017 Para\u00a0evadir el debate sobre Odebrecht en el Senado, el Fiscal Mart\u00ednez Neira\u00a0dijo\u00a0que no pod\u00eda asistir porque se trataba de asuntos de la Justicia. Mas el pretexto no le\u00a0impidi\u00f3\u00a0distribuir\u00a0un texto que los medios, enga\u00f1ados,\u00a0presentaron como sus respuestas a mi cuestionario. Porque,\u00a0como bien\u00a0lo explic\u00f3\u00a0Antonio Caballero,\u00a0\u201clo\u2026","rel":"","context":"En \u00abEconom\u00eda\u00bb","block_context":{"text":"Econom\u00eda","link":"https:\/\/moir.com.co\/web\/category\/temas\/economia\/"},"img":{"alt_text":"","src":"","width":0,"height":0},"classes":[]},{"id":13571,"url":"https:\/\/moir.com.co\/web\/en-colombia-si-hay-un-pacto-de-impunidad\/","url_meta":{"origin":14055,"position":3},"title":"En Colombia s\u00ed hay un pacto de impunidad","author":"admin","date":"octubre 21, 2017","format":false,"excerpt":"Jorge Enrique Robledo, Bogot\u00e1, octubre 20 de 2017 De las denuncias en el debate sobre los casos Odebrecht y el Cartel de las Togas, la justicia debe investigar a fondo, entre otros, los siguientes hechos, cosa que hoy impide un poderoso acuerdo de impunidad. Los sobornos del Consorcio Ruta del\u2026","rel":"","context":"En \u00abEconom\u00eda\u00bb","block_context":{"text":"Econom\u00eda","link":"https:\/\/moir.com.co\/web\/category\/temas\/economia\/"},"img":{"alt_text":"","src":"https:\/\/i0.wp.com\/moir.com.co\/web\/wp-content\/uploads\/2017\/10\/robledoimpunidad.jpeg?fit=639%2C426&ssl=1&resize=350%2C200","width":350,"height":200,"srcset":"https:\/\/i0.wp.com\/moir.com.co\/web\/wp-content\/uploads\/2017\/10\/robledoimpunidad.jpeg?fit=639%2C426&ssl=1&resize=350%2C200 1x, https:\/\/i0.wp.com\/moir.com.co\/web\/wp-content\/uploads\/2017\/10\/robledoimpunidad.jpeg?fit=639%2C426&ssl=1&resize=525%2C300 1.5x"},"classes":[]},{"id":17020,"url":"https:\/\/moir.com.co\/web\/el-senador-robledo-le-exige-a-duque-santos-uribe-pastrana-gaviria-y-vargas-no-sostener-mas-en-el-cargo-al-fiscal-martinez\/","url_meta":{"origin":14055,"position":4},"title":"El Senador Robledo le exige a Duque, Santos, Uribe, Pastrana, Gaviria y Vargas no sostener m\u00e1s en el cargo al Fiscal Mart\u00ednez","author":"admin","date":"febrero 27, 2019","format":false,"excerpt":"Oficina de prensa del senador Jorge Enrique Robledo, Bogot\u00e1, febrero 27 de 2019 En Carta abierta, el senador Jorge Enrique Robledo llama a Iv\u00e1n Duque, Juan Manuel Santos, \u00c1lvaro Uribe, Andr\u00e9s Pastrana, C\u00e9sar Gaviria y Germ\u00e1n Vargas a no sostener m\u00e1s en el cargo a N\u00e9stor Humberto Mart\u00ednez, porque los\u2026","rel":"","context":"En \u00abEconom\u00eda\u00bb","block_context":{"text":"Econom\u00eda","link":"https:\/\/moir.com.co\/web\/category\/temas\/economia\/"},"img":{"alt_text":"","src":"https:\/\/i0.wp.com\/moir.com.co\/web\/wp-content\/uploads\/2018\/11\/fiscalcorruptorobledo.jpeg?fit=1034%2C529&ssl=1&resize=350%2C200","width":350,"height":200,"srcset":"https:\/\/i0.wp.com\/moir.com.co\/web\/wp-content\/uploads\/2018\/11\/fiscalcorruptorobledo.jpeg?fit=1034%2C529&ssl=1&resize=350%2C200 1x, https:\/\/i0.wp.com\/moir.com.co\/web\/wp-content\/uploads\/2018\/11\/fiscalcorruptorobledo.jpeg?fit=1034%2C529&ssl=1&resize=525%2C300 1.5x, https:\/\/i0.wp.com\/moir.com.co\/web\/wp-content\/uploads\/2018\/11\/fiscalcorruptorobledo.jpeg?fit=1034%2C529&ssl=1&resize=700%2C400 2x"},"classes":[]},{"id":13568,"url":"https:\/\/moir.com.co\/web\/colombianos-derrotemos-el-pacto-de-corrupcion-e-impunidad-transcripcion-video\/","url_meta":{"origin":14055,"position":5},"title":"\u00a1Colombianos, derrotemos el pacto de corrupci\u00f3n e impunidad\u00a1 [Transcripci\u00f3n + Video]","author":"admin","date":"octubre 20, 2017","format":false,"excerpt":"Intervenci\u00f3n del senador Jorge Enrique Robledo en la plenaria del Senado el 17 de octubre de 2017 en el debate sobre los esc\u00e1ndalos de corrupci\u00f3n. Un saludo al ministro del Interior, a los colegas, senadores y senadoras, a los colombianos que nos escuchan por los distintos medios, a todos mis\u2026","rel":"","context":"En \u00abEconom\u00eda\u00bb","block_context":{"text":"Econom\u00eda","link":"https:\/\/moir.com.co\/web\/category\/temas\/economia\/"},"img":{"alt_text":"","src":"https:\/\/i0.wp.com\/moir.com.co\/web\/wp-content\/uploads\/2017\/10\/robledodebatecorrupcion2017.png?fit=672%2C517&ssl=1&resize=350%2C200","width":350,"height":200,"srcset":"https:\/\/i0.wp.com\/moir.com.co\/web\/wp-content\/uploads\/2017\/10\/robledodebatecorrupcion2017.png?fit=672%2C517&ssl=1&resize=350%2C200 1x, https:\/\/i0.wp.com\/moir.com.co\/web\/wp-content\/uploads\/2017\/10\/robledodebatecorrupcion2017.png?fit=672%2C517&ssl=1&resize=525%2C300 1.5x"},"classes":[]}],"jetpack_sharing_enabled":true,"_links":{"self":[{"href":"https:\/\/moir.com.co\/web\/wp-json\/wp\/v2\/posts\/14055","targetHints":{"allow":["GET"]}}],"collection":[{"href":"https:\/\/moir.com.co\/web\/wp-json\/wp\/v2\/posts"}],"about":[{"href":"https:\/\/moir.com.co\/web\/wp-json\/wp\/v2\/types\/post"}],"author":[{"embeddable":true,"href":"https:\/\/moir.com.co\/web\/wp-json\/wp\/v2\/users\/1"}],"replies":[{"embeddable":true,"href":"https:\/\/moir.com.co\/web\/wp-json\/wp\/v2\/comments?post=14055"}],"version-history":[{"count":1,"href":"https:\/\/moir.com.co\/web\/wp-json\/wp\/v2\/posts\/14055\/revisions"}],"predecessor-version":[{"id":14057,"href":"https:\/\/moir.com.co\/web\/wp-json\/wp\/v2\/posts\/14055\/revisions\/14057"}],"wp:featuredmedia":[{"embeddable":true,"href":"https:\/\/moir.com.co\/web\/wp-json\/wp\/v2\/media\/14056"}],"wp:attachment":[{"href":"https:\/\/moir.com.co\/web\/wp-json\/wp\/v2\/media?parent=14055"}],"wp:term":[{"taxonomy":"category","embeddable":true,"href":"https:\/\/moir.com.co\/web\/wp-json\/wp\/v2\/categories?post=14055"},{"taxonomy":"post_tag","embeddable":true,"href":"https:\/\/moir.com.co\/web\/wp-json\/wp\/v2\/tags?post=14055"}],"curies":[{"name":"wp","href":"https:\/\/api.w.org\/{rel}","templated":true}]}}