{"id":14049,"date":"2017-12-07T22:44:17","date_gmt":"2017-12-07T22:44:17","guid":{"rendered":"https:\/\/moir.org.co\/web\/?p=14049"},"modified":"2017-12-07T22:44:17","modified_gmt":"2017-12-07T22:44:17","slug":"video-robledo-tiene-la-berraquera-para-gobernar-este-pais-recorrido-por-usme","status":"publish","type":"post","link":"https:\/\/moir.com.co\/web\/video-robledo-tiene-la-berraquera-para-gobernar-este-pais-recorrido-por-usme\/","title":{"rendered":"Video: &#8220;Robledo tiene la berraquera para gobernar este pa\u00eds&#8221;. Recorrido por Usme"},"content":{"rendered":"<p>El Candidato Presidencial del Polo, Jorge Robledo, visit\u00f3 la localidad de Usme en Bogot\u00e1, d\u00f3nde tuvo la oportunidad de recorrer parte de la cabecera rural de la capital, desconocida por muchos.\u00a0Publicado el 7 de diciembre de 2017<\/p>\n","protected":false},"excerpt":{"rendered":"<p>El Candidato Presidencial del Polo, Jorge Robledo, visit\u00f3 la localidad de Usme en Bogot\u00e1, d\u00f3nde tuvo la oportunidad de recorrer parte de la cabecera rural de la capital, desconocida por muchos.\u00a0Publicado el 7 de diciembre de 2017<\/p>\n","protected":false},"author":1,"featured_media":0,"comment_status":"open","ping_status":"open","sticky":false,"template":"","format":"video","meta":{"advanced_seo_description":"","jetpack_seo_html_title":"","jetpack_seo_noindex":false,"_jetpack_memberships_contains_paid_content":false,"footnotes":""},"categories":[101,102,97,4,98,111],"tags":[],"class_list":["post-14049","post","type-post","status-publish","format-video","hentry","category-bogota","category-economia","category-imperialismo-y-neoliberalismo","category-jorge-enrique-robledo","category-politica","category-vivienda-y-desarrollo-urbano","post_format-post-format-video"],"jetpack_featured_media_url":"","jetpack-related-posts":[{"id":3784,"url":"https:\/\/moir.com.co\/web\/reunion-con-el-senador-robledo-en-la-localidad-de-usme-bogota-noviembre-19-de-2009\/","url_meta":{"origin":14049,"position":0},"title":"Reuni\u00f3n con el senador Robledo en la Localidad de Usme, Bogot\u00e1, noviembre 19 de 2009","author":"admin","date":"noviembre 19, 2009","format":false,"excerpt":"","rel":"","context":"En \u00abGaler\u00edas\u00bb","block_context":{"text":"Galer\u00edas","link":"https:\/\/moir.com.co\/web\/category\/multimedia\/galerias\/"},"img":{"alt_text":"","src":"","width":0,"height":0},"classes":[]},{"id":3997,"url":"https:\/\/moir.com.co\/web\/acto-de-la-campana-del-senador-robledo-en-la-localidad-de-usme-bogota-enero-28-de-2010\/","url_meta":{"origin":14049,"position":1},"title":"Acto de la campa\u00f1a del senador Robledo en la Localidad de Usme, Bogot\u00e1, enero 28 de 2010","author":"admin","date":"enero 28, 2010","format":false,"excerpt":"","rel":"","context":"En \u00abGaler\u00edas\u00bb","block_context":{"text":"Galer\u00edas","link":"https:\/\/moir.com.co\/web\/category\/multimedia\/galerias\/"},"img":{"alt_text":"","src":"","width":0,"height":0},"classes":[]},{"id":3453,"url":"https:\/\/moir.com.co\/web\/acto-de-la-campana-de-carlos-gaviria-diaz-en-la-localidad-de-usme-bogota-domingo-agosto-30-de-2009\/","url_meta":{"origin":14049,"position":2},"title":"Acto de la campa\u00f1a de Carlos Gaviria D\u00edaz en la Localidad de Usme, Bogot\u00e1, domingo agosto 30 de 2009","author":"admin","date":"agosto 30, 2009","format":false,"excerpt":"","rel":"","context":"En \u00abGaler\u00edas\u00bb","block_context":{"text":"Galer\u00edas","link":"https:\/\/moir.com.co\/web\/category\/multimedia\/galerias\/"},"img":{"alt_text":"","src":"","width":0,"height":0},"classes":[]},{"id":3456,"url":"https:\/\/moir.com.co\/web\/acto-de-la-campana-de-carlos-gaviria-diaz-en-la-localidad-de-usme-bogota-foto-no-2-domingo-agosto-30-de-2009\/","url_meta":{"origin":14049,"position":3},"title":"Acto de la campa\u00f1a de Carlos Gaviria D\u00edaz en la Localidad de Usme, Bogot\u00e1, foto N\u00ba 2, domingo agosto 30 de 2009","author":"admin","date":"agosto 30, 2009","format":false,"excerpt":"","rel":"","context":"En \u00abGaler\u00edas\u00bb","block_context":{"text":"Galer\u00edas","link":"https:\/\/moir.com.co\/web\/category\/multimedia\/galerias\/"},"img":{"alt_text":"","src":"","width":0,"height":0},"classes":[]},{"id":12701,"url":"https:\/\/moir.com.co\/web\/con-penalosa-la-mortalidad-infantil-aumento-en-las-localidades-mas-pobres-de-bogota\/","url_meta":{"origin":14049,"position":4},"title":"Con Pe\u00f1alosa, la mortalidad infantil aument\u00f3 en las localidades m\u00e1s pobres de Bogot\u00e1","author":"admin","date":"junio 14, 2017","format":false,"excerpt":"Oficina de prensa del concejal Manuel Sarmiento, Bogot\u00e1, junio 13 de 2017 En el primer a\u00f1o de Pe\u00f1alosa se deterioraron varios indicadores de salud p\u00fablica. La mortalidad infantil aument\u00f3 en Ciudad Bol\u00edvar, Bosa y Usme, otra prueba del fracaso de su pol\u00edtica. El concejal Manuel Sarmiento manifest\u00f3 su preocupaci\u00f3n por\u2026","rel":"","context":"En \u00abBogot\u00e1\u00bb","block_context":{"text":"Bogot\u00e1","link":"https:\/\/moir.com.co\/web\/category\/temas\/bogota\/"},"img":{"alt_text":"","src":"https:\/\/i0.wp.com\/moir.org.co\/web\/wp-content\/uploads\/2017\/06\/bogotacuadrosalud.png?resize=350%2C200&ssl=1","width":350,"height":200,"srcset":"https:\/\/i0.wp.com\/moir.org.co\/web\/wp-content\/uploads\/2017\/06\/bogotacuadrosalud.png?resize=350%2C200&ssl=1 1x, https:\/\/i0.wp.com\/moir.org.co\/web\/wp-content\/uploads\/2017\/06\/bogotacuadrosalud.png?resize=525%2C300&ssl=1 1.5x, https:\/\/i0.wp.com\/moir.org.co\/web\/wp-content\/uploads\/2017\/06\/bogotacuadrosalud.png?resize=700%2C400&ssl=1 2x"},"classes":[]},{"id":9040,"url":"https:\/\/moir.com.co\/web\/programa-radial-de-tribuna-magisterial-enero-25-de-2015\/","url_meta":{"origin":14049,"position":5},"title":"Programa Radial de Tribuna Magisterial, enero 25 de 2015","author":"admin","date":"enero 27, 2015","format":false,"excerpt":"Nuestro programa radial Tribuna Magisterial del domingo 26 de enero tuvo los siguientes temas: Editorial: Mar\u00eda Antonieta Cano, directora del programa y directiva de la ADE, ley\u00f3 un art\u00edculo del dirigente manizale\u00f1o Dar\u00edo Arenas sobre la farsa de las 10 mil becas del gobierno de Santos. Espacio con el senador\u2026","rel":"","context":"En \u00abTribuna Magisterial\u00bb","block_context":{"text":"Tribuna Magisterial","link":"https:\/\/moir.com.co\/web\/category\/tribuna-magisterial\/"},"img":{"alt_text":"","src":"","width":0,"height":0},"classes":[]}],"jetpack_sharing_enabled":true,"_links":{"self":[{"href":"https:\/\/moir.com.co\/web\/wp-json\/wp\/v2\/posts\/14049","targetHints":{"allow":["GET"]}}],"collection":[{"href":"https:\/\/moir.com.co\/web\/wp-json\/wp\/v2\/posts"}],"about":[{"href":"https:\/\/moir.com.co\/web\/wp-json\/wp\/v2\/types\/post"}],"author":[{"embeddable":true,"href":"https:\/\/moir.com.co\/web\/wp-json\/wp\/v2\/users\/1"}],"replies":[{"embeddable":true,"href":"https:\/\/moir.com.co\/web\/wp-json\/wp\/v2\/comments?post=14049"}],"version-history":[{"count":1,"href":"https:\/\/moir.com.co\/web\/wp-json\/wp\/v2\/posts\/14049\/revisions"}],"predecessor-version":[{"id":14050,"href":"https:\/\/moir.com.co\/web\/wp-json\/wp\/v2\/posts\/14049\/revisions\/14050"}],"wp:attachment":[{"href":"https:\/\/moir.com.co\/web\/wp-json\/wp\/v2\/media?parent=14049"}],"wp:term":[{"taxonomy":"category","embeddable":true,"href":"https:\/\/moir.com.co\/web\/wp-json\/wp\/v2\/categories?post=14049"},{"taxonomy":"post_tag","embeddable":true,"href":"https:\/\/moir.com.co\/web\/wp-json\/wp\/v2\/tags?post=14049"}],"curies":[{"name":"wp","href":"https:\/\/api.w.org\/{rel}","templated":true}]}}