{"id":14046,"date":"2017-12-06T23:18:00","date_gmt":"2017-12-06T23:18:00","guid":{"rendered":"https:\/\/moir.org.co\/web\/?p=14046"},"modified":"2017-12-06T23:18:00","modified_gmt":"2017-12-06T23:18:00","slug":"consorcio-aguas-del-sur-del-atlantico-a-la-picota-publica","status":"publish","type":"post","link":"https:\/\/moir.com.co\/web\/consorcio-aguas-del-sur-del-atlantico-a-la-picota-publica\/","title":{"rendered":"Consorcio Aguas del Sur del Atl\u00e1ntico a la picota p\u00fablica"},"content":{"rendered":"<p><strong>Norman Alarc\u00f3n Rodas, Barranquilla, diciembre 6 de 2017<\/strong><\/p>\n<p>Hace siete a\u00f1os, cuando se rompi\u00f3 el Canal de Dique por el fuerte invierno relacionado con el fen\u00f3meno de La Ni\u00f1a y la imprevisi\u00f3n oficial, el boquete que se abri\u00f3 de casi 150 metros ocasion\u00f3 la mayor inundaci\u00f3n hist\u00f3rica en los siete municipios del sur del Atl\u00e1ntico llenando de penalidades a m\u00e1s de cien mil habitantes que perdieron cultivos, viviendas, acueductos, escuelas, animales y hospitales. Con recursos p\u00fablicos del Fondo Nacional de Adaptaci\u00f3n y de la Gobernaci\u00f3n del Atl\u00e1ntico se han venido haciendo inversiones del orden de $47.265 millones, buena parte de ellas en acueductos y plantas de tratamiento de aguas residuales.<\/p>\n<p>Desde hace varios a\u00f1os se hab\u00eda organizado la empresa Acueducto Regional del Sur del Atl\u00e1ntico S.A. (Aresur), que abri\u00f3 licitaci\u00f3n hace unos meses en b\u00fasqueda de un operador especializado. Qued\u00f3 al final un solo proponente, Consorcio Aguas del Sur del Atl\u00e1ntico, del que hacen parte dos componentes, la espa\u00f1ola Aguas de Valencia, con asiento en esa ciudad, y otras cuatro firmas controladas por Francisco Olmos, cada parte con el 50 por ciento de las acciones. La pol\u00e9mica no se hizo esperar.<\/p>\n<div class=\"code-block code-block-5\"><\/div>\n<div class=\"code-block code-block-1\"><\/div>\n<p>El personaje de marras, Francisco Olmos, quien desembarc\u00f3 en Barranquilla en 1995, ha tenido que ver con manejos nada claros relacionados con la Triple A de Barranquilla, empresa que sufri\u00f3 un despojo patrimonial en septiembre de 1996 cuando el alcalde \u00c9dgar George, de manera ilegal, vari\u00f3 la composici\u00f3n accionaria de Triple A entreg\u00e1ndole buena parte de las mismas a Inassa S.A., controlada por Aguas de Barcelona e inversionistas privados y que fue creada el mismo d\u00eda con un capital de un mill\u00f3n de pesos. En octubre de 1996, Francisco Olmos ya fung\u00eda de gerente general de Triple A, cargo que ostent\u00f3 hasta mayo de 2002. Pas\u00f3 despu\u00e9s a ser presidente ejecutivo de Inassa, cuando ya el Canal de Isabel II de Madrid se la hab\u00eda apropiado tras un negocio truculento en Panam\u00e1 con firmas de fachada. Por esta raz\u00f3n, Francisco Olmos est\u00e1 hoy investigado en Espa\u00f1a en el marco de la \u201cOperaci\u00f3n Lezo\u201d y est\u00e1 citado en estos d\u00edas decembrinos para que responda por cargos como corrupci\u00f3n, blanqueo de capitales y malversaci\u00f3n de caudales p\u00fablicos, entre otros. En la adjudicaci\u00f3n de este jugoso contrato, las autoridades colombianas no tuvieron en cuenta el prontuario que le tienen los jueces espa\u00f1oles a personajes como este. Tampoco analizaron la evoluci\u00f3n de empresas de Olmos como Naunet, que presta p\u00e9simos servicios en Maicao y Albania (La Guajira) y en Aracataca y Fundaci\u00f3n (Magdalena).<\/p>\n<div class=\"code-block code-block-8\"><\/div>\n<p><strong>Condiciones leoninas del contrato<\/strong><\/p>\n<p>En los 20 a\u00f1os iniciales de la concesi\u00f3n, el consorcio promete inversiones por $28.667 millones, $1.433,35 millones anuales. En contraprestaci\u00f3n, los municipios de Luruaco, Repel\u00f3n, Manat\u00ed, Campo de la Cruz, Santa Luc\u00eda y Candelaria le entregar\u00e1n $172.153 millones en el mismo lapso de tiempo, provenientes\u00a0 de los aportes del Sistema General de Participaciones ordenados por la Ley 1176 de 2007, o la que la sustituya, para cubrir los montos de los subsidios a los estratos 1, 2 y 3, para las inversiones requeridas. Los cobros por agua y alcantarillado ser\u00e1n en promedio de $17.043 por usuario para 30.000 usuarios y sumar\u00e1n anualmente $6.135.480 millones, unos $122.709 millones. Incluidos pagos de usuarios y municipios, el consorcio recibir\u00e1 en 20 a\u00f1os un total de $294.153 millones. Pero puede ser mayor este monto si se tiene en cuenta el informe del portal\u00a0<a href=\"http:\/\/www.zonacero.com\/\" target=\"_blank\" rel=\"noopener\">www.zonacero.com<\/a>\u00a0de que las tarifas ser\u00edan para estrato 1, $30.396; estrato 2, $42.555 y estrato 3, $45.903 con alzas anuales del IPC del Dane.<\/p>\n<p>Otro aspecto preocupante es que el consorcio solo atender\u00e1 a 30.000 usuarios de los 109.856 habitantes del sur del Atl\u00e1ntico, seg\u00fan proyecci\u00f3n del Dane. El alcalde de Repel\u00f3n, Enrique Escobar, se queja de que \u201chubo una trampa\u201d, porque cuatro de sus corregimientos se quedaron por fuera de la atenci\u00f3n de la concesi\u00f3n. El compromiso de llevar agua las 24 horas del d\u00eda en varios a\u00f1os y cobertura de acueducto en 5 a\u00f1os del 99% deja mucho que desear. Pero lo peor es que en cuatro a\u00f1os, el consorcio solo se compromete a llevar la cobertura de alcantarillado al 60%, lo que es muestra palpable de las malas condiciones de vida en que se debaten estos compatriotas golpeados por la naturaleza y mucho m\u00e1s por las pol\u00edticas de los gobiernos de turno, y que distan mucho de ser mejoradas con contratos tan perversos como estos. Para rematar, Aguas de Valencia es la n\u00famero uno en Espa\u00f1a en la medici\u00f3n inteligente digital del consumo del agua, para que no se les escape ni una gota en los cobros por venir en el atribulado sur del Atl\u00e1ntico. Pero poco a poco va el agua al c\u00e1ntaro\u2026<\/p>\n","protected":false},"excerpt":{"rendered":"<p>Norman Alarc\u00f3n Rodas, Barranquilla, diciembre 6 de 2017 Hace siete a\u00f1os, cuando se rompi\u00f3 el Canal de Dique por el fuerte invierno relacionado con el fen\u00f3meno de La Ni\u00f1a y la imprevisi\u00f3n oficial, el boquete que se abri\u00f3 de casi 150 metros ocasion\u00f3 la mayor inundaci\u00f3n hist\u00f3rica en los siete municipios del sur del Atl\u00e1ntico [&hellip;]<\/p>\n","protected":false},"author":1,"featured_media":14047,"comment_status":"open","ping_status":"open","sticky":false,"template":"","format":"standard","meta":{"advanced_seo_description":"","jetpack_seo_html_title":"","jetpack_seo_noindex":false,"_jetpack_memberships_contains_paid_content":false,"footnotes":""},"categories":[102,97,98,108],"tags":[],"class_list":["post-14046","post","type-post","status-publish","format-standard","has-post-thumbnail","hentry","category-economia","category-imperialismo-y-neoliberalismo","category-politica","category-servicios-publicos-articulos-de-actualidad"],"jetpack_featured_media_url":"https:\/\/i0.wp.com\/moir.com.co\/web\/wp-content\/uploads\/2017\/12\/aguasuratlantico.jpg?fit=699%2C500&ssl=1","jetpack-related-posts":[{"id":6761,"url":"https:\/\/moir.com.co\/web\/damnificados-del-invierno-en-sur-del-atlantico-protestan-hoy-por-desidia-oficial-en-obras-de-rehabilitacion\/","url_meta":{"origin":14046,"position":0},"title":"Damnificados del invierno en sur del Atl\u00e1ntico protestan hoy por desidia oficial en obras de rehabilitaci\u00f3n","author":"admin","date":"agosto 14, 2012","format":false,"excerpt":"Siete mil hect\u00e1reas todav\u00eda bajo las aguas en Manat\u00ed, Santa Luc\u00eda y Candelaria. De siete motobombas, solo funciona una. Pobreza absoluta e indignaci\u00f3n general. Denunciando que las obras de rehabilitaci\u00f3n se encuentran todav\u00eda en pa\u00f1ales, confluyen hoy al municipio de Campo de la Cruz, sur del Atl\u00e1ntico, los pobladores de\u2026","rel":"","context":"En \u00abJorge Enrique Robledo\u00bb","block_context":{"text":"Jorge Enrique Robledo","link":"https:\/\/moir.com.co\/web\/category\/jorge-enrique-robledo\/"},"img":{"alt_text":"","src":"","width":0,"height":0},"classes":[]},{"id":13532,"url":"https:\/\/moir.com.co\/web\/inassa-triple-a-de-barranquilla-al-banquillo-y-quiere-expandirse-al-sur-del-atlantico\/","url_meta":{"origin":14046,"position":1},"title":"Inassa-Triple A de Barranquilla al banquillo. Y quiere expandirse al sur del Atl\u00e1ntico","author":"admin","date":"octubre 17, 2017","format":false,"excerpt":"Norman Alarc\u00f3n Rodas, Barranquilla, octubre 17 de 2017 Seis meses despu\u00e9s de que fueran detenidos en Espa\u00f1a por graves desfalcos altos directivos del Canal de Isabel II de la Comunidad de Madrid y de su filial en Am\u00e9rica Latina, Inassa S.A. \u2013empresas con mayor\u00eda accionaria en la Triple A de\u2026","rel":"","context":"En \u00abEconom\u00eda\u00bb","block_context":{"text":"Econom\u00eda","link":"https:\/\/moir.com.co\/web\/category\/temas\/economia\/"},"img":{"alt_text":"","src":"","width":0,"height":0},"classes":[]},{"id":5265,"url":"https:\/\/moir.com.co\/web\/se-organizan-los-damnificados-por-las-inundaciones-del-canal-del-dique\/","url_meta":{"origin":14046,"position":2},"title":"Se organizan los damnificados por las inundaciones del Canal del Dique","author":"admin","date":"febrero 10, 2011","format":false,"excerpt":"Asamblea el 13 de febrero en Sabanalarga Una asamblea de damnificados por la tragedia invernal en los departamentos de Atl\u00e1ntico y Bol\u00edvar tendr\u00e1 lugar en la Casa de la Cultura de Sabanalarga, Atl\u00e1ntico, el domingo 13 de febrero a la una de la tarde. La reuni\u00f3n est\u00e1 siendo organizada por\u2026","rel":"","context":"En \u00abJorge Enrique Robledo\u00bb","block_context":{"text":"Jorge Enrique Robledo","link":"https:\/\/moir.com.co\/web\/category\/jorge-enrique-robledo\/"},"img":{"alt_text":"","src":"","width":0,"height":0},"classes":[]},{"id":19981,"url":"https:\/\/moir.com.co\/web\/la-costa-atlantica-condena-a-la-sed\/","url_meta":{"origin":14046,"position":3},"title":"LA COSTA ATL\u00c1NTICA CONDENA A LA SED","author":"admin","date":"agosto 29, 2004","format":false,"excerpt":"M\u00e1s de cincuenta poblaciones de la Costa se encuentran abocadas a vivir sin agua potable ante la indiferencia y los serruchos de institutos oficiales de fomento y las empresas de servicios p\u00fablicos. Incontables marchas de ollas vac\u00edas recorren pueblos y veredas al grito de \u201c\u00a1agua, agua!\u201d y su pedido recibe\u2026","rel":"","context":"En \u00abTribuna Roja N\u00ba 19, segunda quincena de febrero de 1976\u00bb","block_context":{"text":"Tribuna Roja N\u00ba 19, segunda quincena de febrero de 1976","link":"https:\/\/moir.com.co\/web\/category\/tribuna-roja\/ediciones-1975-1979\/tribuna-roja-no-19-segunda-quincena-de-febrero-de-1976\/"},"img":{"alt_text":"","src":"","width":0,"height":0},"classes":[]},{"id":7048,"url":"https:\/\/moir.com.co\/web\/dos-anos-de-desidia-y-abandono-estatal-en-el-sur-del-atlantico\/","url_meta":{"origin":14046,"position":4},"title":"Dos a\u00f1os de desidia y abandono estatal en el sur del Atl\u00e1ntico","author":"admin","date":"diciembre 2, 2012","format":false,"excerpt":"M\u00e1s de 150 mil habitantes del cono sur del departamento del Atl\u00e1ntico vivieron a partir del 30 de noviembre de 2010 la m\u00e1s dif\u00edcil de las experiencias al romperse el Canal del Dique a la altura de Santa Luc\u00eda y abrir un boquete de 240 metros de ancho por donde\u2026","rel":"","context":"En \u00abPronunciamientos de Organizaciones Sociales\u00bb","block_context":{"text":"Pronunciamientos de Organizaciones Sociales","link":"https:\/\/moir.com.co\/web\/category\/pronunciamientos-de-organizaciones-sociales\/"},"img":{"alt_text":"","src":"","width":0,"height":0},"classes":[]},{"id":19301,"url":"https:\/\/moir.com.co\/web\/balance-agridulce-de-triple-a-barranquilla-2020-altisimas-tarifas-y-bajo-control-de-aguas-residuales\/","url_meta":{"origin":14046,"position":5},"title":"Balance agridulce de Triple A Barranquilla 2020: alt\u00edsimas tarifas y bajo control de aguas residuales","author":"admin","date":"septiembre 17, 2021","format":false,"excerpt":"Norman Alarc\u00f3n Rodas, Barranquilla, julio 15 de 2021 Cada a\u00f1o, cuando se conocen los balances de las empresas, se presenta la oportunidad propicia para analizar en contexto sus resultados econ\u00f3micos, sociales, financieros y operativos, entre otros. Particularmente he observado desde hace unos a\u00f1os los logros y deficiencias de la empresa\u2026","rel":"","context":"En \u00abEconom\u00eda\u00bb","block_context":{"text":"Econom\u00eda","link":"https:\/\/moir.com.co\/web\/category\/temas\/economia\/"},"img":{"alt_text":"","src":"https:\/\/i0.wp.com\/moir.com.co\/web\/wp-content\/uploads\/2018\/10\/inassatripleaaa.jpg?fit=1200%2C671&ssl=1&resize=350%2C200","width":350,"height":200,"srcset":"https:\/\/i0.wp.com\/moir.com.co\/web\/wp-content\/uploads\/2018\/10\/inassatripleaaa.jpg?fit=1200%2C671&ssl=1&resize=350%2C200 1x, https:\/\/i0.wp.com\/moir.com.co\/web\/wp-content\/uploads\/2018\/10\/inassatripleaaa.jpg?fit=1200%2C671&ssl=1&resize=525%2C300 1.5x, https:\/\/i0.wp.com\/moir.com.co\/web\/wp-content\/uploads\/2018\/10\/inassatripleaaa.jpg?fit=1200%2C671&ssl=1&resize=700%2C400 2x, https:\/\/i0.wp.com\/moir.com.co\/web\/wp-content\/uploads\/2018\/10\/inassatripleaaa.jpg?fit=1200%2C671&ssl=1&resize=1050%2C600 3x"},"classes":[]}],"jetpack_sharing_enabled":true,"_links":{"self":[{"href":"https:\/\/moir.com.co\/web\/wp-json\/wp\/v2\/posts\/14046","targetHints":{"allow":["GET"]}}],"collection":[{"href":"https:\/\/moir.com.co\/web\/wp-json\/wp\/v2\/posts"}],"about":[{"href":"https:\/\/moir.com.co\/web\/wp-json\/wp\/v2\/types\/post"}],"author":[{"embeddable":true,"href":"https:\/\/moir.com.co\/web\/wp-json\/wp\/v2\/users\/1"}],"replies":[{"embeddable":true,"href":"https:\/\/moir.com.co\/web\/wp-json\/wp\/v2\/comments?post=14046"}],"version-history":[{"count":1,"href":"https:\/\/moir.com.co\/web\/wp-json\/wp\/v2\/posts\/14046\/revisions"}],"predecessor-version":[{"id":14048,"href":"https:\/\/moir.com.co\/web\/wp-json\/wp\/v2\/posts\/14046\/revisions\/14048"}],"wp:featuredmedia":[{"embeddable":true,"href":"https:\/\/moir.com.co\/web\/wp-json\/wp\/v2\/media\/14047"}],"wp:attachment":[{"href":"https:\/\/moir.com.co\/web\/wp-json\/wp\/v2\/media?parent=14046"}],"wp:term":[{"taxonomy":"category","embeddable":true,"href":"https:\/\/moir.com.co\/web\/wp-json\/wp\/v2\/categories?post=14046"},{"taxonomy":"post_tag","embeddable":true,"href":"https:\/\/moir.com.co\/web\/wp-json\/wp\/v2\/tags?post=14046"}],"curies":[{"name":"wp","href":"https:\/\/api.w.org\/{rel}","templated":true}]}}