{"id":1404,"date":"2006-05-24T07:00:00","date_gmt":"2006-05-24T07:00:00","guid":{"rendered":"https:\/\/moir.org.co\/web\/declaracion-del-encuentro-de-solidaridad-con-los-mineros-del-carbon\/"},"modified":"2006-05-24T07:00:00","modified_gmt":"2006-05-24T07:00:00","slug":"declaracion-del-encuentro-de-solidaridad-con-los-mineros-del-carbon","status":"publish","type":"post","link":"https:\/\/moir.com.co\/web\/declaracion-del-encuentro-de-solidaridad-con-los-mineros-del-carbon\/","title":{"rendered":"DECLARACI\u00d3N DEL ENCUENTRO DE SOLIDARIDAD CON LOS MINEROS DEL CARB\u00d3N"},"content":{"rendered":"<p>Las organizaciones y personalidades que acudimos a esta importante convocatoria de la CUT, Funtraenerg\u00e9tica y Sintraminerg\u00e9tica y el Comit\u00e9 por un Cesar Productivo, expresamos nuestro m\u00e1s irrestricto respaldo a la huelga que adelantan los trabajadores de las empresas Drummond, Glencore y Prodeco, en las minas de La Jagua de Ib\u00e9rico y La Loma, Cesar y en los puertos de Cienaga y Santa Marta, Magdalena.<\/p>\n<p>Nos unimos al reclamo de los huelguistas por la consecuci\u00f3n de aumentos salariales justos, la dignificaci\u00f3n de las condiciones de trabajo, la eliminaci\u00f3n de oprobiosas formas de tercerizaci\u00f3n de la mano de obra y aplaudimos el valioso gesto de exigirle a las multinacionales que respondan por los da\u00f1os ambientales que afectan la salud de la comunidad, el desplazamiento de los nativos de su medio y el deterioro de los carreteables de la regi\u00f3n. Habiendo cumplido con todos los requisitos legales en la formulaci\u00f3n de sus justas peticiones, las etapas de negociaci\u00f3n y la declaratoria de huelga, Sintraminerg\u00e9tica debe ser acompa\u00f1ada por todos en el reclamo a los representantes de las empresas y al gobierno nacional, para que solucionen el conflicto y respeten esta leg\u00edtima protesta. <\/p>\n<p>Desde este encuentro manifestamos nuestra voz solidaria con el paro nacional de los empleados de la Rama Judicial, y exhortamos al ministro del interior y la justicia a cumplir los compromisos firmados con Asonal-Judicial el 28 de febrero de 2006 y cesar las amenazas de reprimir los huelguistas.<\/p>\n<p>Asunto de dignidad nacional es declarar que este evento levanta la voz, no solo para manifestar su solidaridad con las huelgas, si no que reivindica para los colombianos la riqueza carbon\u00edfera que usufruct\u00faan las compa\u00f1\u00edas multinacionales. Mientras sus arcas se nutren con cientos de millones de d\u00f3lares, los municipios, los departamentos y la naci\u00f3n reciben unas miserables regal\u00edas que no mitigan los da\u00f1os causados al medio ambiente y a la infraestructura vial y portuaria. Colombia saldr\u00e1 del subdesarrollo, en la medida en que recobre la soberan\u00eda sobre la explotaci\u00f3n de sus recursos naturales estrat\u00e9gicos. Esta condici\u00f3n la haremos realidad con la concreci\u00f3n del m\u00e1s amplio frente de unidad de las fuerzas sociales y pol\u00edticas, que comprometidas con el progreso y el bienestar de los colombianos lleven adelante las sustanciales transformaciones que urge la naci\u00f3n.<\/p>\n<p>Firmas:<\/p>\n<p>Jorge E. Robledo Castillo, Senador del Polo Democr\u00e1tico Alternativo<br \/>\nEduardo Esquivel, Ovelio Jim\u00e9nez, Jorge Luis Duran Pic\u00f3n, Diputados del Cesar<br \/>\nRafael Arrieta, Concejal de Valledupar<br \/>\nCristian Moreno, Candidato a la Gobernaci\u00f3n<br \/>\nJuan Bautista Calder\u00f3n, exdiputado del Cesar<br \/>\nNerio Alvis, candidato a la Alcadia de Valledupar<br \/>\nCUT Nacional, CUT Bolivar, CUT Atlantico, CUT Magdalena, CUT Guajira, CUT Cesar, FECODE, SINTRACARBON, ADUCESAR, ADEM, SINTRAMINERGETICA, FUNTRAENERGETICA, SINALTRAINBEC, SINTRAINQUIGAS, SINTIES, SINALTRAINAL, SINDESS, FENANSITRAS<\/p>\n","protected":false},"excerpt":{"rendered":"<p>Las organizaciones y personalidades que acudimos a esta importante convocatoria de la CUT, Funtraenerg\u00e9tica y Sintraminerg\u00e9tica y el Comit\u00e9 por un Cesar Productivo, expresamos nuestro m\u00e1s irrestricto respaldo a la huelga que adelantan los trabajadores de las empresas Drummond, Glencore y Prodeco, en las minas de La Jagua de Ib\u00e9rico y La Loma, Cesar y [&hellip;]<\/p>\n","protected":false},"author":1,"featured_media":0,"comment_status":"open","ping_status":"open","sticky":false,"template":"","format":"standard","meta":{"advanced_seo_description":"","jetpack_seo_html_title":"","jetpack_seo_noindex":false,"_jetpack_memberships_contains_paid_content":false,"footnotes":""},"categories":[7],"tags":[],"class_list":["post-1404","post","type-post","status-publish","format-standard","hentry","category-pronunciamientos-de-organizaciones-sociales"],"jetpack_featured_media_url":"","jetpack-related-posts":[{"id":10643,"url":"https:\/\/moir.com.co\/web\/los-habitantes-de-san-martin-cesar-defienden-el-agua-y-sus-trabajos\/","url_meta":{"origin":1404,"position":0},"title":"Los habitantes de San Mart\u00edn, Cesar , defienden el agua y sus trabajos","author":"admin","date":"octubre 19, 2016","format":false,"excerpt":"Comit\u00e9 Ejecutivo Nacional del PDA, Bogot\u00e1, octubre 18 de 2016 En la vereda Cuatro Bocas, municipio de San Mart\u00edn, en los l\u00edmites entre Cesar y Santander, se ha adjudicado un bloque a la empresa Conoco Phillips para explotar con la nociva t\u00e9cnica del fracking. Ser\u00eda el primero de 18 bloques\u2026","rel":"","context":"En \u00abImperialismo y Neoliberalismo\u00bb","block_context":{"text":"Imperialismo y Neoliberalismo","link":"https:\/\/moir.com.co\/web\/category\/temas\/imperialismo-y-neoliberalismo\/"},"img":{"alt_text":"","src":"https:\/\/i0.wp.com\/moir.com.co\/web\/wp-content\/uploads\/2016\/10\/frackingsanmartinCesar.jpg?fit=800%2C600&ssl=1&resize=350%2C200","width":350,"height":200,"srcset":"https:\/\/i0.wp.com\/moir.com.co\/web\/wp-content\/uploads\/2016\/10\/frackingsanmartinCesar.jpg?fit=800%2C600&ssl=1&resize=350%2C200 1x, https:\/\/i0.wp.com\/moir.com.co\/web\/wp-content\/uploads\/2016\/10\/frackingsanmartinCesar.jpg?fit=800%2C600&ssl=1&resize=525%2C300 1.5x, https:\/\/i0.wp.com\/moir.com.co\/web\/wp-content\/uploads\/2016\/10\/frackingsanmartinCesar.jpg?fit=800%2C600&ssl=1&resize=700%2C400 2x"},"classes":[]},{"id":4522,"url":"https:\/\/moir.com.co\/web\/convocatoria-foro-minero-en-la-jagua-de-ibirico-cesar-julio-8-de-2010\/","url_meta":{"origin":1404,"position":1},"title":"Convocatoria Foro Minero en la Jagua de Ibirico, Cesar, julio 8 de 2010","author":"admin","date":"julio 2, 2010","format":false,"excerpt":"La alteraci\u00f3n del ambiente laboral en el Cesar y en particular en el sector minero nos lleva a convocar un Foro Minero en el Municipio de La Jagua de Ibirico el pr\u00f3ximo jueves 8 de Julio, a partir de las 10 de la ma\u00f1ana, al cual invitamos a todas las\u2026","rel":"","context":"En \u00abPronunciamientos de Organizaciones Sociales\u00bb","block_context":{"text":"Pronunciamientos de Organizaciones Sociales","link":"https:\/\/moir.com.co\/web\/category\/pronunciamientos-de-organizaciones-sociales\/"},"img":{"alt_text":"","src":"","width":0,"height":0},"classes":[]},{"id":4539,"url":"https:\/\/moir.com.co\/web\/consecuencias-laborales-sociales-y-ambientales-de-la-explotacion-minera-transnacional-en-el-cesar\/","url_meta":{"origin":1404,"position":2},"title":"Consecuencias laborales, sociales y ambientales de la explotaci\u00f2n minera transnacional en el Cesar","author":"admin","date":"julio 7, 2010","format":false,"excerpt":"LA CENTRAL UNITARIA DE TRABAJADORES DEL CESAR, SINTRAMIENERGETICA NACIONAL, SINTRACARB\u00d2N, ADUCESAR, CENTRO DE ESTUDIOS DEL CARB\u00d2N Y LA RED COLOMBIANA FRENTE A LA GRAN MINER\u00cdA TRANSNACIONAL CONVOCAN AL FORO SOBRE \u201cCONSECUENCIAS LABORALES, SOCIALES Y AMBIENTALES DE LA EXPLOTACI\u00d2N MINERA TRANSNACIONAL EN EL CESAR\u201d A REALIZARSE EN LA JAGUA DE IBIRICO\u2026","rel":"","context":"En \u00abPronunciamientos de Organizaciones Sociales\u00bb","block_context":{"text":"Pronunciamientos de Organizaciones Sociales","link":"https:\/\/moir.com.co\/web\/category\/pronunciamientos-de-organizaciones-sociales\/"},"img":{"alt_text":"","src":"","width":0,"height":0},"classes":[]},{"id":2373,"url":"https:\/\/moir.com.co\/web\/la-multinacional-drummond-sobreexplota-y-humilla-a-400-trabajadoras-de-la-cooperativa-servicoctel\/","url_meta":{"origin":1404,"position":3},"title":"LA MULTINACIONAL DRUMMOND SOBREEXPLOTA Y HUMILLA A 400 TRABAJADORAS DE LA COOPERATIVA SERVICOCTEL","author":"admin","date":"junio 7, 2008","format":false,"excerpt":"Central Unitaria de Trabajadores, CUT, Cesar, Valledupar, junio 7 de 2008 La Multinacional Drummond, para suministrar alimentos y servicios generales a sus trabajadores, lo hace a trav\u00e9s de un contrato con la empresa CAVES GHL, la que a su vez subcontrata con la Cooperativa SERVICOCTEL, empresa esta que desarrolla esta\u2026","rel":"","context":"En \u00abPronunciamientos de Organizaciones Sociales\u00bb","block_context":{"text":"Pronunciamientos de Organizaciones Sociales","link":"https:\/\/moir.com.co\/web\/category\/pronunciamientos-de-organizaciones-sociales\/"},"img":{"alt_text":"","src":"","width":0,"height":0},"classes":[]},{"id":9964,"url":"https:\/\/moir.com.co\/web\/la-desviacion-del-rio-san-antonio-por-parte-de-drummond-otra-intervencion-de-alto-impacto-ambiental\/","url_meta":{"origin":1404,"position":4},"title":"La desviaci\u00f3n del r\u00edo San Antonio por parte de Drummond, otra intervenci\u00f3n de alto impacto ambiental","author":"admin","date":"febrero 23, 2016","format":false,"excerpt":"El agotamiento de las reservas carbon\u00edferas despu\u00e9s de 28 a\u00f1os de intensa explotaci\u00f3n del \u00e1rea concesionada en la mina La Loma, no le permite a la multinacional Drummond extraer la cantidad de carb\u00f3n que viene exportando, de all\u00ed que solicite una ampliaci\u00f3n de la zona de extracci\u00f3n y el dep\u00f3sito\u2026","rel":"","context":"En \u00abPronunciamientos de Organizaciones Sociales\u00bb","block_context":{"text":"Pronunciamientos de Organizaciones Sociales","link":"https:\/\/moir.com.co\/web\/category\/pronunciamientos-de-organizaciones-sociales\/"},"img":{"alt_text":"","src":"","width":0,"height":0},"classes":[]},{"id":3565,"url":"https:\/\/moir.com.co\/web\/sindicatos-ue-creen-acuerdo-con-colombia-y-peru-no-recogera-derecho-laboral\/","url_meta":{"origin":1404,"position":5},"title":"Sindicatos UE creen acuerdo con Colombia y Per\u00fa no recoger\u00e1 derecho laboral","author":"admin","date":"septiembre 21, 2009","format":false,"excerpt":"La Confederaci\u00f3n Europea de Sindicatos (CES) se ha manifestado hoy en contra de las negociaciones comerciales que lleva a cabo esta semana en Bruselas la Comisi\u00f3n Europea con Colombia y Per\u00fa, al considerar que un mero tratado de libre comercio no tendr\u00e1 en cuenta los derechos de los trabajadores. La\u2026","rel":"","context":"En \u00ab\u00a1No a los TLC y al ALCA!\u00bb","block_context":{"text":"\u00a1No a los TLC y al ALCA!","link":"https:\/\/moir.com.co\/web\/category\/temas\/no-a-los-tlc-y-al-alca\/"},"img":{"alt_text":"","src":"","width":0,"height":0},"classes":[]}],"jetpack_sharing_enabled":true,"_links":{"self":[{"href":"https:\/\/moir.com.co\/web\/wp-json\/wp\/v2\/posts\/1404","targetHints":{"allow":["GET"]}}],"collection":[{"href":"https:\/\/moir.com.co\/web\/wp-json\/wp\/v2\/posts"}],"about":[{"href":"https:\/\/moir.com.co\/web\/wp-json\/wp\/v2\/types\/post"}],"author":[{"embeddable":true,"href":"https:\/\/moir.com.co\/web\/wp-json\/wp\/v2\/users\/1"}],"replies":[{"embeddable":true,"href":"https:\/\/moir.com.co\/web\/wp-json\/wp\/v2\/comments?post=1404"}],"version-history":[{"count":0,"href":"https:\/\/moir.com.co\/web\/wp-json\/wp\/v2\/posts\/1404\/revisions"}],"wp:attachment":[{"href":"https:\/\/moir.com.co\/web\/wp-json\/wp\/v2\/media?parent=1404"}],"wp:term":[{"taxonomy":"category","embeddable":true,"href":"https:\/\/moir.com.co\/web\/wp-json\/wp\/v2\/categories?post=1404"},{"taxonomy":"post_tag","embeddable":true,"href":"https:\/\/moir.com.co\/web\/wp-json\/wp\/v2\/tags?post=1404"}],"curies":[{"name":"wp","href":"https:\/\/api.w.org\/{rel}","templated":true}]}}