{"id":14022,"date":"2017-12-05T16:49:51","date_gmt":"2017-12-05T16:49:51","guid":{"rendered":"https:\/\/moir.org.co\/web\/?p=14022"},"modified":"2017-12-05T16:49:51","modified_gmt":"2017-12-05T16:49:51","slug":"el-modelo-de-capital-extranjero-en-marihuana-caso-barichara","status":"publish","type":"post","link":"https:\/\/moir.com.co\/web\/el-modelo-de-capital-extranjero-en-marihuana-caso-barichara\/","title":{"rendered":"El modelo de capital extranjero en marihuana: caso Barichara"},"content":{"rendered":"<p><strong>Aurelio Su\u00e1rez Montoya, Bucaramanga, diciembre 5 de 2017<\/strong><\/p>\n<p>Nada m\u00e1s aplaudido en determinados momentos que la Ley 1787 de 2016 por la que tres Ministerios, Salud, Agricultura y Justicia, reglamentar\u00edan conjuntamente todo lo concerniente al control y la regulaci\u00f3n de las actividades de<strong>\u00a0cultivo, producci\u00f3n, fabricaci\u00f3n, adquisici\u00f3n de cualquier t\u00edtulo, importaci\u00f3n, exportaci\u00f3n, almacenamiento, transporte, comercializaci\u00f3n, distribuci\u00f3n, uso y posesi\u00f3n de las semillas de la planta de\u00a0<em>cannabis<\/em>\u00a0<\/strong>y de sus derivados y de los productos que lo contengan con fines medicinales y cient\u00edficos.<br \/>\nA la saz\u00f3n se empez\u00f3 a hablar de que Colombia se convertir\u00eda en una potencia mundial de este producto. \u201cQue podr\u00eda ser un nuevo\u00a0<em>commodity<\/em>\u00a0para el pa\u00eds\u201d, dijo el ministro de Salud, Alejandro Gaviria, al dar a conocer hace un mes que la Junta Internacional de Fiscalizaci\u00f3n de Estupefacientes (JIFE) le abri\u00f3 al pa\u00eds un cupo de 40,5 toneladas de producci\u00f3n, de un total mundial anual licenciado de 155,5. En esa misma l\u00ednea se conoci\u00f3 que seis empresas ya tienen licencia local para producir\u00a0<em>cannabis\u00a0<\/em>(tanto psicoactiva como no psicoactiva) y derivados, unas subsidiarias de compa\u00f1\u00edas internacionales basadas en Canad\u00e1 y otras tres nacionales, alguna tambi\u00e9n en busca de socios de dicho pa\u00eds:\u00a0<strong>Pharmacielo Colombia Holdings S.A.S., Khiron Life Sciences Corp., FCM Global S.A.S, Canmecol S.A.S, Medcann S.A.S. y Cannavida.<\/strong><\/p>\n<p>&nbsp;<\/p>\n<p>Para tal prop\u00f3sito, esta \u00faltima compa\u00f1\u00eda adquiri\u00f3 17 hect\u00e1reas en inmediaciones de la vereda Santa Helena, en el \u00e1rea rural del emblem\u00e1tico municipio de Barichara. La transacci\u00f3n \u2013y es de esperar que se haya efectuado en el marco legal apropiado por ser de hecho tierra en manos extranjeras\u2013 empez\u00f3 a alertar a las comunidades locales y rurales circundantes, cuando vieron en la propiedad de la canadiense excavaciones de pozos subterr\u00e1neos de agua hasta de 80 metros de profundidad.\u00a0<strong>Barichara es un municipio con sentidas situaciones de escasez de agua, cuyas fuentes debe compartir con Villanueva y otros.<\/strong><br \/>\nTales preocupaciones no son infundadas: el cultivo de marihuana, seg\u00fan investigadores de California Department of Fish and Wildlife, acorde con USA Today en agosto de 2015, encontraron que en el Tri\u00e1ngulo Esmeralda,\u00a0<strong>cuatro cuencas hidrogr\u00e1ficas que suplen agua entre 23 mil y 32 mil plantas agotan de 138.000 a 192.000 galones por d\u00eda.<\/strong><\/p>\n<p>Se ratifica que cada planta consume diariamente 6 litros. Si se asume que Cannavida sembrar\u00e1 al menos 10 hect\u00e1reas, a raz\u00f3n de 2.500 plantas por hect\u00e1rea, se podr\u00eda hablar de un gasto cotidiano de al menos 125.000 litros, m\u00e1s de 45.000 metros c\u00fabicos al a\u00f1o, ya que\u00a0<strong>la marihuana \u201ces una planta sedienta\u201d.<\/strong><br \/>\nAdem\u00e1s, el cultivo de marihuana consume altos contenidos de plaguicidas, incluidos los rodeicidas, pues parece atractivo a este g\u00e9nero de animales. La combinaci\u00f3n de agua con este paquete produce al final un torrente de lixiviados que afectan todo el entorno y lo depredan. Su efecto sobre los cafetales, incluidos proyectos de caficultura org\u00e1nica comunitaria, podr\u00eda ser, de concretarse, claramente devastador. Estas consideraciones, y el que en Canad\u00e1 y otros pa\u00edses sea muy costoso producir,\u00a0<strong>han hecho de Colombia, pa\u00eds tropical, un nuevo origen bajo el esquema principal de compa\u00f1\u00edas extranjeras<\/strong>\u00a0que se ubican ac\u00e1, el mismo esquema inicial del caf\u00e9 y del banano y dem\u00e1s g\u00e9neros tropicales en que se decidi\u00f3 encasillarnos bajo el manido principio de \u201cventaja competitiva\u201d.<br \/>\nEn efecto, as\u00ed como en el caf\u00e9 los pa\u00edses productores reciben s\u00f3lo uno de cada 10 d\u00f3lares del consumo final en taza, en la marihuana, acorde con c\u00e1lculos de distintos centros de investigaci\u00f3n, se habla de que los productos finales tendr\u00e1n al menos 60 veces m\u00e1s valor que el producto primo. Es decir, se repite la eterna historia de beneficios for\u00e1neos y costos nacionales, no respetan ni a Barichara.\u00a0<strong>\u00bfHasta cu\u00e1ndo este sistema colonial?<\/strong><\/p>\n","protected":false},"excerpt":{"rendered":"<p>Aurelio Su\u00e1rez Montoya, Bucaramanga, diciembre 5 de 2017 Nada m\u00e1s aplaudido en determinados momentos que la Ley 1787 de 2016 por la que tres Ministerios, Salud, Agricultura y Justicia, reglamentar\u00edan conjuntamente todo lo concerniente al control y la regulaci\u00f3n de las actividades de\u00a0cultivo, producci\u00f3n, fabricaci\u00f3n, adquisici\u00f3n de cualquier t\u00edtulo, importaci\u00f3n, exportaci\u00f3n, almacenamiento, transporte, comercializaci\u00f3n, distribuci\u00f3n, [&hellip;]<\/p>\n","protected":false},"author":1,"featured_media":14023,"comment_status":"open","ping_status":"open","sticky":false,"template":"","format":"standard","meta":{"advanced_seo_description":"","jetpack_seo_html_title":"","jetpack_seo_noindex":false,"_jetpack_memberships_contains_paid_content":false,"footnotes":""},"categories":[114,79,102,97,98],"tags":[],"class_list":["post-14022","post","type-post","status-publish","format-standard","has-post-thumbnail","hentry","category-agro","category-aurelio-suarez-montoya","category-economia","category-imperialismo-y-neoliberalismo","category-politica"],"jetpack_featured_media_url":"https:\/\/i0.wp.com\/moir.com.co\/web\/wp-content\/uploads\/2017\/12\/barichara.jpg?fit=650%2C466&ssl=1","jetpack-related-posts":[{"id":13753,"url":"https:\/\/moir.com.co\/web\/rueda-de-prensa-de-aurelio-suarez-montoya-en-pereira\/","url_meta":{"origin":14022,"position":0},"title":"Rueda de prensa de Aurelio Su\u00e1rez Montoya en Pereira","author":"admin","date":"noviembre 7, 2017","format":"video","excerpt":"Rueda de prensa con uno de los economistas m\u00e1s importantes del pa\u00eds, Aurelio Su\u00e1rez, hablar\u00e1 sobre temas de relevancia para el departamento de Risaralda. Pereira, noviembre 5 de 2017","rel":"","context":"En \u00abAgro\u00bb","block_context":{"text":"Agro","link":"https:\/\/moir.com.co\/web\/category\/temas\/agro\/"},"img":{"alt_text":"","src":"","width":0,"height":0},"classes":[]},{"id":14351,"url":"https:\/\/moir.com.co\/web\/video-alarmante-incremento-de-la-desigualdad-economica-en-el-mundo-aurelio-suarez-montoya\/","url_meta":{"origin":14022,"position":1},"title":"Video: Alarmante incremento de la desigualdad econ\u00f3mica en el mundo, Aurelio Su\u00e1rez Montoya","author":"admin","date":"enero 29, 2018","format":"video","excerpt":"Bogot\u00e1, enero 29 de 2018","rel":"","context":"En \u00abAurelio Su\u00e1rez Montoya\u00bb","block_context":{"text":"Aurelio Su\u00e1rez Montoya","link":"https:\/\/moir.com.co\/web\/category\/bitacoras\/aurelio-suarez-montoya\/"},"img":{"alt_text":"","src":"","width":0,"height":0},"classes":[]},{"id":17295,"url":"https:\/\/moir.com.co\/web\/video-intervencion-de-aurelio-suarez-montoya-en-la-audiencia-el-agro-en-crisis\/","url_meta":{"origin":14022,"position":2},"title":"Video: Intervenci\u00f3n de Aurelio Su\u00e1rez Montoya en la audiencia &#8220;El agro en crisis&#8221;","author":"admin","date":"abril 14, 2019","format":"video","excerpt":"Bogot\u00e1, abril 13 de 2019","rel":"","context":"En \u00abAgro\u00bb","block_context":{"text":"Agro","link":"https:\/\/moir.com.co\/web\/category\/temas\/agro\/"},"img":{"alt_text":"","src":"","width":0,"height":0},"classes":[]},{"id":13410,"url":"https:\/\/moir.com.co\/web\/video-intervencion-de-aurelio-suarez-montoya-en-el-foro-por-la-financiacion-de-la-educacion-convocado-por-fecode\/","url_meta":{"origin":14022,"position":3},"title":"Video: Intervenci\u00f3n de Aurelio Su\u00e1rez Montoya en el Foro por la Financiaci\u00f3n de la Educaci\u00f3n convocado por Fecode","author":"admin","date":"septiembre 29, 2017","format":"video","excerpt":"Bogot\u00e1, septiembre 26 de 2017","rel":"","context":"En \u00abAurelio Su\u00e1rez Montoya\u00bb","block_context":{"text":"Aurelio Su\u00e1rez Montoya","link":"https:\/\/moir.com.co\/web\/category\/bitacoras\/aurelio-suarez-montoya\/"},"img":{"alt_text":"","src":"","width":0,"height":0},"classes":[]},{"id":17331,"url":"https:\/\/moir.com.co\/web\/video-intervencion-de-aurelio-suarez-montoya-en-la-audiencia-publica-s-o-s-por-la-industria-textil-confecciones\/","url_meta":{"origin":14022,"position":4},"title":"Video: Intervenci\u00f3n de Aurelio Su\u00e1rez Montoya en la audiencia p\u00fablica: &#8220;S.O.S por la industria textil confecciones&#8221;","author":"admin","date":"abril 23, 2019","format":"video","excerpt":"Bogot\u00e1, abril 22 de 2019","rel":"","context":"En \u00abAurelio Su\u00e1rez Montoya\u00bb","block_context":{"text":"Aurelio Su\u00e1rez Montoya","link":"https:\/\/moir.com.co\/web\/category\/bitacoras\/aurelio-suarez-montoya\/"},"img":{"alt_text":"","src":"","width":0,"height":0},"classes":[]},{"id":15797,"url":"https:\/\/moir.com.co\/web\/video-economia-al-dia-con-yina-ramos-una-vision-de-la-economia-colombiana-2018-con-aurelio-suarez-montoya\/","url_meta":{"origin":14022,"position":5},"title":"Video: Econom\u00eda al D\u00eda con Yina Ramos: Una visi\u00f3n de la econom\u00eda colombiana 2018, con Aurelio Su\u00e1rez Montoya","author":"admin","date":"agosto 30, 2018","format":"video","excerpt":"Bogot\u00e1, agosto 27 de 2018","rel":"","context":"En \u00abAgro\u00bb","block_context":{"text":"Agro","link":"https:\/\/moir.com.co\/web\/category\/temas\/agro\/"},"img":{"alt_text":"","src":"","width":0,"height":0},"classes":[]}],"jetpack_sharing_enabled":true,"_links":{"self":[{"href":"https:\/\/moir.com.co\/web\/wp-json\/wp\/v2\/posts\/14022","targetHints":{"allow":["GET"]}}],"collection":[{"href":"https:\/\/moir.com.co\/web\/wp-json\/wp\/v2\/posts"}],"about":[{"href":"https:\/\/moir.com.co\/web\/wp-json\/wp\/v2\/types\/post"}],"author":[{"embeddable":true,"href":"https:\/\/moir.com.co\/web\/wp-json\/wp\/v2\/users\/1"}],"replies":[{"embeddable":true,"href":"https:\/\/moir.com.co\/web\/wp-json\/wp\/v2\/comments?post=14022"}],"version-history":[{"count":1,"href":"https:\/\/moir.com.co\/web\/wp-json\/wp\/v2\/posts\/14022\/revisions"}],"predecessor-version":[{"id":14024,"href":"https:\/\/moir.com.co\/web\/wp-json\/wp\/v2\/posts\/14022\/revisions\/14024"}],"wp:featuredmedia":[{"embeddable":true,"href":"https:\/\/moir.com.co\/web\/wp-json\/wp\/v2\/media\/14023"}],"wp:attachment":[{"href":"https:\/\/moir.com.co\/web\/wp-json\/wp\/v2\/media?parent=14022"}],"wp:term":[{"taxonomy":"category","embeddable":true,"href":"https:\/\/moir.com.co\/web\/wp-json\/wp\/v2\/categories?post=14022"},{"taxonomy":"post_tag","embeddable":true,"href":"https:\/\/moir.com.co\/web\/wp-json\/wp\/v2\/tags?post=14022"}],"curies":[{"name":"wp","href":"https:\/\/api.w.org\/{rel}","templated":true}]}}